{"id":4640,"date":"2020-05-02T15:02:46","date_gmt":"2020-05-02T15:02:46","guid":{"rendered":"http:\/\/kostolna.fara.sk\/?p=4640"},"modified":"2020-05-02T15:02:46","modified_gmt":"2020-05-02T15:02:46","slug":"svata-omsa-szentmise-online-3-5-2020-1100-hod","status":"publish","type":"post","link":"https:\/\/www.farakostolna.sk\/?p=4640","title":{"rendered":"Sv\u00e4t\u00e1 om\u0161a \/ Szentmise \u2013 online 3.5.2020, 11:00 hod"},"content":{"rendered":"\n\t\t\t\t\n\t\t\t\t\n<div class=\"wp-block-image\"><figure class=\"alignleft is-resized\"><img loading=\"lazy\" decoding=\"async\" src=\"http:\/\/kostolna.fara.sk\/wp-content\/uploads\/2020\/04\/unnamed.jpg\" alt=\"\" class=\"wp-image-4589\" width=\"336\" height=\"172\"\/><\/figure><\/div>\n\n\n\n<p>Mil\u00ed veriaci, v nede\u013eu 3.5.2020 o 11:00 hod. budeme op\u00e4\u0165 vysiela\u0165 online sv\u00e4t\u00fa om\u0161u z farsk\u00e9ho kostola v Kostolnej pri Dunaji. <\/p>\n\n\n<p><!--more--><\/p>\n\n\n<p>Sv\u00e4t\u00e1 om\u0161a je sl\u00e1ven\u00e1 na konkr\u00e9tny \u00famysel, ale do koment\u00e1rov k tomuto statusu alebo do s\u00fakromnej spr\u00e1vy m\u00f4\u017eete znovu nap\u00edsa\u0165 aj svoj \u00famysel, ktor\u00fd zahrniem do svojich modlitieb na za\u010diatku om\u0161e. Sv\u00e4t\u00e9 prij\u00edmanie m\u00f4\u017eete prija\u0165 osobne v nede\u013eu poobede tentokr\u00e1t od 13:30 do 15:30 hod.Te\u0161\u00edm sa na v\u00e1s.<\/p>\n\n\n\n<p><\/p>\n\n\n\n<p>Kedves H\u00edvek!<br>2020. m\u00e1jus 3-\u00e1n, vas\u00e1rnap, 11.00 \u00f3rakor ism\u00e9t figyelemmel k\u00f6vethetik az online szentmise-k\u00f6zvet\u00edt\u00e9st az egyh\u00e1zfai pl\u00e9b\u00e1niatemplomb\u00f3l. <\/p>\n\n\n\n<p>A szentmis\u00e9t konkr\u00e9t sz\u00e1nd\u00e9kra fogom bemutatni, hozz\u00e1sz\u00f3l\u00e1sban vagy \u00fczenetben azonban elk\u00fcldhetik saj\u00e1t sz\u00e1nd\u00e9kaikat, melyeket majd im\u00e1ba foglalok a szentmise elej\u00e9n. \u00c1ldoztatni vas\u00e1rnap 13.30 \u00e9s 15.30 k\u00f6z\u00f6tt fogok a pl\u00e9b\u00e1niaudvaron.Mindenkit szeretettel v\u00e1rok. <\/p>\n\n\n\n<p><a href=\"https:\/\/www.facebook.com\/fara.kostolna\/videos\/684904408935994\/\">Z\u00e1znam zo sv\u00e4tej om\u0161e je dostupn\u00fd tu.<\/a><\/p>\n\n\n\n<p><a href=\"https:\/\/drive.google.com\/file\/d\/18_PpHR9yxEn0dNFLfs7WrOE8xDtLw6L0\">Farsk\u00e9 oznamy<\/a><\/p>\n\t\t\t\t","protected":false},"excerpt":{"rendered":"<p>Mil\u00ed veriaci, v nede\u013eu 3.5.2020 o 11:00 hod. budeme op\u00e4\u0165 vysiela\u0165 online sv\u00e4t\u00fa om\u0161u z farsk\u00e9ho kostola v Kostolnej pri Dunaji.<\/p>\n","protected":false},"author":6,"featured_media":4589,"comment_status":"closed","ping_status":"closed","sticky":false,"template":"","format":"standard","meta":{"footnotes":""},"categories":[17],"tags":[],"class_list":{"0":"entry","1":"post","2":"publish","3":"author-palszm-sk","4":"has-excerpt","5":"has-more-link","6":"post-4640","8":"format-standard","9":"has-post-thumbnail","10":"category-sv-omsa"},"_links":{"self":[{"href":"https:\/\/www.farakostolna.sk\/index.php?rest_route=\/wp\/v2\/posts\/4640","targetHints":{"allow":["GET"]}}],"collection":[{"href":"https:\/\/www.farakostolna.sk\/index.php?rest_route=\/wp\/v2\/posts"}],"about":[{"href":"https:\/\/www.farakostolna.sk\/index.php?rest_route=\/wp\/v2\/types\/post"}],"author":[{"embeddable":true,"href":"https:\/\/www.farakostolna.sk\/index.php?rest_route=\/wp\/v2\/users\/6"}],"replies":[{"embeddable":true,"href":"https:\/\/www.farakostolna.sk\/index.php?rest_route=%2Fwp%2Fv2%2Fcomments&post=4640"}],"version-history":[{"count":0,"href":"https:\/\/www.farakostolna.sk\/index.php?rest_route=\/wp\/v2\/posts\/4640\/revisions"}],"wp:featuredmedia":[{"embeddable":true,"href":"https:\/\/www.farakostolna.sk\/index.php?rest_route=\/"}],"wp:attachment":[{"href":"https:\/\/www.farakostolna.sk\/index.php?rest_route=%2Fwp%2Fv2%2Fmedia&parent=4640"}],"wp:term":[{"taxonomy":"category","embeddable":true,"href":"https:\/\/www.farakostolna.sk\/index.php?rest_route=%2Fwp%2Fv2%2Fcategories&post=4640"},{"taxonomy":"post_tag","embeddable":true,"href":"https:\/\/www.farakostolna.sk\/index.php?rest_route=%2Fwp%2Fv2%2Ftags&post=4640"}],"curies":[{"name":"wp","href":"https:\/\/api.w.org\/{rel}","templated":true}]}}