{"id":4624,"date":"2020-04-29T12:37:21","date_gmt":"2020-04-29T12:37:21","guid":{"rendered":"http:\/\/kostolna.fara.sk\/?p=4624"},"modified":"2020-04-29T12:37:21","modified_gmt":"2020-04-29T12:37:21","slug":"budeme-mat-cerveny-kostol","status":"publish","type":"post","link":"https:\/\/www.farakostolna.sk\/?p=4624","title":{"rendered":"Budeme ma\u0165 \u010derven\u00fd kostol? \/ Piros lesz a templom?"},"content":{"rendered":"\n\t\t\t\t\n\t\t\t\t\n<div class=\"wp-block-image\"><figure class=\"alignleft is-resized\"><img loading=\"lazy\" decoding=\"async\" src=\"http:\/\/kostolna.fara.sk\/wp-content\/uploads\/2020\/04\/IMG_20200429_112419-1024x768.jpg\" alt=\"\" class=\"wp-image-4626\" width=\"366\" height=\"275\"\/><\/figure><\/div>\n\n\n\n<p>Po zimnej prest\u00e1vke sme sa op\u00e4\u0165 pustili do rekon\u0161trukcie fas\u00e1dy kostola. Viacer\u00fdch zasko\u010dil \u010derven\u00fd n\u00e1ter na starej \u010dasti kostola. Niektor\u00ed ma kv\u00f4li tomu aj kontaktovali.<\/p>\n\n\n<p><!--more--><\/p>\n\n\n<p>Na vysvetlenie je dobr\u00e9 poveda\u0165, \u017ee \u010derven\u00fd n\u00e1ter je len penetra\u010dn\u00fd podklad pred \u010fal\u0161\u00edmi pr\u00e1cami, ktor\u00e9 s\u00fa potrebn\u00e9 pred samotn\u00fdm vonkaj\u0161\u00edm n\u00e1terom. Pod\u013ea vyjadren\u00ed Krajsk\u00e9ho pamiatkov\u00e9ho \u00faradu v Bratislave je nutn\u00e9 cel\u00fa star\u00fa \u010das\u0165 kostola nama\u013eova\u0165 takzvan\u00fdm lomen\u00fdm bielym odtie\u0148om. Hoci to bude pre n\u00e1s po \u017eltej farbe ur\u010ditou zmenou, na ktor\u00fa si budeme musie\u0165 zvykn\u00fa\u0165, predsa len to nebude \u010derven\u00e1\u2026 Do starej \u010dasti steny kostola bol vlo\u017een\u00fd aj odkaz s pozdravom pre bud\u00face gener\u00e1cie. Do krabi\u010dky boli vlo\u017een\u00e9 aj s\u00fa\u010dasn\u00e9 slovensk\u00e9 euromince a k\u013e\u00fa\u010d.<br><\/p>\n\n\n\n<p>Chcem sa z\u00e1rove\u0148 po\u010fakova\u0165 v\u0161etk\u00fdm, ktor\u00ed aj v tomto ne\u013eahkom \u010dase podporuj\u00fa chod farnosti a opravu kostola a povzbudi\u0165 i \u010fal\u0161\u00edch, ktor\u00fdm to ich mo\u017enosti dovolia.<br><\/p>\n\n\n\n<p>S \u00factou, <\/p>\n\n\n\n<p>Pavol Gajdo\u0161, v\u00e1\u0161 far\u00e1r<\/p>\n\n\n\n<p><\/p>\n\n\n\n<p>A\u00a0t\u00e9li pihen\u0151 ut\u00e1n ism\u00e9t folytatjuk a\u00a0pl\u00e9b\u00e1niatemplom homlokzat\u00e1nak fel\u00faj\u00edt\u00e1s\u00e1t. T\u00f6bben is meg\u00fctk\u00f6ztek a templom r\u00e9gi r\u00e9sz\u00e9n l\u00e1that\u00f3 piros sz\u00ednen. Volt, aki fel is h\u00edvott ez \u00fcgyben.<\/p>\n\n\n\n<p>Magyar\u00e1zatk\u00e9ppen\nszolg\u00e1ljon, hogy a piros sz\u00edn csup\u00e1n alapfest\u00e9kk\u00e9nt szolg\u00e1l a tov\u00e1bbi\nmunk\u00e1latok el\u0151tt. A Pozsony Megyei M\u0171eml\u00e9kv\u00e9delmi Hivatal nyilatkozata alapj\u00e1n\na templom eg\u00e9sz r\u00e9gi r\u00e9sz\u00e9t \u00fan. t\u00f6rtfeh\u00e9rre sz\u00fcks\u00e9ges festeni. B\u00e1r a s\u00e1rga ut\u00e1n\nez kiss\u00e9 szokatlanul fog hatni, m\u00e9gsem piros lesz\u2026 A r\u00e9gi r\u00e9sz fal\u00e1ba \u00fczenetet\nis helyezt\u00fcnk a j\u00f6v\u0151 gener\u00e1ci\u00f3k sz\u00e1m\u00e1ra. Egy dobozba jelenleg \u00e9rv\u00e9nyes szlov\u00e1k eur\u00f3\u00e9rm\u00e9k\n\u00e9s egy kulcs ker\u00fclt. <\/p>\n\n\n\n<p>Egy\u00fattal\nszeretn\u00e9k k\u00f6sz\u00f6netet mondani mindazoknak, akik ezekben a nem k\u00f6nny\u0171 id\u0151kben is\nadakoznak a pl\u00e9b\u00e1nia m\u0171k\u00f6d\u00e9si k\u00f6lts\u00e9geire \u00e9s a templom fel\u00faj\u00edt\u00e1s\u00e1ra, ugyanakkor\nm\u00e1sokat is szeretn\u00e9k erre buzd\u00edtani, amennyiben ezt k\u00f6r\u00fclm\u00e9nyeik lehet\u0151v\u00e9\nteszik.<\/p>\n\n\n\n<p>Tisztelettel,<\/p>\n\n\n\n<p>Gajdo\u0161 P\u00e1l\npl\u00e9b\u00e1nos<\/p>\n\n\n\n<p><a href=\"https:\/\/photos.app.goo.gl\/4zyvyW6oac2wPZTg8\">Fotky z rekon\u0161trukcie kostola &#8211; tu.<\/a><\/p>\n\t\t\t\t","protected":false},"excerpt":{"rendered":"<p>Po zimnej prest\u00e1vke sme sa op\u00e4\u0165 pustili do rekon\u0161trukcie fas\u00e1dy kostola. Viacer\u00fdch zasko\u010dil \u010derven\u00fd n\u00e1ter na starej \u010dasti kostola. Niektor\u00ed ma kv\u00f4li tomu aj kontaktovali.<\/p>\n","protected":false},"author":6,"featured_media":4626,"comment_status":"closed","ping_status":"closed","sticky":false,"template":"","format":"standard","meta":{"footnotes":""},"categories":[15],"tags":[],"class_list":{"0":"entry","1":"post","2":"publish","3":"author-palszm-sk","4":"has-excerpt","5":"has-more-link","6":"post-4624","8":"format-standard","9":"has-post-thumbnail","10":"category-rekonstrukcia-kostola"},"_links":{"self":[{"href":"https:\/\/www.farakostolna.sk\/index.php?rest_route=\/wp\/v2\/posts\/4624","targetHints":{"allow":["GET"]}}],"collection":[{"href":"https:\/\/www.farakostolna.sk\/index.php?rest_route=\/wp\/v2\/posts"}],"about":[{"href":"https:\/\/www.farakostolna.sk\/index.php?rest_route=\/wp\/v2\/types\/post"}],"author":[{"embeddable":true,"href":"https:\/\/www.farakostolna.sk\/index.php?rest_route=\/wp\/v2\/users\/6"}],"replies":[{"embeddable":true,"href":"https:\/\/www.farakostolna.sk\/index.php?rest_route=%2Fwp%2Fv2%2Fcomments&post=4624"}],"version-history":[{"count":0,"href":"https:\/\/www.farakostolna.sk\/index.php?rest_route=\/wp\/v2\/posts\/4624\/revisions"}],"wp:featuredmedia":[{"embeddable":true,"href":"https:\/\/www.farakostolna.sk\/index.php?rest_route=\/"}],"wp:attachment":[{"href":"https:\/\/www.farakostolna.sk\/index.php?rest_route=%2Fwp%2Fv2%2Fmedia&parent=4624"}],"wp:term":[{"taxonomy":"category","embeddable":true,"href":"https:\/\/www.farakostolna.sk\/index.php?rest_route=%2Fwp%2Fv2%2Fcategories&post=4624"},{"taxonomy":"post_tag","embeddable":true,"href":"https:\/\/www.farakostolna.sk\/index.php?rest_route=%2Fwp%2Fv2%2Ftags&post=4624"}],"curies":[{"name":"wp","href":"https:\/\/api.w.org\/{rel}","templated":true}]}}