{"id":4612,"date":"2020-04-25T14:31:53","date_gmt":"2020-04-25T14:31:53","guid":{"rendered":"http:\/\/kostolna.fara.sk\/?p=4612"},"modified":"2020-04-25T14:31:53","modified_gmt":"2020-04-25T14:31:53","slug":"svate-prijimanie-pre-vas-szentaldozas","status":"publish","type":"post","link":"https:\/\/www.farakostolna.sk\/?p=4612","title":{"rendered":"Sv\u00e4t\u00e9 prij\u00edmanie pre v\u00e1s \/ Szent\u00e1ldoz\u00e1s"},"content":{"rendered":"\n\t\t\t\t\n\t\t\t\t\n<div class=\"wp-block-image\"><figure class=\"aligncenter\"><img decoding=\"async\" src=\"http:\/\/kostolna.fara.sk\/wp-content\/uploads\/2020\/04\/IMG_20200425_123151-1024x768.jpg\" alt=\"\" class=\"wp-image-4611\"\/><\/figure><\/div>\n\n\n\n<p>Ka\u017ed\u00fa nede\u013eu a\u017e do\nodvolania v\u00e1s poz\u00fdvam poobede od 13:30 do 15:30 hod. prija\u0165 \u017eiv\u00e9ho P\u00e1na Je\u017ei\u0161a\nv&nbsp;Eucharistii vonku na farskom dvore v&nbsp;Kostolnej pri Dunaji. Samozrejme,\n\u017ee aj na dvore je potrebn\u00e9 v\u0161etk\u00fdm dodr\u017eiava\u0165 hygienick\u00e9 predpisy pre bezpe\u010dn\u00fd\nstyk medzi osobami. V&nbsp;otvorenom kostole zas m\u00f4\u017eete na chv\u00ed\u013eku spo\u010din\u00fa\u0165\nv&nbsp;t\u00f4ni bl\u00edzkosti n\u00e1\u0161ho P\u00e1na. V&nbsp;pr\u00edpade potreby som pripraven\u00fd v\u00e1m\nvysl\u00fa\u017ei\u0165 i&nbsp;sviatos\u0165 zmierenia. Te\u0161\u00edm sa na v\u00e1s. <\/p>\n\n\n<p><!--more--><\/p>\n\n\n<p>Zo slov sv. J\u00e1na\nPavla II. z&nbsp;encykliky Ecclesia de\nEucharistia: Z ve\u013ekono\u010dn\u00e9ho tajomstva sa rod\u00ed Cirkev. Pr\u00e1ve preto sa\nEucharistia, ktor\u00e1 je sviatos\u0165ou ve\u013ekono\u010dn\u00e9ho tajomstva par excellence, st\u00e1va\nstredobodom cirkevn\u00e9ho \u017eivota. Eucharistia je tajomstvo viery a z\u00e1rove\u0148\n\u201etajomstvo svetla\u201c. V\u017edy znova, ke\u010f ju Cirkev sl\u00e1vi, veriaci m\u00f4\u017eu ist\u00fdm\nsp\u00f4sobom znova pre\u017ei\u0165 sk\u00fasenos\u0165 dvoch emauzsk\u00fdch u\u010den\u00edkov: \u201eotvorili sa im o\u010di\na spoznali ho\u201c (Lk 24, 31)<\/p>\n\n\n\n<p>Minden vas\u00e1rnap d\u00e9lut\u00e1n 13.30-t\u00f3l 15.30-ig lehet\u0151s\u00e9g lesz szent\u00e1ldoz\u00e1shoz\nj\u00e1rulni Egyh\u00e1zf\u00e1n a pl\u00e9b\u00e1niaudvaron. Term\u00e9szetesen be kell tartani a higi\u00e9niai\nel\u0151\u00edr\u00e1sokat. A nyitott templomban lehet\u0151s\u00e9g ny\u00edlik egy kicsit megpihenni az \u00dar\njelenl\u00e9t\u00e9ben. Sz\u00fcks\u00e9g eset\u00e9n gy\u00f3ntatok is. Mindez eg\u00e9szen visszavon\u00e1sig \u00e9rv\u00e9nyes.<\/p>\n\n\n\n<p>II. J\u00e1nos P\u00e1l Ecclesia\nde Eucharistia c.\nenciklik\u00e1j\u00e1b\u00f3l: <em>A h\u00fasv\u00e9ti miszt\u00e9riumb\u00f3l\nsz\u00fcletik az Egyh\u00e1z. \u00c9ppen ez\u00e9rt az Eucharisztia, ami els\u0151sorban a h\u00fasv\u00e9ti\nmiszt\u00e9rium szents\u00e9ge, <\/em><em>az egyh\u00e1zi \u00e9let k\u00f6z\u00e9ppontja<\/em><em>. Az Eucharisztia a hit miszt\u00e9riuma, s ugyanakkor a \u201evil\u00e1goss\u00e1g\nmiszt\u00e9riuma\u201d. Valah\u00e1nyszor az Egyh\u00e1z \u00fcnnepli, a h\u00edv\u0151k bizonyos m\u00f3don \u00e1t\u00e9lhetik\na k\u00e9t emmauszi tan\u00edtv\u00e1ny \u00e9lm\u00e9ny\u00e9t: \u201eMegny\u00edlt a szem\u00fck \u00e9s f\u00f6lismert\u00e9k \u0151t\u201d <\/em><em>(Lk\n24,31)<\/em><em>.<\/em><\/p>\n\t\t\t\t","protected":false},"excerpt":{"rendered":"<p>Ka\u017ed\u00fa nede\u013eu a\u017e do odvolania v\u00e1s poz\u00fdvam poobede od 13:30 do 15:30 hod. prija\u0165 \u017eiv\u00e9ho P\u00e1na Je\u017ei\u0161a v&nbsp;Eucharistii vonku na farskom dvore v&nbsp;Kostolnej pri Dunaji. Samozrejme, \u017ee aj na dvore je potrebn\u00e9 v\u0161etk\u00fdm dodr\u017eiava\u0165 hygienick\u00e9 predpisy pre bezpe\u010dn\u00fd styk medzi osobami. V&nbsp;otvorenom kostole zas m\u00f4\u017eete na chv\u00ed\u013eku spo\u010din\u00fa\u0165 v&nbsp;t\u00f4ni bl\u00edzkosti n\u00e1\u0161ho P\u00e1na. V&nbsp;pr\u00edpade potreby som &#8230; <span class=\"more\"><a class=\"more-link\" href=\"https:\/\/www.farakostolna.sk\/?p=4612\">[\u010c\u00edta\u0165 \u010falej&#8230;]<\/a><\/span><\/p>\n","protected":false},"author":6,"featured_media":4611,"comment_status":"closed","ping_status":"closed","sticky":false,"template":"","format":"standard","meta":{"footnotes":""},"categories":[18],"tags":[],"class_list":{"0":"entry","1":"post","2":"publish","3":"author-palszm-sk","4":"has-excerpt","5":"has-more-link","6":"post-4612","8":"format-standard","9":"has-post-thumbnail","10":"category-svate-prijmanie"},"_links":{"self":[{"href":"https:\/\/www.farakostolna.sk\/index.php?rest_route=\/wp\/v2\/posts\/4612","targetHints":{"allow":["GET"]}}],"collection":[{"href":"https:\/\/www.farakostolna.sk\/index.php?rest_route=\/wp\/v2\/posts"}],"about":[{"href":"https:\/\/www.farakostolna.sk\/index.php?rest_route=\/wp\/v2\/types\/post"}],"author":[{"embeddable":true,"href":"https:\/\/www.farakostolna.sk\/index.php?rest_route=\/wp\/v2\/users\/6"}],"replies":[{"embeddable":true,"href":"https:\/\/www.farakostolna.sk\/index.php?rest_route=%2Fwp%2Fv2%2Fcomments&post=4612"}],"version-history":[{"count":0,"href":"https:\/\/www.farakostolna.sk\/index.php?rest_route=\/wp\/v2\/posts\/4612\/revisions"}],"wp:featuredmedia":[{"embeddable":true,"href":"https:\/\/www.farakostolna.sk\/index.php?rest_route=\/"}],"wp:attachment":[{"href":"https:\/\/www.farakostolna.sk\/index.php?rest_route=%2Fwp%2Fv2%2Fmedia&parent=4612"}],"wp:term":[{"taxonomy":"category","embeddable":true,"href":"https:\/\/www.farakostolna.sk\/index.php?rest_route=%2Fwp%2Fv2%2Fcategories&post=4612"},{"taxonomy":"post_tag","embeddable":true,"href":"https:\/\/www.farakostolna.sk\/index.php?rest_route=%2Fwp%2Fv2%2Ftags&post=4612"}],"curies":[{"name":"wp","href":"https:\/\/api.w.org\/{rel}","templated":true}]}}