{"id":4601,"date":"2020-04-18T17:16:52","date_gmt":"2020-04-18T17:16:52","guid":{"rendered":"http:\/\/kostolna.fara.sk\/?p=4601"},"modified":"2020-04-18T17:16:52","modified_gmt":"2020-04-18T17:16:52","slug":"svata-omsa-szentmise-online-19-4-2020-1100-hod","status":"publish","type":"post","link":"https:\/\/www.farakostolna.sk\/?p=4601","title":{"rendered":"Sv\u00e4t\u00e1 om\u0161a \/ Szentmise \u2013 online 19.4.2020, 11:00 hod"},"content":{"rendered":"\n\t\t\t\t\n\t\t\t\t\n<div class=\"wp-block-image\"><figure class=\"alignleft is-resized\"><img loading=\"lazy\" decoding=\"async\" src=\"http:\/\/kostolna.fara.sk\/wp-content\/uploads\/2020\/04\/unnamed.jpg\" alt=\"\" class=\"wp-image-4589\" width=\"334\" height=\"171\"\/><\/figure><\/div>\n\n\n\n<p>Sv\u00e4t\u00e1 om\u0161a z n\u00e1\u0161ho farsk\u00e9ho kostola je a\u017e do odvolania ka\u017ed\u00fa nede\u013eu vysielan\u00e1 na\u017eivo o 11:00. Sledujte cez Facebook Fara Kostoln\u00e1, alebo cez str\u00e1nku www.kostolna.fara.sk. Pripom\u00ednam, \u017ee k sledovaniu sv\u00e4tej om\u0161e nepotrebujete ma\u0165 zriaden\u00fd Facebook.<\/p>\n\n\n<p><!--more--><\/p>\n\n\n<p>Vas\u00e1rnaponk\u00e9nt \u00e9l\u0151 szentmise-k\u00f6zvet\u00edt\u00e9st n\u00e9zhetnek a pl\u00e9n\u00e1niatemplomb\u00f3l d\u00e9lel\u0151tt 11 \u00f3r\u00e1t\u00f3l. A www.kostolna.fara.sk. honlapon tal\u00e1lhatj\u00e1k az el\u00e9rhet\u0151s\u00e9get, \u00e9s nem kell regisztr\u00e1ci\u00f3 semmilyen internetes oldalra.<\/p>\n\n\n\n<p><a href=\"https:\/\/www.facebook.com\/fara.kostolna\/videos\/675527229873712\/\">Z\u00e1znam zo sv\u00e4tej om\u0161e je dostupn\u00fd tu.<\/a><\/p>\n\n\n\n<p><a href=\"https:\/\/drive.google.com\/open?id=1l81-JuYvN4Z1k0NoO2AxUBQ1Swjz1_dh\">Farsk\u00e9 oznamy<\/a><\/p>\n\t\t\t\t","protected":false},"excerpt":{"rendered":"<p>Sv\u00e4t\u00e1 om\u0161a z n\u00e1\u0161ho farsk\u00e9ho kostola je a\u017e do odvolania ka\u017ed\u00fa nede\u013eu vysielan\u00e1 na\u017eivo o 11:00. Sledujte cez Facebook Fara Kostoln\u00e1, alebo cez str\u00e1nku www.kostolna.fara.sk. Pripom\u00ednam, \u017ee k sledovaniu sv\u00e4tej om\u0161e nepotrebujete ma\u0165 zriaden\u00fd Facebook.<\/p>\n","protected":false},"author":7,"featured_media":4589,"comment_status":"closed","ping_status":"closed","sticky":false,"template":"","format":"standard","meta":{"footnotes":""},"categories":[17],"tags":[],"class_list":{"0":"entry","1":"post","2":"publish","3":"author-slado89gmail-com","4":"has-excerpt","5":"has-more-link","6":"post-4601","8":"format-standard","9":"has-post-thumbnail","10":"category-sv-omsa"},"_links":{"self":[{"href":"https:\/\/www.farakostolna.sk\/index.php?rest_route=\/wp\/v2\/posts\/4601","targetHints":{"allow":["GET"]}}],"collection":[{"href":"https:\/\/www.farakostolna.sk\/index.php?rest_route=\/wp\/v2\/posts"}],"about":[{"href":"https:\/\/www.farakostolna.sk\/index.php?rest_route=\/wp\/v2\/types\/post"}],"author":[{"embeddable":true,"href":"https:\/\/www.farakostolna.sk\/index.php?rest_route=\/wp\/v2\/users\/7"}],"replies":[{"embeddable":true,"href":"https:\/\/www.farakostolna.sk\/index.php?rest_route=%2Fwp%2Fv2%2Fcomments&post=4601"}],"version-history":[{"count":0,"href":"https:\/\/www.farakostolna.sk\/index.php?rest_route=\/wp\/v2\/posts\/4601\/revisions"}],"wp:featuredmedia":[{"embeddable":true,"href":"https:\/\/www.farakostolna.sk\/index.php?rest_route=\/"}],"wp:attachment":[{"href":"https:\/\/www.farakostolna.sk\/index.php?rest_route=%2Fwp%2Fv2%2Fmedia&parent=4601"}],"wp:term":[{"taxonomy":"category","embeddable":true,"href":"https:\/\/www.farakostolna.sk\/index.php?rest_route=%2Fwp%2Fv2%2Fcategories&post=4601"},{"taxonomy":"post_tag","embeddable":true,"href":"https:\/\/www.farakostolna.sk\/index.php?rest_route=%2Fwp%2Fv2%2Ftags&post=4601"}],"curies":[{"name":"wp","href":"https:\/\/api.w.org\/{rel}","templated":true}]}}