{"id":4567,"date":"2020-03-27T20:32:15","date_gmt":"2020-03-27T20:32:15","guid":{"rendered":"http:\/\/kostolna.fara.sk\/?p=4567"},"modified":"2020-03-27T20:32:15","modified_gmt":"2020-03-27T20:32:15","slug":"sviatost-zmierenia-v-nasej-farnosti-a-v-senci","status":"publish","type":"post","link":"https:\/\/www.farakostolna.sk\/?p=4567","title":{"rendered":"Sviatos\u0165 zmierenia v na\u0161ej farnosti a v Senci"},"content":{"rendered":"\n\t\t\t\t\n\t\t\t\t\n<div class=\"wp-block-image\"><figure class=\"alignright is-resized\"><img loading=\"lazy\" decoding=\"async\" src=\"http:\/\/kostolna.fara.sk\/wp-content\/uploads\/2020\/03\/image.jpeg\" alt=\"\" class=\"wp-image-4568\" width=\"225\" height=\"230\"\/><\/figure><\/div>\n\n\n\n<p>Sviatos\u0165 zmierenia bude vysluhovan\u00e1 v na\u0161ej farnosti:<\/p>\n\n\n<p><!--more--><\/p>\n\n\n<ol class=\"wp-block-list\"><li><strong>28. marca 2020<\/strong> v sobotu v kaplnke (alebo pred kaplnkou) v <strong>Hrubom \u0160\u00fare od 13:00 do 14:00<\/strong> (pod\u013ea potreby aj dlh\u0161ie) a taktie\u017e sa bude d\u00e1va\u0165 sv. prij\u00edmanie.<\/li><li><strong>5. apr\u00edla 2020<\/strong> na Kvetn\u00fa nede\u013eu <strong>od 14:00 do 16:00<\/strong> (v dobrom po\u010das\u00ed na farskom dvore) a taktie\u017e sa bude d\u00e1va\u0165 sv. prij\u00edmanie.<\/li><\/ol>\n\n\n\n<p>V Senci sa spoved\u00e1 v 4. apr\u00edla v sobotu od 9:00 do 12:00 a 15:00 do 18:00. V nede\u013eu 5. apr\u00edla od 9:00 do 12:00 a taktie\u017e sa bude d\u00e1va\u0165 sv. prij\u00edmanie ka\u017ed\u00fa pol hodinu.<\/p>\n\n\n\n<p><a href=\"https:\/\/drive.google.com\/file\/d\/1vPmAIi6i_fsuq5PxFFIrPC4MiXwV43zO\/view?usp=drivesdk\">In\u0161trukcie k vysluhovaniu sviatosti zmierenia &#8211; strana 3<\/a><\/p>\n\n\n\n<p>Szentgy\u00f3n\u00e1s pl\u00e9b\u00e1niak\u00f6zs\u00e9g\u00fcnkben:<\/p>\n\n\n\n<ol class=\"wp-block-list\"><li><strong>2020. m\u00e1rcius 28-\u00e1n<\/strong>, szombaton a <strong>hegys\u00fari k\u00e1poln\u00e1ban<\/strong> (vagy el\u0151tte) <strong>13.00-t\u00f3l 14.00-ig<\/strong> (sz\u00fcks\u00e9g eset\u00e9n tov\u00e1bb), a h\u00edvek szent\u00e1ldoz\u00e1sban is r\u00e9szes\u00fclnek;<\/li><li><strong>2020. \u00e1prilis 5-\u00e9n,<\/strong> vir\u00e1gvas\u00e1rnap <strong>14:00-t\u0151l 16:00-ig<\/strong> (j\u00f3 id\u0151 eset\u00e9n a pl\u00e9b\u00e1niaudvaron), szint\u00e9n lesz \u00e1ldoztat\u00e1s <\/li><\/ol>\n\n\n\n<p>Szencen \u00e1prilis 4-\u00e9n, szombaton 9.00-t\u0151l 12.00-ig \u00e9s 15.00-t\u0151l 18.00 \u00f3r\u00e1ig lesz gy\u00f3ntat\u00e1s. \u00c1prilis 5-\u00e9n, vas\u00e1rnap pedig szint\u00e9n 9.00-t\u0151l 12.00- \u00f3r\u00e1ig \u00e1ldoztat\u00e1ssal.<\/p>\n\n\n\n<p><a href=\"https:\/\/drive.google.com\/file\/d\/1vPmAIi6i_fsuq5PxFFIrPC4MiXwV43zO\/view?usp=drivesdk\">A gy\u00f3ntat\u00e1s m\u00f3dja a rendk\u00edv\u00fcli helyzetben &#8211; 4.oldal<\/a><br><\/p>\n\t\t\t\t","protected":false},"excerpt":{"rendered":"<p>Sviatos\u0165 zmierenia bude vysluhovan\u00e1 v na\u0161ej farnosti:<\/p>\n","protected":false},"author":7,"featured_media":4568,"comment_status":"closed","ping_status":"closed","sticky":false,"template":"","format":"standard","meta":{"footnotes":""},"categories":[5,1],"tags":[],"class_list":{"0":"entry","1":"post","2":"publish","3":"author-slado89gmail-com","4":"has-excerpt","5":"has-more-link","6":"post-4567","8":"format-standard","9":"has-post-thumbnail","10":"category-aktuality","11":"category-uncategorized"},"_links":{"self":[{"href":"https:\/\/www.farakostolna.sk\/index.php?rest_route=\/wp\/v2\/posts\/4567","targetHints":{"allow":["GET"]}}],"collection":[{"href":"https:\/\/www.farakostolna.sk\/index.php?rest_route=\/wp\/v2\/posts"}],"about":[{"href":"https:\/\/www.farakostolna.sk\/index.php?rest_route=\/wp\/v2\/types\/post"}],"author":[{"embeddable":true,"href":"https:\/\/www.farakostolna.sk\/index.php?rest_route=\/wp\/v2\/users\/7"}],"replies":[{"embeddable":true,"href":"https:\/\/www.farakostolna.sk\/index.php?rest_route=%2Fwp%2Fv2%2Fcomments&post=4567"}],"version-history":[{"count":0,"href":"https:\/\/www.farakostolna.sk\/index.php?rest_route=\/wp\/v2\/posts\/4567\/revisions"}],"wp:featuredmedia":[{"embeddable":true,"href":"https:\/\/www.farakostolna.sk\/index.php?rest_route=\/"}],"wp:attachment":[{"href":"https:\/\/www.farakostolna.sk\/index.php?rest_route=%2Fwp%2Fv2%2Fmedia&parent=4567"}],"wp:term":[{"taxonomy":"category","embeddable":true,"href":"https:\/\/www.farakostolna.sk\/index.php?rest_route=%2Fwp%2Fv2%2Fcategories&post=4567"},{"taxonomy":"post_tag","embeddable":true,"href":"https:\/\/www.farakostolna.sk\/index.php?rest_route=%2Fwp%2Fv2%2Ftags&post=4567"}],"curies":[{"name":"wp","href":"https:\/\/api.w.org\/{rel}","templated":true}]}}