{"id":4565,"date":"2020-03-27T20:06:50","date_gmt":"2020-03-27T20:06:50","guid":{"rendered":"http:\/\/kostolna.fara.sk\/?p=4565"},"modified":"2020-03-27T20:06:50","modified_gmt":"2020-03-27T20:06:50","slug":"oznam-k-aktualnej-situacii","status":"publish","type":"post","link":"https:\/\/www.farakostolna.sk\/?p=4565","title":{"rendered":"Oznam k aktu\u00e1lnej situ\u00e1cii"},"content":{"rendered":"\n\t\t\t\t\n\t\t\t\t\n<div class=\"wp-block-image\"><figure class=\"alignleft\"><img decoding=\"async\" src=\"http:\/\/kostolna.fara.sk\/wp-content\/uploads\/2013\/03\/VirgendeLourdes.jpg\" alt=\"\" class=\"wp-image-834\"\/><\/figure><\/div>\n\n\n\n<p>Mil\u00ed priatelia, mimoriadna situ\u00e1cia na Slovensku \u017eia\u013e st\u00e1le e\u0161te trv\u00e1, <strong>z\u00e1kaz verejn\u00fdch sv. om\u0161\u00ed sa predl\u017euje a\u017e do odvolania<\/strong>. <br><\/p>\n\n\n<p><!--more--><\/p>\n\n\n<p>Predsie\u0148 farsk\u00e9ho kostola je otvoren\u00e1 pre v\u00e1s ale o to dlh\u0161ie &#8211; denne od 8.00 do 19.00 k priv\u00e1tnej kr\u00e1tkej modlitbe a ador\u00e1cii. Do predsiene vstupujte individu\u00e1lne a s r\u00fa\u0161kom. Zotrva\u0165 v modlitbe m\u00f4\u017eete aj pri Lurdskej jaskynke ved\u013ea kostola. <strong>Seniorom sa v\u0161ak ve\u013emi odpor\u00fa\u010da zdr\u017eova\u0165 sa a modli\u0165 sa doma. <\/strong>Ka\u017ed\u00fa nede\u013eu je farsk\u00fd kostol v Kostolnej cel\u00fd otvoren\u00fd pre s\u00fakromn\u00fa modlitbu od 9:00 do 11:30. Aj v nasleduj\u00facich d\u0148och budem sl\u00e1vi\u0165 sv. om\u0161e bez \u00fa\u010dasti \u013eud\u00ed.<strong> V\u0161etky Vami nahl\u00e1sen\u00e9 a napl\u00e1novan\u00e9 \u00famysly sv. om\u0161\u00ed s\u00fa presunut\u00e9<\/strong>. Ak niekto chce obetova\u0165 sv. om\u0161u na svoj \u00famysel, ktor\u00fa m\u00e1 zap\u00edsan\u00fa, alebo si chce da\u0165 sl\u00fa\u017ei\u0165 sv. om\u0161u, hoci bude len duchovne spojen\u00fd, m\u00f4\u017ee sa mi nahl\u00e1si\u0165 telefonicky. Nezabudnite pravidelne <b>sledova\u0165 sv. om\u0161e cez TV alebo internet.<\/b> Pros\u00edm tie\u017e rodi\u010dov prvoprij\u00edmaj\u00facich det\u00ed, aby sa pod\u013ea svojich mo\u017enost\u00ed venovali de\u0165om v r\u00e1mci duchovnej i vedomostnej pr\u00edpravy. Tie\u017e pozerajte s de\u0165mi aj priame prenosy sv. om\u0161\u00ed. Na\u0161i slovensk\u00ed biskupi n\u00e1s <b>poz\u00fdvaj\u00fa k modlitb\u00e1m a p\u00f4stu<\/b> za odvr\u00e1tenie \u0161\u00edrenia n\u00e1kazy. Pridajme sa k tejto v\u00fdzve. Ke\u010f sa teraz nem\u00f4\u017eeme stret\u00e1va\u0165 v chr\u00e1me, spolo\u010dne sa ka\u017ed\u00fd de\u0148 doma modlite. V stave, v ktorom sa nach\u00e1dzame, je <strong>\u201espolo\u010dn\u00e1 modlitba \u013eud\u00ed najsilnej\u0161ou zbra\u0148ou.\u201c Bu\u010fte opatrn\u00ed<\/strong>, trpezliv\u00ed a dodr\u017eiavajte v\u0161etky pokyny a nariadenia. Te\u0161\u00ed ma, \u017ee sa medzi \u013eu\u010fmi vo v\u00e4\u010d\u0161ej miere ukazuje solidarita. <strong>Ak m\u00e1te v susedstve star\u0161\u00edch \u013eud\u00ed,<\/strong> ktor\u00ed s\u00fa sami a nemaj\u00fa pr\u00edbuzn\u00fdch, bu\u010fte im pod\u013ea svojich mo\u017enost\u00ed n\u00e1pomocn\u00ed. Nak\u00fapte im v obchode, navarte obed\u2026<\/p>\n\n\n\n<p>Kedves h\u00edvek! Mivel a rendk\u00edv\u00fcli helyzet m\u00e9g mindig tart Szlov\u00e1ki\u00e1ban, a szentmis\u00e9k nyilv\u00e1nos bemutat\u00e1s\u00e1ra vonatkoz\u00f3 tilalom is meghosszabbodik. A pl\u00e9b\u00e1niatemplom el\u0151tere naponta nyitva van 8.00-t\u00f3l 19.00 \u00f3r\u00e1ig mag\u00e1nim\u00e1ra vagy ador\u00e1ci\u00f3ra. Itt egyszerre csak egy szem\u00e9ly tart\u00f3zkodhat, kiz\u00e1r\u00f3lag sz\u00e1jmaszkban. Im\u00e1dkozni lehet a barlangocsk\u00e1n\u00e1l is. <b>Az id\u0151seknek azonban aj\u00e1nlatos ink\u00e1bb otthon im\u00e1dkozni. <\/b>Vas\u00e1rnaponk\u00e9nt a pl\u00e9b\u00e1niatemplom teljesen nyitva van szem\u00e9lyes im\u00e1ra 9.00-t\u0151l 11.30-ig. Az elk\u00f6vetkez\u0151 napokban is fogok mis\u00e9zni h\u00edvek jelenl\u00e9te n\u00e9lk\u00fcl. <strong>Minden \u00f6n\u00f6k \u00e1ltal bejelentett sz\u00e1nd\u00e9k <\/strong><b>k\u00e9s\u0151bbre tol\u00f3dik<\/b>. Ha valaki szeretn\u00e9, hogy a m\u00e1r be\u00edratott sz\u00e1nd\u00e9kra mutassam be a szentmis\u00e9t, vagy mis\u00e9t akar szolg\u00e1ltatni, m\u00e9g ha csak l\u00e9lekben lesz is ott, k\u00e9rem, h\u00edvjon f\u00f6l. Ne felejts\u00e9k el rendszeresen <strong>figyelemmel k\u00eds\u00e9rni a misek\u00f6zvet\u00edt\u00e9seket a t\u00e9v\u00e9ben vagy az interneten.<\/strong> K\u00e9rem az els\u0151\u00e1ldoz\u00f3k sz\u00fcleit, lehet\u0151s\u00e9geik szerint foglalkozzanak gyermekeik felk\u00e9sz\u00edt\u00e9s\u00e9vel. Az \u00e9l\u0151 szentmise-k\u00f6zvet\u00edt\u00e9sek n\u00e9z\u00e9s\u00e9be a gyerekeket is vonj\u00e1k be, f\u0151leg vas\u00e1rnap. P\u00fcsp\u00f6keink <strong>im\u00e1ra \u00e9s b\u00f6jtre sz\u00f3l\u00edtanak<\/strong> a v\u00edrus megf\u00e9kez\u00e9se \u00e9rdek\u00e9ben. Csatlakozzunk ehhez a felh\u00edv\u00e1shoz! Im\u00e1dkozzunk otthon, hiszen a jelenlegi helyzetben<strong> \u201ea k\u00f6z\u00f6s ima a leger\u0151sebb fegyver\u00fcnk\u201d. Legyenek \u00f3vatosak, <\/strong>t\u00fcrelmesek, \u00e9s tarts\u00e1k be az utas\u00edt\u00e1sokat. \u00d6r\u00fcl\u00f6k, hogy az emberek k\u00f6z\u00f6tt nagyobb m\u00e9rt\u00e9kben mutatkozik meg az egy\u00fctt\u00e9rz\u00e9s. <strong>Ha a szomsz\u00e9dban id\u0151sebb ember lakik,<\/strong> akinek nincs k\u00f6zeli hozz\u00e1tartoz\u00f3ja, seg\u00edts\u00fcnk neki lehet\u0151s\u00e9geink szerint.<\/p>\n\t\t\t\t","protected":false},"excerpt":{"rendered":"<p>Mil\u00ed priatelia, mimoriadna situ\u00e1cia na Slovensku \u017eia\u013e st\u00e1le e\u0161te trv\u00e1, z\u00e1kaz verejn\u00fdch sv. om\u0161\u00ed sa predl\u017euje a\u017e do odvolania.<\/p>\n","protected":false},"author":6,"featured_media":834,"comment_status":"closed","ping_status":"closed","sticky":false,"template":"","format":"standard","meta":{"footnotes":""},"categories":[5],"tags":[],"class_list":{"0":"entry","1":"post","2":"publish","3":"author-palszm-sk","4":"has-excerpt","5":"has-more-link","6":"post-4565","8":"format-standard","9":"has-post-thumbnail","10":"category-aktuality"},"_links":{"self":[{"href":"https:\/\/www.farakostolna.sk\/index.php?rest_route=\/wp\/v2\/posts\/4565","targetHints":{"allow":["GET"]}}],"collection":[{"href":"https:\/\/www.farakostolna.sk\/index.php?rest_route=\/wp\/v2\/posts"}],"about":[{"href":"https:\/\/www.farakostolna.sk\/index.php?rest_route=\/wp\/v2\/types\/post"}],"author":[{"embeddable":true,"href":"https:\/\/www.farakostolna.sk\/index.php?rest_route=\/wp\/v2\/users\/6"}],"replies":[{"embeddable":true,"href":"https:\/\/www.farakostolna.sk\/index.php?rest_route=%2Fwp%2Fv2%2Fcomments&post=4565"}],"version-history":[{"count":0,"href":"https:\/\/www.farakostolna.sk\/index.php?rest_route=\/wp\/v2\/posts\/4565\/revisions"}],"wp:featuredmedia":[{"embeddable":true,"href":"https:\/\/www.farakostolna.sk\/index.php?rest_route=\/wp\/v2\/media\/834"}],"wp:attachment":[{"href":"https:\/\/www.farakostolna.sk\/index.php?rest_route=%2Fwp%2Fv2%2Fmedia&parent=4565"}],"wp:term":[{"taxonomy":"category","embeddable":true,"href":"https:\/\/www.farakostolna.sk\/index.php?rest_route=%2Fwp%2Fv2%2Fcategories&post=4565"},{"taxonomy":"post_tag","embeddable":true,"href":"https:\/\/www.farakostolna.sk\/index.php?rest_route=%2Fwp%2Fv2%2Ftags&post=4565"}],"curies":[{"name":"wp","href":"https:\/\/api.w.org\/{rel}","templated":true}]}}