{"id":4560,"date":"2020-03-11T07:54:47","date_gmt":"2020-03-11T07:54:47","guid":{"rendered":"http:\/\/kostolna.fara.sk\/?p=4560"},"modified":"2020-03-11T07:54:47","modified_gmt":"2020-03-11T07:54:47","slug":"stanovisko-kbs-k-zakazu-verejneho-slavenia-bohosluzieb","status":"publish","type":"post","link":"https:\/\/www.farakostolna.sk\/?p=4560","title":{"rendered":"Stanovisko KBS k z\u00e1kazu verejn\u00e9ho sl\u00e1venia bohoslu\u017eieb"},"content":{"rendered":"\n\t\t\t\t\n\t\t\t\t\n<div class=\"wp-block-image\"><figure class=\"alignleft is-resized\"><img loading=\"lazy\" decoding=\"async\" src=\"http:\/\/kostolna.fara.sk\/wp-content\/uploads\/2018\/10\/DSCF9789-600x600.jpg\" alt=\"\" class=\"wp-image-3659\" width=\"275\" height=\"275\"\/><\/figure><\/div>\n\n\n\n<p>Predseda vl\u00e1dy SR Peter Pellegrini v\u00a0utorok 10. 3. 2020 Konferencii biskupov Slovenska telefonicky ozn\u00e1mil rozhodnutie, \u017ee s platnos\u0165ou <strong>od 10. 3. do 23. 3. 2020 sa nesm\u00fa na \u00fazem\u00ed Slovenska sl\u00e1vi\u0165 verejn\u00e9 bohoslu\u017eby<\/strong>.<\/p>\n\n\n<p><!--more--><\/p>\n\n\n<p style=\"text-align:left\">Tento z\u00e1kaz biskupi prijali s ve\u013ekou boles\u0165ou, \u017eiadaj\u00fa v\u0161ak v\u0161etk\u00fdch k\u0148azov a veriacich, aby ho uposl\u00fachli. Podrobnej\u0161ie inform\u00e1cie, ktor\u00e9 sa t\u00fdkaj\u00fa \u010fal\u0161\u00edch liturgick\u00fdch \u00fakonov a sl\u00e1ven\u00ed KBS poskytne po porade s \u00daradom verejn\u00e9ho zdravotn\u00edctva v najbli\u017e\u0161om \u010dase.<br><br>V tejto chv\u00edli pros\u00edme k\u0148azov, aby veriacich o nariaden\u00ed s pokojom informovali a verejn\u00e9 bohoslu\u017eby do 23. marca odvolali. Tam, kde je to mo\u017en\u00e9, kostoly nech zostan\u00fa pre s\u00fakromn\u00fa modlitbu otvoren\u00e9.<br><br>Z\u00e1rove\u0148 povzbudzujeme veriacich k sledovaniu telev\u00edznych a rozhlasov\u00fdch prenosov bohoslu\u017eieb, ktor\u00e9 sa bud\u00fa kona\u0165 neverejn\u00fdm sp\u00f4sobom. K\u0148azi nech pokra\u010duj\u00fa v poskytovan\u00ed duchovnej starostlivosti o veriacich tak\u00fdmi sp\u00f4sobmi, ktor\u00e9 neprotire\u010dia vydan\u00e9mu nariadeniu.<br><br>V\u0161etk\u00fdch poz\u00fdvame k modlitb\u00e1m. Nestr\u00e1cajme n\u00e1dej, neprepadajme obav\u00e1m, a s d\u00f4verou sa v na\u0161ich rodin\u00e1ch obracajme na na\u0161u Nebesk\u00fa Matku: &#8220;Sedembolestn\u00e1 Panna M\u00e1ria, Patr\u00f3nka Slovenska, pros\u00edme \u0165a o tvoju pomoc a ochranu. Vypros uzdravenie chor\u00fdm, ochra\u0148uj zdravotn\u00edkov, ktor\u00ed sa o nich staraj\u00fa a odvr\u00e1\u0165 \u0161\u00edrenie choroby. Oroduj za n\u00e1s, ktor\u00ed sa k tebe s d\u00f4verou utiekame!&#8221;<br><br>Prosme P\u00e1na, aby tento pre n\u00e1s ve\u013emi bolestn\u00fd z\u00e1kaz mohol by\u0165 v\u010dasne odvolan\u00fd.<\/p>\n\n\n\n<p><strong>Predsie\u0148 farsk\u00e9ho kostola v Kostolnej pri Dunaji je pre s\u00fakromn\u00fa modlitbu otvoren\u00e1 denne od 9:00 do 17:00.<\/strong><\/p>\n\n\n\n<p><strong>V nede\u013eu bude otvoren\u00fd cel\u00fd kostol v Kostolnej pri Dunaji<\/strong> <strong>pre individu\u00e1lnu, tich\u00fa modlitbu v \u010dase od 9:00 do 11:30.<\/strong><br><br>S prian\u00edm Bo\u017eieho po\u017eehnania, <\/p>\n\n\n\n<p>V\u00e1\u0161 far\u00e1r Pavol Gajdo\u0161.<\/p>\n\t\t\t\t","protected":false},"excerpt":{"rendered":"<p>Predseda vl\u00e1dy SR Peter Pellegrini v\u00a0utorok 10. 3. 2020 Konferencii biskupov Slovenska telefonicky ozn\u00e1mil rozhodnutie, \u017ee s platnos\u0165ou od 10. 3. do 23. 3. 2020 sa nesm\u00fa na \u00fazem\u00ed Slovenska sl\u00e1vi\u0165 verejn\u00e9 bohoslu\u017eby.<\/p>\n","protected":false},"author":7,"featured_media":3659,"comment_status":"closed","ping_status":"closed","sticky":false,"template":"","format":"standard","meta":{"footnotes":""},"categories":[5],"tags":[],"class_list":{"0":"entry","1":"post","2":"publish","3":"author-slado89gmail-com","4":"has-excerpt","5":"has-more-link","6":"post-4560","8":"format-standard","9":"has-post-thumbnail","10":"category-aktuality"},"_links":{"self":[{"href":"https:\/\/www.farakostolna.sk\/index.php?rest_route=\/wp\/v2\/posts\/4560","targetHints":{"allow":["GET"]}}],"collection":[{"href":"https:\/\/www.farakostolna.sk\/index.php?rest_route=\/wp\/v2\/posts"}],"about":[{"href":"https:\/\/www.farakostolna.sk\/index.php?rest_route=\/wp\/v2\/types\/post"}],"author":[{"embeddable":true,"href":"https:\/\/www.farakostolna.sk\/index.php?rest_route=\/wp\/v2\/users\/7"}],"replies":[{"embeddable":true,"href":"https:\/\/www.farakostolna.sk\/index.php?rest_route=%2Fwp%2Fv2%2Fcomments&post=4560"}],"version-history":[{"count":0,"href":"https:\/\/www.farakostolna.sk\/index.php?rest_route=\/wp\/v2\/posts\/4560\/revisions"}],"wp:featuredmedia":[{"embeddable":true,"href":"https:\/\/www.farakostolna.sk\/index.php?rest_route=\/"}],"wp:attachment":[{"href":"https:\/\/www.farakostolna.sk\/index.php?rest_route=%2Fwp%2Fv2%2Fmedia&parent=4560"}],"wp:term":[{"taxonomy":"category","embeddable":true,"href":"https:\/\/www.farakostolna.sk\/index.php?rest_route=%2Fwp%2Fv2%2Fcategories&post=4560"},{"taxonomy":"post_tag","embeddable":true,"href":"https:\/\/www.farakostolna.sk\/index.php?rest_route=%2Fwp%2Fv2%2Ftags&post=4560"}],"curies":[{"name":"wp","href":"https:\/\/api.w.org\/{rel}","templated":true}]}}