{"id":4531,"date":"2020-01-26T19:57:48","date_gmt":"2020-01-26T19:57:48","guid":{"rendered":"http:\/\/kostolna.fara.sk\/?p=4531"},"modified":"2020-01-26T19:57:48","modified_gmt":"2020-01-26T19:57:48","slug":"modlitbove-trojdnie-januar-2020","status":"publish","type":"post","link":"https:\/\/www.farakostolna.sk\/?p=4531","title":{"rendered":"Modlitbov\u00e9 trojdnie \u2013 janu\u00e1r 2020"},"content":{"rendered":"\n\t\t\t\t\n\t\t\t\t\n<div class=\"wp-block-image\"><figure class=\"aligncenter\"><img decoding=\"async\" src=\"http:\/\/kostolna.fara.sk\/wp-content\/uploads\/2020\/01\/CEEEFACD-7947-4446-BF25-F70F6E8128C8-1024x768.jpeg\" alt=\"\" class=\"wp-image-4528\"\/><\/figure><\/div>\n\n\n\n<p>Prv\u00e9 celosvetov\u00e9 modlitbov\u00e9\u00a0trojdnie\u00a0spolo\u010denstva modlitieb matiek v\u00a0novom roku 2020 sa op\u00e4\u0165 v\u010faka ochote viacer\u00fdch mami\u010diek z\u00a0na\u0161ej farnosti a\u00a0slu\u017ebe p\u00e1na far\u00e1ra mohlo uskuto\u010dni\u0165 aj v\u00a0na\u0161ich kostoloch. Aj teraz sa chceme podeli\u0165 so zamysleniami, ktor\u00e9 v\u00a0jednotliv\u00e9 dni odzneli.<\/p>\n\n\n<p><!--more--><\/p>\n\n\n<p><strong>Piatok<\/strong><strong>&nbsp;2<\/strong><strong>4<\/strong><strong>.&nbsp;<\/strong><strong>janu\u00e1r<\/strong><strong>a<\/strong><strong>&nbsp;2020<\/strong><strong>&nbsp;(<\/strong><strong>\u017d 51<\/strong><strong>)<\/strong><\/p>\n\n\n\n<p>Teraz sme tu,&nbsp;Pane,&nbsp;pred tebou, hoc si skryt\u00fd vo Sv\u00e4tost\u00e1nku. Preto \u010fakujeme za k\u0148azov, ktor\u00ed&nbsp;n\u00e1m d\u00e1vaj\u00fa Eucharistiu. Po\u017eehnaj ich,&nbsp;Pane, obzvl\u00e1\u0161\u0165&nbsp;n\u00e1\u0161ho p\u00e1na far\u00e1ra.<\/p>\n\n\n\n<p>Sme rady, \u017ee tu m\u00f4\u017eeme by\u0165. M\u00e1me st\u00e1nok stretnutia s tebou, ako n\u00e1s k tomu u\u010d\u00ed aj otec Franti\u0161ek&nbsp;Blachnick\u00fd. Chceme ma\u0165 stretnutie s&nbsp;tebou,&nbsp;iba ty a&nbsp;ja.&nbsp;Pane,&nbsp;ty vie\u0161, ak\u00ed sme slab\u00ed. Vid\u00ed\u0161, ako pad\u00e1me. Je toho \u010dasto&nbsp;na n\u00e1s ve\u013ea. Sp\u00e1jame sa s D\u00e1vidom a vyzn\u00e1vame, \u017ee sme op\u00e4\u0165 zhre\u0161ili.&nbsp;Dne\u0161n\u00fd de\u0148&nbsp;trojdnia&nbsp;odprosujeme za svoje hriechy.<\/p>\n\n\n\n<p>Za symbol sme si zvolili sv\u00e4ten\u00fa vodu.&nbsp;In\u0161pir\u00e1ciou n\u00e1m boli slov\u00e1 zo \u017ealmu:&nbsp;<em>\u201eUmy ma a budem bel\u0161\u00ed ako sneh.\u201c&nbsp;<\/em>Sv\u00e4teni\u010dka s vodou n\u00e1m pripom\u00edna krst a zmytie dedi\u010dn\u00e9ho hriechu;voda ako o\u010distenie tela, voda ako posilnenie.&nbsp;Sme pozvan\u00ed ma\u0165 aj v na\u0161ich domovoch sv\u00e4teni\u010dky a denne&nbsp;\u017eehna\u0165 seba i&nbsp;na\u0161ich drah\u00fdch znakom kr\u00ed\u017ea.&nbsp;V Katechizme Katol\u00edckej Cirkvi \u010d\u00edtame,&nbsp;\u017ee krst je za\u010diatkom nov\u00e9ho \u017eivota, pri obrade krstu n\u00e1s k\u0148az pri vz\u00fdvan\u00ed ka\u017edej osoby Najsv\u00e4tej\u0161ej Trojice ponor\u00ed do vody.<\/p>\n\n\n\n<p>A teraz prist\u00fapme k n\u00e1\u0161mu P\u00e1novi&nbsp;a&nbsp;slovami&nbsp;piesne&nbsp;sv\u00e4tej Terezky&nbsp;<em>\u201e<\/em><em>Moj<\/em><em>\u00ed<\/em><em>m povolan<\/em><em>\u00ed<\/em><em>m je l\u00e1ska<\/em><em>\u201c<\/em>&nbsp;prosme&nbsp;o&nbsp;odvahu.&nbsp;Tak ako D\u00e1vid&nbsp;&#8211;&nbsp;pokorne vyzna\u0165&nbsp;svoj hriech&nbsp;a&nbsp;\u010fakova\u0165 za Bo\u017eie milosrdenstvo a \u017ei\u0165 s&nbsp;n\u00edm tu a teraz svoje povolanie l\u00e1sky. Ka\u017ed\u00e1&nbsp;tam, kde je.<\/p>\n\n\n\n<p><strong>Sobota 2<\/strong><strong>5<\/strong><strong>.&nbsp;<\/strong><strong>janu\u00e1r<\/strong><strong>a<\/strong><strong>&nbsp;2020<\/strong><strong>&nbsp;(<\/strong><strong>Gn<\/strong><strong>&nbsp;31,34-42<\/strong><strong>)<\/strong><\/p>\n\n\n\n<p>Kr\u00e1tky moment zo \u017eivota Jakuba.&nbsp;Je tu&nbsp;str\u00fdko&nbsp;Laban&nbsp;&#8211; nespokojn\u00fd a n\u00e1ro\u010dn\u00fd svokor, ktor\u00fd 20 rokov sk\u00fa\u0161a za\u0165a Jakuba, ktor\u00fd sa sna\u017e\u00ed cel\u00e9 tie roky,&nbsp;ako najlep\u0161ie vie. Ke\u010f v\u0161ak u\u017e chce zo slu\u017eby a z tohto tr\u00e1penia od\u00eds\u0165 aj s jeho dc\u00e9rami a so v\u0161etk\u00fdm,&nbsp;\u010do mu patr\u00ed,&nbsp;Laban&nbsp;ho prenasleduje&#8230; Ale s Jakubom je Boh a&nbsp;Laban&nbsp;h\u013ead\u00e1 len svojich b\u00f4\u017eikov&#8230; Preto je napomenut\u00fd samotn\u00fdm Bohom a nakoniec d\u00f4jde medzi nimi k pr\u00edmeriu.<\/p>\n\n\n\n<p>Ak\u00e9ko\u013evek nedorozumenia a pr\u00edkoria pre\u017e\u00edvame v rodine vo vz\u0165ahoch k&nbsp;bl\u00ed\u017enym,nezab\u00fadajme, \u017ee Boh&nbsp;je&nbsp;s nami. Na\u0161a snaha a n\u00e1maha by mala ma\u0165 v\u017edy dobr\u00fd \u00famysel, \u010destnos\u0165 a vytrvalos\u0165 v dobr\u00fdch skutkoch. Nebojme sa&#8230; Boh je s nami! Dnes, ke\u010f m\u00e1me odpusti\u0165 t\u00fdm, ktor\u00ed ubl\u00ed\u017eili n\u00e1m \u010di na\u0161im&nbsp;de\u0165om a na\u0161im k\u0148azom. Spome\u0148me si aj na slov\u00e1 P\u00e1na Je\u017ei\u0161a, ktor\u00fd ne\u00fanavne hl\u00e1sal Bo\u017eie kr\u00e1\u013eovstvo. Vrav\u00ed n\u00e1m:&nbsp;<em>\u201e<\/em><em>Odp\u00fa\u0161\u0165ajte, ako aj v\u00e1m odpustil Boh.<\/em><em>\u201c<\/em>&nbsp;A e\u0161te:&nbsp;<em>\u201e<\/em><em>Ja som s vami a\u017e do skon\u010denia sveta.<\/em><em>\u201c<\/em>&nbsp;Nebojme sa, Je\u017ei\u0161 je s nami! Ke\u010f je \u0165a\u017ek\u00e9 odpusti\u0165,&nbsp;on n\u00e1m pom\u00f4\u017ee. Preto\u017ee Je\u017ei\u0161 zak\u00fasil v\u0161etky \u0165a\u017ekosti a protivenstv\u00e1 od t\u00fdch, ktor\u00fdm pon\u00fakal l\u00e1sku a odpustenie.&nbsp;No on&nbsp;zv\u00ed\u0165azil! S n\u00edm nikdy neprehr\u00e1me. Sme na strane v\u00ed\u0165aza.&nbsp;<\/p>\n\n\n\n<p>Pr\u00edmerie, mier a pokoj symbolizuje aj biela vlajka, biela z\u00e1stava. Neznamen\u00e1 to, \u017ee sa vzd\u00e1vame, ale naopak. T\u00e1to z\u00e1stava je v\u00ed\u0165azn\u00e1, preto\u017ee odpusten\u00edm ni\u010d nestr\u00e1came, ale v\u0161etko z\u00edskavame. Povedzme doma&nbsp;\u201emier\u201c&nbsp;na v\u0161etky zvady a vytiahnime v\u017edy bielu z\u00e1stavu. Nechajme kona\u0165 Boha. On je ten, ktor\u00fd n\u00e1s miluje a ktor\u00fd sa o n\u00e1s v\u0161etk\u00fdch star\u00e1 s nekone\u010dnou otcovskou l\u00e1skou a mocou. A modlime sa za na\u0161ich bl\u00ed\u017enych a na\u0161e vz\u0165ahy s nimi.&nbsp;<\/p>\n\n\n\n<p><strong>Nede\u013ea<\/strong><strong>&nbsp;<\/strong><strong>26<\/strong><strong>.&nbsp;<\/strong><strong>janu\u00e1ra<\/strong><strong>&nbsp;20<\/strong><strong>20<\/strong><strong>&nbsp;(<\/strong><strong>Lk<\/strong><strong>&nbsp;1<\/strong><strong>5,<\/strong><strong>&nbsp;25-32<\/strong><strong>)<\/strong><\/p>\n\n\n\n<p>Pr\u00edbeh o&nbsp;m\u00e1rnotratnom synovi pozn\u00e1&nbsp;asi ka\u017ed\u00fd. Av\u0161ak&nbsp;nie je&nbsp;to&nbsp;len pr\u00edbeh o&nbsp;jednom synovi, ale aj o&nbsp;druhom,&nbsp;nespokojnom synovi a&nbsp;najm\u00e4 o&nbsp;milosrdnom&nbsp;otcovi. Na prv\u00fd poh\u013ead&nbsp;sa zd\u00e1, \u017ee star\u0161\u00ed syn je spravodliv\u00fd a&nbsp;mlad\u0161\u00ed&nbsp;je&nbsp;hrie\u0161nik.&nbsp;<\/p>\n\n\n\n<p>Ten, kto sa pova\u017euje za spravodliv\u00e9ho, kto patr\u00ed do klubu slu\u0161n\u00fdch \u013eud\u00ed, \u013eahko uzn\u00e1va spravodliv\u00e9ho Boha Otca. Ale kres\u0165ansk\u00e1 viera spo\u010d\u00edva v&nbsp;prij\u00edman\u00ed Boha, ktor\u00fd je L\u00e1ska.&nbsp;\u201e<em>A&nbsp;my, \u010do sme uverili, spoznali sme l\u00e1sku, ak\u00fa m\u00e1 Boh k&nbsp;n\u00e1m.<\/em><em>\u201c<\/em><em>&nbsp;(1Jn 4,16)<\/em><\/p>\n\n\n\n<p>Mlad\u0161\u00ed syn odi\u0161iel od&nbsp;otca, vybral sa na zl\u00e9 chodn\u00ed\u010dky, ale ke\u010f bol \u00faplne na dne, spomenul si na&nbsp;otca a&nbsp;vedel, \u017ee pri \u0148om by mu bolo lep\u0161ie. Veril v&nbsp;otcovu l\u00e1sku. A&nbsp;<em>\u201e<\/em><em>tak bude aj v&nbsp;nebi v\u00e4\u010d\u0161ia rados\u0165 nad jedn\u00fdm hrie\u0161nikom, ktor\u00fd rob\u00ed pok\u00e1nie, ako nad dev\u00e4\u0165desiatimi deviatimi spravodliv\u00fdmi, ktor\u00ed pok\u00e1nie nepotrebuj\u00fa.<\/em><em>\u201c<\/em><em>&nbsp;(<\/em><em>Lk<\/em><em>&nbsp;15,7)<\/em><\/p>\n\n\n\n<p>Predstavme si, \u017ee by sa n\u00e1m stratilo die\u0165a a&nbsp;po dlh\u00fdch rokoch by sa k&nbsp;n\u00e1m vr\u00e1tilo. Asi ka\u017ed\u00fd&nbsp;rodi\u010d&nbsp;by mal&nbsp;rados\u0165, \u017ee ho znovu vid\u00ed.&nbsp;A&nbsp;presne to rob\u00ed&nbsp;n\u00e1\u0161 nebesk\u00fd Otec.&nbsp;Neodsudzuje, nekritizuje, nepripom\u00edna n\u00e1m na\u0161e hriechy. Ale te\u0161\u00ed sa z&nbsp;n\u00e1\u0161ho n\u00e1vratu, ba priam oslavuje a&nbsp;pon\u00faka svoj poklad \u2013 svoju nezi\u0161tn\u00fa l\u00e1sku. Preto\u017ee Boh je L\u00e1ska.&nbsp;Napriek na\u0161ej slabosti a&nbsp;hrie\u0161nosti n\u00e1s miluje nekone\u010dnou l\u00e1skou a&nbsp;\u010dak\u00e1 n\u00e1s&nbsp;s&nbsp;otvorenou n\u00e1ru\u010dou. Sta\u010d\u00ed mu jedin\u00e9&nbsp;na\u0161e&nbsp;rozhodnutie vr\u00e1ti\u0165 sa k&nbsp;nemu a&nbsp;on n\u00e1s s&nbsp;rados\u0165ou v\u00edta. To je ten&nbsp;obrovsk\u00fd poklad, ktor\u00fd n\u00e1m pon\u00faka za dedi\u010dstvo.&nbsp;<\/p>\n\n\n\n<p>mamy z MM<\/p>\n\n\n\n<p><a href=\"https:\/\/photos.app.goo.gl\/GsV6pU6HkJjdoTwo7\">Fotky z modlitbov\u00e9ho trojdnia<\/a><\/p>\n\t\t\t\t","protected":false},"excerpt":{"rendered":"<p>Prv\u00e9 celosvetov\u00e9 modlitbov\u00e9\u00a0trojdnie\u00a0spolo\u010denstva modlitieb matiek v\u00a0novom roku 2020 sa op\u00e4\u0165 v\u010faka ochote viacer\u00fdch mami\u010diek z\u00a0na\u0161ej farnosti a\u00a0slu\u017ebe p\u00e1na far\u00e1ra mohlo uskuto\u010dni\u0165 aj v\u00a0na\u0161ich kostoloch. Aj teraz sa chceme podeli\u0165 so zamysleniami, ktor\u00e9 v\u00a0jednotliv\u00e9 dni odzneli.<\/p>\n","protected":false},"author":7,"featured_media":4528,"comment_status":"closed","ping_status":"closed","sticky":false,"template":"","format":"standard","meta":{"footnotes":""},"categories":[4,12],"tags":[],"class_list":{"0":"entry","1":"post","2":"publish","3":"author-slado89gmail-com","4":"has-excerpt","5":"has-more-link","6":"post-4531","8":"format-standard","9":"has-post-thumbnail","10":"category-akcie","11":"category-modlitbove-trojdnie"},"_links":{"self":[{"href":"https:\/\/www.farakostolna.sk\/index.php?rest_route=\/wp\/v2\/posts\/4531","targetHints":{"allow":["GET"]}}],"collection":[{"href":"https:\/\/www.farakostolna.sk\/index.php?rest_route=\/wp\/v2\/posts"}],"about":[{"href":"https:\/\/www.farakostolna.sk\/index.php?rest_route=\/wp\/v2\/types\/post"}],"author":[{"embeddable":true,"href":"https:\/\/www.farakostolna.sk\/index.php?rest_route=\/wp\/v2\/users\/7"}],"replies":[{"embeddable":true,"href":"https:\/\/www.farakostolna.sk\/index.php?rest_route=%2Fwp%2Fv2%2Fcomments&post=4531"}],"version-history":[{"count":0,"href":"https:\/\/www.farakostolna.sk\/index.php?rest_route=\/wp\/v2\/posts\/4531\/revisions"}],"wp:featuredmedia":[{"embeddable":true,"href":"https:\/\/www.farakostolna.sk\/index.php?rest_route=\/"}],"wp:attachment":[{"href":"https:\/\/www.farakostolna.sk\/index.php?rest_route=%2Fwp%2Fv2%2Fmedia&parent=4531"}],"wp:term":[{"taxonomy":"category","embeddable":true,"href":"https:\/\/www.farakostolna.sk\/index.php?rest_route=%2Fwp%2Fv2%2Fcategories&post=4531"},{"taxonomy":"post_tag","embeddable":true,"href":"https:\/\/www.farakostolna.sk\/index.php?rest_route=%2Fwp%2Fv2%2Ftags&post=4531"}],"curies":[{"name":"wp","href":"https:\/\/api.w.org\/{rel}","templated":true}]}}