{"id":4503,"date":"2020-01-18T10:49:41","date_gmt":"2020-01-18T10:49:41","guid":{"rendered":"http:\/\/kostolna.fara.sk\/?p=4503"},"modified":"2020-01-18T10:49:41","modified_gmt":"2020-01-18T10:49:41","slug":"misijna-cesta-v-tanzanii","status":"publish","type":"post","link":"https:\/\/www.farakostolna.sk\/?p=4503","title":{"rendered":"Misijn\u00e1 cesta v Tanz\u00e1nii &#8211; aktualizovan\u00e9 24.1.2020"},"content":{"rendered":"\n\t\t\t\t\n\t\t\t\t\n<figure class=\"wp-block-image\"><img decoding=\"async\" src=\"http:\/\/kostolna.fara.sk\/wp-content\/uploads\/2020\/01\/97C3B07C-FAD6-4AF5-BCD1-ACA0E79E4DAD-1024x768.jpeg\" alt=\"\" class=\"wp-image-4501\"\/><\/figure>\n\n\n\n<p>N\u00e1\u0161 p\u00e1n far\u00e1r spolu s nieko\u013ek\u00fdmi \u010fal\u0161\u00edmi na\u0161imi farn\u00edkmi V\u00e1m posielaj\u00fa pozdrav z Tanz\u00e1nie. V r\u00e1mci tejto misijnej cesty v diec\u00e9ze Kahama postupne nav\u0161tevuj\u00fa a podporuj\u00fa tie miesta a projekty, o ktor\u00e9 ich po\u017eiadal miestny biskup Jozef \u013dudov\u00edt Minde.<\/p>\n\n\n<p><!--more--><\/p>\n\n\n<p>Zav\u00edtali napr\u00edklad aj do obce Bulige, v ktorej je kres\u0165ansk\u00e1 komunita v \u00fapln\u00fdch za\u010diatkoch (prvoevanjeliz\u00e1cia). V lete mala t\u00e1to obec len dvoch pokrsten\u00fdch \u013eud\u00ed, na Vianoce prijalo sviatos\u0165 krstu \u010fal\u0161\u00edch 600 nov\u00fdch veriacich. Sv\u00e4t\u00e9 om\u0161e sa aktu\u00e1lne v tejto rozv\u00edjaj\u00facej sa farnosti konaj\u00fa iba pod plachtami. V r\u00e1mci pomoci sme im prispeli na stavbu novej \u0161koly a studne, ktor\u00e1 bude vyv\u0155tan\u00e1 po skon\u010den\u00ed obdobia da\u017e\u010fov.<\/p>\n\n\n\n<p>Do Tanz\u00e1nie sme v\u010faka V\u00e1m mohli zobra\u0165 spolu vy\u0161e 300 kg u\u017eito\u010dn\u00fdch vec\u00ed ako napr\u00edklad (10 kg ru\u017eencov, 50 kg \u201ez\u00e1zra\u010dn\u00fdch\u201c medajl\u00f3nikov, futbalov\u00e9 dresy a lopty, 20 000 \u201esv\u00e4t\u00fdch\u201c obr\u00e1zkov v svahil\u010dine, 5 s\u00e1d kr\u00ed\u017eov\u00fdch obrazov v svahil\u010dine, zdravotn\u00edcke potreby (150 okuliarov\u00fdch r\u00e1mov, tlakomery), 60 futbalov\u00fdch l\u00f4pt, hra\u010dky darovan\u00e9 de\u0165mi, 30 kg cukr\u00edkov, sladkosti a \u0161kolsk\u00e9 potreby. Takisto aj fina\u010dn\u00fa pomoc v hodnote 4420 \u20ac, ktor\u00fa postupne odovzd\u00e1me v t\u00fdch najchudobnej\u0161\u00edch farnostiach diec\u00e9zy na podporu projektov, ako s\u00fa \u0161koly, v\u00fdvarovne, kliniky\u2026 <\/p>\n\n\n\n<p><a href=\"https:\/\/photos.app.goo.gl\/ZGgSGCYVnyHHxwP28\">Fotky z Tanz\u00e1nie<\/a><\/p>\n\n\n\n<h3 class=\"wp-block-heading\">Ke\u0148a<\/h3>\n\n\n\n<p>Po t\u00fd\u017edni v Tanz\u00e1nii sme na kr\u00e1tko nav\u0161t\u00edvili i Ke\u0148u. Vzdel\u00e1vanie je k\u013e\u00fa\u010dov\u00e1 v\u00fdzva rozvojovej pomoci v t\u00fdchto krajin\u00e1ch. Len vzdelan\u00ed \u013eudia dok\u00e1\u017eu transformova\u0165 svoju krajinu. Z\u00e1kladn\u00e1 \u0161kola sv\u00e4t\u00e9ho Filipa Neriho v Joske v kraji Machakos v Keni zalo\u017een\u00e1 Slov\u00e1kmi v roku 2013 m\u00e1 moment\u00e1lne 501 det\u00ed a z nich je 27 alb\u00ednov a 13 telesne \u0165a\u017eko postihnut\u00fdch. V roku 2016 sa umiestnila na druhom mieste najlep\u0161\u00edch \u0161k\u00f4l spomedzi desa\u0165tis\u00edce in\u00fdch \u0161k\u00f4l. Pri \u0161kole sa zriadila aj zdravotn\u00e1 klinika, ktor\u00e1 bola tie\u017e zalo\u017een\u00e1 dvoma spolupr\u00e1cuj\u00facimi organiz\u00e1ciami &#8211; SlovakAid a Vysokou \u0161kolou zdravotn\u00edctva a soci\u00e1lnej pr\u00e1ce sv. Al\u017ebety. Len v samotnom 5 milionovom Nairobi \u017eije 3 a p\u00f3l mili\u00f3na \u013eud\u00ed v slumoch. Otec Ivan \u010euri\u0161 z Pova\u017eskej Bystrice je jeden z m\u00e1la, ktor\u00fd sa im venuje u\u017e 7 rokov. My sme sa vybrali spolu s n\u00edm a jeho pomocn\u00edkmi rozda\u0165 jedlo fe\u0165\u00e1kom, ktor\u00ed jedia len vtedy, ke\u010f im p\u00e1ter Viliam nie\u010do donesie. \u00daspechom p\u00e1trovej misie je, \u017ee mu pom\u00e1haj\u00fa i chlapci, ktor\u00ed kedysi tie\u017e fetovali.<\/p>\n\n\n\n<p><a href=\"https:\/\/photos.app.goo.gl\/caxv8RYKwMai7Bxe8\">Fotky z Kene<\/a><br><\/p>\n\n\n\n<h3 class=\"wp-block-heading\">Uganda<\/h3>\n\n\n\n<p>Ostal n\u00e1m posledn\u00fd cel\u00fd de\u0148 na hor\u00facom kontinente, ke\u010f\u017ee e\u0161te na jese\u0148 n\u00e1m pani v jednej cestovke v Bratislave omylom dala odchod z Ugandy o jeden de\u0148 sk\u00f4r. R\u00e1no o pol deviatej sme dnes odlietali z Nairobi &#8211; Kene do ugandsk\u00e9ho Entebbe. Miestnemu k\u0148azovi Andrejovi sme priniesli ve\u013ek\u00fd kufor u\u017eito\u010dn\u00fdch vec\u00ed &#8211; mon\u0161tranciu, om\u0161ov\u00fd prenosn\u00fd kufr\u00edk, ru\u017eence, medajl\u00f3nky, \u0161t\u00f3ly, pat\u00e9nu, futbalov\u00e9 lopty (6), sadu futbalov\u00fdch dresov&#8230; A darovali pre jeho farnos\u0165 500 \u20ac. T\u00fa\u017eili sme nav\u0161t\u00edvi\u0165 najv\u00e4\u010d\u0161ie p\u00fatnick\u00e9 miesto v Afrike &#8211; sv\u00e4ty\u0148u ugandsk\u00fdch mu\u010den\u00edkov, v ktorej za\u010diatkom j\u00fana b\u00fdvaj\u00fa p\u00fate a\u017e za \u00fa\u010dasti 3 mili\u00f3nov veriacich. Toto miesto nav\u0161t\u00edvili aj traja p\u00e1pe\u017ei &#8211; sv. Pavol VI., sv. J\u00e1n Pavol II., p\u00e1pe\u017e Franti\u0161ek, ako aj napr\u00edklad sv\u00e4t\u00e1 Matka Tereza. Mu\u010den\u00edci (42 katol\u00edkov a 23 anglik\u00e1nov) obetovali svoje \u017eivoty, preto\u017ee odmietli ma\u0165 homosexu\u00e1lny styk s kr\u00e1\u013eom a tak boli up\u00e1len\u00ed (v rokoch 1886-87).<br>Po n\u00e1v\u0161teve sv\u00e4tyne, na ktorej na ve\u013ekom priestranstve sa pr\u00e1ve konalo stretnutie charizmatick\u00fdch skup\u00edn, sme sa vybrali na 2 hodinov\u00fa plavbu na motorovom \u010dlne po Viktorinom jazere. A na \u00fapln\u00fd z\u00e1ver sme sa odviezli autobusom na rovn\u00edk, kde n\u00e1m cesta trvala tie\u017e cez dve hodiny, a tak sme pri\u0161li a\u017e na zotmenie. Je zauj\u00edmav\u00e9, \u017ee najteplej\u0161ie na zemeguli nie je pod\u013ea rovn\u00edka, ale pod\u013ea okolit\u00e9ho prostredia a tak ve\u013ek\u00e9 jazero, mno\u017estvo kopcov, nadmorsk\u00e1 v\u00fd\u0161ka okolo 1500 metrov, vytv\u00e1raj\u00fa \u0161pecificky pre Entebbe a Kampalu celkom prijate\u013en\u00fa kl\u00edmu.<\/p>\n\n\n\n<p><a href=\"https:\/\/photos.app.goo.gl\/wtT376sHLERd7WyH7\">Fotky z Ugandy<\/a><\/p>\n\n\n\n<p><br>T\u00fdchto 12 dn\u00ed bolo pln\u00e9 adrenal\u00ednu, ale aj duchovn\u00fdch sk\u00fasenost\u00ed. V\u0161etci sme vy\u010derpan\u00ed, ale m\u00e1me v srdciach rados\u0165, \u017ee okrem vzru\u0161uj\u00facej misijnej cesty, sme mohli fyzicky i v\u010faka v\u00e1m prispie\u0165 k rozvoju na\u0161ich bratov a sestier v mnoh\u00fdch chudobn\u00fdch farnostiach.<br>\u010eakujem za obetu otca Benjam\u00edna Kosn\u00e1\u010da a podporu v\u00e1s mnoh\u00fdch. S \u00factou, Palo Gajdo\u0161.<\/p>\n\n\n\n<p>P.S.: E\u0161te raz V\u00e1m v\u0161etk\u00fdm za v\u0161etko srde\u010dne \u010fakujem a pros\u00edm, aby sme ostali vz\u00e1jomne spojen\u00ed cez modlitbu.<\/p>\n\t\t\t\t","protected":false},"excerpt":{"rendered":"<p>N\u00e1\u0161 p\u00e1n far\u00e1r spolu s nieko\u013ek\u00fdmi \u010fal\u0161\u00edmi na\u0161imi farn\u00edkmi V\u00e1m posielaj\u00fa pozdrav z Tanz\u00e1nie. V r\u00e1mci tejto misijnej cesty v diec\u00e9ze Kahama postupne nav\u0161tevuj\u00fa a podporuj\u00fa tie miesta a projekty, o ktor\u00e9 ich po\u017eiadal miestny biskup Jozef \u013dudov\u00edt Minde.<\/p>\n","protected":false},"author":7,"featured_media":4501,"comment_status":"closed","ping_status":"closed","sticky":false,"template":"","format":"standard","meta":{"footnotes":""},"categories":[3],"tags":[],"class_list":{"0":"entry","1":"post","2":"publish","3":"author-slado89gmail-com","4":"has-excerpt","5":"has-more-link","6":"post-4503","8":"format-standard","9":"has-post-thumbnail","10":"category-afrika"},"_links":{"self":[{"href":"https:\/\/www.farakostolna.sk\/index.php?rest_route=\/wp\/v2\/posts\/4503","targetHints":{"allow":["GET"]}}],"collection":[{"href":"https:\/\/www.farakostolna.sk\/index.php?rest_route=\/wp\/v2\/posts"}],"about":[{"href":"https:\/\/www.farakostolna.sk\/index.php?rest_route=\/wp\/v2\/types\/post"}],"author":[{"embeddable":true,"href":"https:\/\/www.farakostolna.sk\/index.php?rest_route=\/wp\/v2\/users\/7"}],"replies":[{"embeddable":true,"href":"https:\/\/www.farakostolna.sk\/index.php?rest_route=%2Fwp%2Fv2%2Fcomments&post=4503"}],"version-history":[{"count":0,"href":"https:\/\/www.farakostolna.sk\/index.php?rest_route=\/wp\/v2\/posts\/4503\/revisions"}],"wp:featuredmedia":[{"embeddable":true,"href":"https:\/\/www.farakostolna.sk\/index.php?rest_route=\/"}],"wp:attachment":[{"href":"https:\/\/www.farakostolna.sk\/index.php?rest_route=%2Fwp%2Fv2%2Fmedia&parent=4503"}],"wp:term":[{"taxonomy":"category","embeddable":true,"href":"https:\/\/www.farakostolna.sk\/index.php?rest_route=%2Fwp%2Fv2%2Fcategories&post=4503"},{"taxonomy":"post_tag","embeddable":true,"href":"https:\/\/www.farakostolna.sk\/index.php?rest_route=%2Fwp%2Fv2%2Ftags&post=4503"}],"curies":[{"name":"wp","href":"https:\/\/api.w.org\/{rel}","templated":true}]}}