{"id":4448,"date":"2019-10-25T18:26:33","date_gmt":"2019-10-25T18:26:33","guid":{"rendered":"http:\/\/kostolna.fara.sk\/?p=4448"},"modified":"2019-10-25T18:26:33","modified_gmt":"2019-10-25T18:26:33","slug":"vynimocna-odpustova-slavnost-v-kostolnej-pri-dunaji","status":"publish","type":"post","link":"https:\/\/www.farakostolna.sk\/?p=4448","title":{"rendered":"V\u00fdnimo\u010dn\u00e1 odpustov\u00e1 sl\u00e1vnos\u0165 v Kostolnej pri Dunaji"},"content":{"rendered":"\n\t\t\t\t\n\t\t\t\t\n<div class=\"wp-block-image\"><figure class=\"alignleft\"><img decoding=\"async\" src=\"http:\/\/kostolna.fara.sk\/wp-content\/uploads\/2019\/10\/2FB63B09-A273-4070-9824-B2449E8D08A1-1024x512.jpeg\" alt=\"\" class=\"wp-image-4452\"\/><\/figure><\/div>\n\n\n\n<p>Pre niekoho \u201ekoloto\u010de\u201c, pre in\u00e9ho \u201ehody\u201c, ale pre veriacich je to najm\u00e4 \u201eodpust\u201c. V nede\u013eu 6. okt\u00f3bra sa vo farskom kostole v Kostolnej pri Dunaji konala nielen tradi\u010dn\u00e1 \u201erodinn\u00e1\u201c sv\u00e4t\u00e1 om\u0161a, ale predov\u0161etk\u00fdm odpustov\u00e1 \u2013 hodov\u00e1 sl\u00e1vnos\u0165. <\/p>\n\n\n<p><!--more--><\/p>\n\n\n<p>O\u010dak\u00e1vania a rados\u0165 z ve\u013ekej udalosti boli naozaj mimoriadne. Bolo to umocnen\u00e9 najm\u00e4 pr\u00edtomnos\u0165ou vz\u00e1cneho a ve\u013emi \u017eiadan\u00e9ho hos\u0165a vdp. Juraja Vitteka, ktor\u00fd v na\u0161ej farnosti p\u00f4sobil v rokoch 2003 a\u017e 2004 a okrem \u201e\u0161tandardnej\u201c \u010dinnosti far\u00e1ra sa mimoriadnym sp\u00f4sobom zap\u00edsal t\u00fdm, \u017ee zalo\u017eil farsk\u00fd \u010dasopis \u201eMi ujs\u00e1g?\u201c (\u010co nov\u00e9ho?), ktor\u00fd je s pomocou nad\u0161encov vyd\u00e1van\u00fd dodnes s n\u00e1kladom cez 2000ks bezplatne do ka\u017edej dom\u00e1cnosti vo farnosti.<\/p>\n\n\n\n<p>Miestny kostol z 13. storo\u010dia s obnoven\u00fdm presbyt\u00e9riom je zasv\u00e4ten\u00fd Ru\u017eencovej Panne M\u00e1rii. V sl\u00e1vnostnom pr\u00edhovore sa v\u0161ak n\u00e1\u0161 vz\u00e1cny hos\u0165 zameral na nede\u013en\u00e9 evanjelium, ktor\u00e9ho centrom bola viera. Nadviazal na blahore\u010den\u00e9ho kardin\u00e1la Henry Newmana, ktor\u00e9ho sv\u00e4tore\u010d\u00ed p\u00e1pe\u017e Franti\u0161ek. V k\u00e1zni sme sa dozvedeli o troch obr\u00e1teniach tohto sv\u00e4tca, ktor\u00fd bol zn\u00e1mym anglik\u00e1nskym kazate\u013eom. Prv\u00e9 obr\u00e1tenie za\u017eil e\u0161te ako 15 ro\u010dn\u00fd mlad\u00edk, ke\u010f spoznal, \u017ee vz\u0165ah k Bohu m\u00e1 osobn\u00fd charakter, \u017ee ho mo\u017eno osobne spozn\u00e1va\u0165 a komunikova\u0165 s n\u00edm. Tento kardin\u00e1l postupne pri d\u00f4slednom \u0161t\u00fadiu dej\u00edn Cirkvi dospel k tomu, \u017ee Katol\u00edcka Cirkev obsahuje v sebe plnos\u0165 Bo\u017eieho zjavenia, \u010do ho viedlo k prestupu ku katolicizmu.<\/p>\n\n\n\n<p>N\u00e1\u0161 sl\u00e1vnostn\u00fd kazate\u013e n\u00e1s pr\u00edkladom tohto ve\u013ek\u00e9ho sv\u00e4tca povzbudil vo viere, aby sme neboli len pas\u00edvnymi posluch\u00e1\u010dmi, ale aby sme sa stali akt\u00edvnymi laikmi pevne zakorenen\u00fdmi v Kristovi a boli schopn\u00ed sved\u010di\u0165 o Bohu druh\u00fdm \u013eu\u010fom, aby sa ich \u017eivot stal bohat\u0161\u00edm a zameran\u00fdm na ve\u010dnos\u0165.<\/p>\n\n\n\n<p>Okrem mnoh\u00fdch hlbok\u00fdch my\u0161lienok prepo\u017ei\u010dan\u00fdch od bud\u00faceho sv\u00e4tore\u010den\u00e9ho kardin\u00e1la n\u00e1m vdp. Vittek pr\u00edzvukoval, \u017ee sa ako katol\u00edci nem\u00e1me za \u010do hanbi\u0165, ale naopak m\u00e1me by\u0165 pr\u00e1vom na \u010do hrd\u00ed ve\u010f cel\u00e1 civiliz\u00e1cia, \u0161kolstvo, po\u013enohospod\u00e1rstvo a v\u0161etky intelektu\u00e1lne a umeleck\u00e9 in\u0161tit\u00facie v\u010fa\u010dia pr\u00e1ve Cirkvi za svoje zalo\u017eenie a nepopierate\u013en\u00fd rozvoj a\u017e do dne\u0161n\u00fdch modern\u00fdch \u010dias.<\/p>\n\n\n\n<p>Viera nie je nie\u010do v\u00fdsostne s\u00fakromn\u00e9, \u010do m\u00e1me skr\u00fdva\u0165 a dr\u017ea\u0165 iba doma a v kostole, ale je to pevn\u00fd bod, z ktor\u00e9ho vych\u00e1dzame a kam aj smerujeme. Viera a spolo\u010denstvo so \u017eiv\u00fdm Kristom n\u00e1s m\u00e1 vies\u0165 a in\u0161pirova\u0165 vo v\u0161etk\u00fdch na\u0161ich \u017eivotn\u00fdch situ\u00e1ci\u00e1ch, aby sme prekvasili tento svet. Podobne ako slovo svetsk\u00fd \u2013 \u201eprof\u00e1nny\u201c, znamen\u00e9 \u201epred posv\u00e4ten\u00edm\u201c, m\u00e1me aj my postupne posv\u00e4cova\u0165 svoje okolie.<\/p>\n\n\n\n<p>T\u00e1to odpustov\u00e1 sl\u00e1vnos\u0165 bola umocnen\u00e1 hudobno-spev\u00e1ckym telesom z Galanty Cantate Deo, ktor\u00e1 n\u00e1s \u00faplne chytila nielen za u\u0161i, ale predov\u0161etk\u00fdm za srdce a mohli sme tak ove\u013ea intenz\u00edvnej\u0161ie pre\u017ei\u0165 t\u00fato n\u00e1dhern\u00fa udalos\u0165, ktorou je odpust. Ver\u00edm, \u017ee povzbudzuj\u00face slov\u00e1 n\u00e1\u0161ho sl\u00e1vnostn\u00e9ho kazate\u013ea nezostan\u00fa len v rovine \u201ekr\u00e1snej re\u010di\u201c \u2013 akoby nede\u013enej chv\u00ed\u013eke po\u00e9zie, ale \u017ee ich odv\u00e1\u017ene budeme dennodenne realizova\u0165 v na\u0161om prostred\u00ed, kde sa pr\u00e1ve nach\u00e1dzame, aby sme boli so\u013eou zeme.<br><\/p>\n\n\n\n<p>Martin \u0160i\u0161ka<br>Hrub\u00fd \u0160\u00far<br>farnos\u0165 Kostoln\u00e1 pri Dunaji<\/p>\n\n\n\n<p><a href=\"https:\/\/drive.google.com\/file\/d\/1pKj1sD_Bf7jANqo2uVl229nPovnvICHl\/view?usp=drivesdk\">Sl\u00e1vnostn\u00e1 hom\u00edlia vdp. Juraj Vittek<\/a><br>\n<a href=\"https:\/\/photos.app.goo.gl\/UaDJPwibgdrYa6gP7\">Fotky zo sl\u00e1vnosti<\/a><br><\/p>\n\t\t\t\t","protected":false},"excerpt":{"rendered":"<p>Pre niekoho \u201ekoloto\u010de\u201c, pre in\u00e9ho \u201ehody\u201c, ale pre veriacich je to najm\u00e4 \u201eodpust\u201c. V nede\u013eu 6. okt\u00f3bra sa vo farskom kostole v Kostolnej pri Dunaji konala nielen tradi\u010dn\u00e1 \u201erodinn\u00e1\u201c sv\u00e4t\u00e1 om\u0161a, ale predov\u0161etk\u00fdm odpustov\u00e1 \u2013 hodov\u00e1 sl\u00e1vnos\u0165.<\/p>\n","protected":false},"author":7,"featured_media":4452,"comment_status":"closed","ping_status":"closed","sticky":false,"template":"","format":"standard","meta":{"footnotes":""},"categories":[5],"tags":[],"class_list":{"0":"entry","1":"post","2":"publish","3":"author-slado89gmail-com","4":"has-excerpt","5":"has-more-link","6":"post-4448","8":"format-standard","9":"has-post-thumbnail","10":"category-aktuality"},"_links":{"self":[{"href":"https:\/\/www.farakostolna.sk\/index.php?rest_route=\/wp\/v2\/posts\/4448","targetHints":{"allow":["GET"]}}],"collection":[{"href":"https:\/\/www.farakostolna.sk\/index.php?rest_route=\/wp\/v2\/posts"}],"about":[{"href":"https:\/\/www.farakostolna.sk\/index.php?rest_route=\/wp\/v2\/types\/post"}],"author":[{"embeddable":true,"href":"https:\/\/www.farakostolna.sk\/index.php?rest_route=\/wp\/v2\/users\/7"}],"replies":[{"embeddable":true,"href":"https:\/\/www.farakostolna.sk\/index.php?rest_route=%2Fwp%2Fv2%2Fcomments&post=4448"}],"version-history":[{"count":0,"href":"https:\/\/www.farakostolna.sk\/index.php?rest_route=\/wp\/v2\/posts\/4448\/revisions"}],"wp:featuredmedia":[{"embeddable":true,"href":"https:\/\/www.farakostolna.sk\/index.php?rest_route=\/"}],"wp:attachment":[{"href":"https:\/\/www.farakostolna.sk\/index.php?rest_route=%2Fwp%2Fv2%2Fmedia&parent=4448"}],"wp:term":[{"taxonomy":"category","embeddable":true,"href":"https:\/\/www.farakostolna.sk\/index.php?rest_route=%2Fwp%2Fv2%2Fcategories&post=4448"},{"taxonomy":"post_tag","embeddable":true,"href":"https:\/\/www.farakostolna.sk\/index.php?rest_route=%2Fwp%2Fv2%2Ftags&post=4448"}],"curies":[{"name":"wp","href":"https:\/\/api.w.org\/{rel}","templated":true}]}}