{"id":4435,"date":"2019-10-07T17:35:21","date_gmt":"2019-10-07T17:35:21","guid":{"rendered":"http:\/\/kostolna.fara.sk\/?p=4435"},"modified":"2019-10-07T17:35:21","modified_gmt":"2019-10-07T17:35:21","slug":"modlitbove-trojdnie-september-2019","status":"publish","type":"post","link":"https:\/\/www.farakostolna.sk\/?p=4435","title":{"rendered":"Modlitbov\u00e9 trojdnie \u2013 september 2019"},"content":{"rendered":"\n\t\t\t\t\n\t\t\t\t\n<div class=\"wp-block-image\"><figure class=\"alignleft is-resized\"><img loading=\"lazy\" decoding=\"async\" src=\"http:\/\/kostolna.fara.sk\/wp-content\/uploads\/2019\/10\/268185B4-E2DB-40D4-9F3E-4804593009D0-766x1024.jpeg\" alt=\"\" class=\"wp-image-4436\" width=\"383\" height=\"512\"\/><\/figure><\/div>\n\n\n<p>V\u00a0posledn\u00fd septembrov\u00fd v\u00edkend sme sa op\u00e4\u0165 zapojili aj v\u00a0na\u0161ej farnosti do modlitbov\u00e9ho trojdnia matiek, ktor\u00e9 sa kon\u00e1 na celom svete. V\u0161etky tri dni sme mali t\u00fa milos\u0165 modli\u0165 sa a\u00a0adorova\u0165 pred Sviatos\u0165ou olt\u00e1rnou v\u00a0Hrubom \u0160\u00fare (piatok), v\u00a0Hrubej Bor\u0161i (sobota) a\u00a0v\u00a0Kostolnej (nede\u013ea). Prin\u00e1\u0161ame v\u00e1m zamyslenia, ktor\u00e9 sme si na jednotliv\u00e9 dni v\u00a0skupink\u00e1ch pripravili.<\/p>\n\n<p><!--more--><\/p>\n\n\n<p class=\"s4\"><strong><span class=\"s2\">Piatok<\/span><span class=\"s4\"> 27. septembra 2019 (Mk 5, 25 \u2013 34)<\/span><\/strong><\/p>\n\n\n\n<p class=\"s4\">Je tu ist\u00e1 \u017eena, ktor\u00e1 ka\u017ed\u00fd de\u0148 chod\u00ed do pr\u00e1ce, star\u00e1 sa o deti, o svojich rodi\u010dov, o dom\u00e1cnos\u0165, m\u00e1va bolesti, pom\u00e1ha vo farnosti, zauj\u00edma sa o \u013eud\u00ed naokolo. Ve\u013ea sa obetuje, \u010dasto je unaven\u00e1, nepokojn\u00e1, znechuten\u00e1, slab\u00e1. Ke\u010f sa dopo\u010duje o trojdn\u00ed, prich\u00e1dza spolu s ostatn\u00fdmi a k\u013eakne si pred Je\u017ei\u0161om. Povie si toti\u017e: \u201eAk budem tu, pred Je\u017ei\u0161om, a poviem mu, \u010do ma tr\u00e1pi, isto mi pom\u00f4\u017ee.\u201c A hne\u010f poc\u00edti v tele \u00fa\u013eavu, pote\u0161enie, povzbudenie. Je\u017ei\u0161 vie, \u017ee z neho vy\u0161la sila.<\/p>\n\n\n\n<p class=\"s4\">Zuzka, Ani\u010dka, Veronika, Maru\u0161ka, Borka&#8230;, tvoja viera \u0165a uzdravila. Cho\u010f v pokoji a bu\u010f uzdraven\u00e1 zo svojej choroby.<\/p>\n\n\n\n<p class=\"s4\">Za symbol dne\u0161n\u00e9ho d\u0148a sme si zvolili kr\u00ed\u017e, srdce a kotvu, ktor\u00e9 s\u00fa znakmi pre tri bo\u017esk\u00e9 \u010dnosti: vieru, l\u00e1sku a n\u00e1dej.Katechizmus katol\u00edckej cirkvi u\u010d\u00ed, \u017ee viera je \u010dnos\u0165, ktorou ver\u00edme v Boha a v\u0161etko, \u010do n\u00e1m povedal a \u010do n\u00e1m sv\u00e4t\u00e1 Cirkev predklad\u00e1 veri\u0165. N\u00e1dej je \u010dnos\u0165, ktorou t\u00fa\u017eime po nebeskom kr\u00e1\u013eovstve, pri\u010dom vklad\u00e1me svoju d\u00f4veru do Kristov\u00fdch pris\u013e\u00faben\u00ed a nespoliehame sa na svoje sily, ale na pomoc milosti Ducha Sv\u00e4t\u00e9ho. L\u00e1ska je \u010dnos\u0165, ktorou milujeme Boha nadov\u0161etko a svojho bl\u00ed\u017eneho z l\u00e1sky k Bohu ako seba sam\u00fdch.<\/p>\n\n\n\n<p class=\"s4\">Dnes, ke\u010f sa modl\u00edme za odpustenie na\u0161ich hriechov,prist\u00fapme k Je\u017ei\u0161ovi a odovzdajme mu v jednoduchosti a d\u00f4vere na\u0161e mal\u00e9 srdce do Jeho srdca.<\/p>\n\n\n\n<p class=\"s4\">V\u010faka, Je\u017ei\u0161!<\/p>\n\n\n\n<p class=\"s4\"><strong><span class=\"s2\">Sobota 28. septembra 2019 (<\/span><span class=\"s2\">Jer 24, 1 \u2013 7)<\/span><\/strong><\/p>\n\n\n\n<p class=\"s4\"><span class=\"s5\">Bu\u010fme dobr\u00fdm ovoc\u00edm, chutn\u00fdm pre druh\u00fdch. Boh n\u00e1m pris\u013e\u00fabil dobrotiv\u00fd poh\u013ead a starostlivos\u0165. Dokonca si m\u00f4\u017e<\/span><span class=\"s5\">e<\/span><span class=\"s5\">me by\u0165 ist\u00ed, \u017ee n\u00e1m d\u00e1 srdce, aby sme ho poznali. Nebojme sa teda! Boh vid\u00ed, \u010d\u00edm si v \u017eivote prech\u00e1dzame. Dnes si viac ako inokedy vzbu\u010fme t\u00fa\u017ebu po odpusten\u00ed t\u00fdm, ktor\u00ed ubl\u00ed\u017eili n\u00e1m alebo na\u0161im de\u0165om. Lebo neodpustenie, hnev a\u017e nen\u00e1vis\u0165 a zl\u00e9 re\u010di v n\u00e1s ni\u010dia kr\u00e1su, chu\u0165 a p\u00f4vab&#8230; Bu\u010fme dobr\u00fdm ovoc\u00edm, aby aj in\u00ed t\u00fa\u017eili ochutna\u0165 z toho, \u010do v n\u00e1s Bo\u017eia l\u00e1ska<\/span> <span class=\"s5\">sp\u00f4sob\u00ed<\/span><span class=\"s5\">.<\/span><\/p>\n\n\n\n<p class=\"s4\"><span class=\"s5\">Bu\u010fme v\u010fa\u010dn\u00ed za v\u0161etko<\/span><span class=\"s5\"> a<\/span><span class=\"s5\"> modlime sa, aby sme vn\u00edmali a c\u00edtili, \u017ee Boh je z\u00e1hradn\u00edkom a my m\u00f4\u017e<\/span><span class=\"s5\">e<\/span><span class=\"s5\">me by\u0165 jeho v\u00fdbornou \u00farodou.<\/span><\/p>\n\n\n\n<p class=\"s4\"><strong><span class=\"s2\">Nede\u013ea<\/span> <span class=\"s2\">30<\/span><span class=\"s2\">. septembra 2019 (Lk 1, 46 \u2013 55)<\/span><\/strong><\/p>\n\n\n\n<p class=\"s4\">Z\u00e1hadn\u00e9 tehotenstvo v&nbsp;mladom veku; \u00fatek k&nbsp;pr\u00edbuzn\u00fdm nielen preto, aby sa ne\u0161\u00edrili re\u010di, ale aj z&nbsp;h\u013eadiska bezpe\u010dnosti seba a&nbsp;najbli\u017e\u0161ej rodiny; p\u00f4rod v&nbsp;cudzom meste v&nbsp;\u0161pinavej ma\u0161tali; \u00fatek do cudzej krajiny; smr\u0165 man\u017eela, ktorou sa stala vdovou v&nbsp;\u010dase a&nbsp;okolnostiach, kedy tento stav hrani\u010dil takmer s&nbsp;dne\u0161n\u00fdm bezdomovectvom a&nbsp;napokon aj odchod jedin\u00e9ho syna, ktor\u00fd sa na verejnosti k&nbsp;vlastnej matke ve\u013emi neprizn\u00e1val&#8230;<\/p>\n\n\n\n<p class=\"s4\">To ani z\u010faleka nevyzer\u00e1 na ide\u00e1lny \u017eivot. Napriek tomu po\u010dujeme z&nbsp;M\u00e1riin\u00fdch \u00fast chv\u00e1lospev. A&nbsp;to len kr\u00e1tko po tom, \u010do sa jej \u017eivot obr\u00e1til naruby. A&nbsp;M\u00e1ria chv\u00e1li a&nbsp;\u010fakuje nielen za seba, ale je Bohu v\u010fa\u010dn\u00e1 za ove\u013ea \u0161ir\u0161ie s\u00favislosti, ktor\u00e9 Boh urobil v&nbsp;\u017eivote jej n\u00e1roda. Mo\u017eno by sme aj my mali ob\u010das otvori\u0165 o\u010di a&nbsp;presta\u0165 by\u0165 pr\u00edli\u0161 sebacentrick\u00fd. A&nbsp;z&nbsp;toho \u0161ir\u0161ieho poh\u013eadu sa asi nikto z&nbsp;n\u00e1s nem\u00e1 tak zle, aby nemal by\u0165 za \u010do v\u010fa\u010dn\u00fd \u2013 \u017eijeme v&nbsp;mieri, m\u00e1me \u010do jes\u0165 aj kde b\u00fdva\u0165 a&nbsp;m\u00e1me si \u010do obliec\u0165, m\u00f4\u017eeme cestova\u0165, slobodne sa rozhodova\u0165&#8230; A&nbsp;v\u00e4\u010d\u0161inou sme zdrav\u00ed, zamestnan\u00ed, m\u00e1me po ruke \u0161koly aj \u0161k\u00f4lky, m\u00e1me sa tam ako dosta\u0165 a&nbsp;ke\u010f sme unaven\u00ed, v\u00e4\u010d\u0161inou si m\u00f4\u017eeme pokojne \u013eahn\u00fa\u0165 a&nbsp;neru\u0161ene spa\u0165. Napriek tomu m\u00e1me v\u017edy mili\u00f3n na\u0161ich ve\u013emi v\u00e1\u017enych \u201eale\u201c..<a name=\"_GoBack\"><\/a>.<\/p>\n\n\n\n<p class=\"s4\">Ke\u010f budeme teraz k\u013ea\u010da\u0165 pred Je\u017ei\u0161om, spome\u0148me si na Pannu M\u00e1riu, ktor\u00e1 povedala \u201e\u00e1no\u201c. <span class=\"s6\">In\u0161pirujme sa jej odvahou a odhodlan\u00edm prij\u00edma\u0165 v\u0161etko, \u010do n\u00e1m P\u00e1n v \u0161ir\u0161om meradle prin\u00e1\u0161a, hoc to na prv\u00fd poh\u013ead m\u00f4\u017ee vyzera\u0165 desivo. Vyme\u0148me svoje &#8220;ale&#8221;, za M\u00e1riino &#8220;\u00e1no&#8221;.<\/span><\/p>\n\n\n\n<p class=\"s4\"><span class=\"s2\">mamy z MM<\/span><\/p>\n\n\n\n<p><a href=\"https:\/\/photos.app.goo.gl\/eeVRfF91HhJXxMsw5\">Fotky z trojdnia<\/a><\/p>\n\t\t\t\t","protected":false},"excerpt":{"rendered":"<p>V\u00a0posledn\u00fd septembrov\u00fd v\u00edkend sme sa op\u00e4\u0165 zapojili aj v\u00a0na\u0161ej farnosti do modlitbov\u00e9ho trojdnia matiek, ktor\u00e9 sa kon\u00e1 na celom svete. V\u0161etky tri dni sme mali t\u00fa milos\u0165 modli\u0165 sa a\u00a0adorova\u0165 pred Sviatos\u0165ou olt\u00e1rnou v\u00a0Hrubom \u0160\u00fare (piatok), v\u00a0Hrubej Bor\u0161i (sobota) a\u00a0v\u00a0Kostolnej (nede\u013ea). Prin\u00e1\u0161ame v\u00e1m zamyslenia, ktor\u00e9 sme si na jednotliv\u00e9 dni v\u00a0skupink\u00e1ch pripravili.<\/p>\n","protected":false},"author":7,"featured_media":4436,"comment_status":"closed","ping_status":"closed","sticky":false,"template":"","format":"standard","meta":{"footnotes":""},"categories":[6],"tags":[],"class_list":{"0":"entry","1":"post","2":"publish","3":"author-slado89gmail-com","4":"has-excerpt","5":"has-more-link","6":"post-4435","8":"format-standard","9":"has-post-thumbnail","10":"category-aktuality-sk"},"_links":{"self":[{"href":"https:\/\/www.farakostolna.sk\/index.php?rest_route=\/wp\/v2\/posts\/4435","targetHints":{"allow":["GET"]}}],"collection":[{"href":"https:\/\/www.farakostolna.sk\/index.php?rest_route=\/wp\/v2\/posts"}],"about":[{"href":"https:\/\/www.farakostolna.sk\/index.php?rest_route=\/wp\/v2\/types\/post"}],"author":[{"embeddable":true,"href":"https:\/\/www.farakostolna.sk\/index.php?rest_route=\/wp\/v2\/users\/7"}],"replies":[{"embeddable":true,"href":"https:\/\/www.farakostolna.sk\/index.php?rest_route=%2Fwp%2Fv2%2Fcomments&post=4435"}],"version-history":[{"count":0,"href":"https:\/\/www.farakostolna.sk\/index.php?rest_route=\/wp\/v2\/posts\/4435\/revisions"}],"wp:featuredmedia":[{"embeddable":true,"href":"https:\/\/www.farakostolna.sk\/index.php?rest_route=\/"}],"wp:attachment":[{"href":"https:\/\/www.farakostolna.sk\/index.php?rest_route=%2Fwp%2Fv2%2Fmedia&parent=4435"}],"wp:term":[{"taxonomy":"category","embeddable":true,"href":"https:\/\/www.farakostolna.sk\/index.php?rest_route=%2Fwp%2Fv2%2Fcategories&post=4435"},{"taxonomy":"post_tag","embeddable":true,"href":"https:\/\/www.farakostolna.sk\/index.php?rest_route=%2Fwp%2Fv2%2Ftags&post=4435"}],"curies":[{"name":"wp","href":"https:\/\/api.w.org\/{rel}","templated":true}]}}