{"id":4419,"date":"2019-09-27T19:31:39","date_gmt":"2019-09-27T19:31:39","guid":{"rendered":"http:\/\/kostolna.fara.sk\/?p=4419"},"modified":"2019-09-27T19:31:39","modified_gmt":"2019-09-27T19:31:39","slug":"zaciname-s-pripravou-na-prve-svate-prijimanie","status":"publish","type":"post","link":"https:\/\/www.farakostolna.sk\/?p=4419","title":{"rendered":"Za\u010d\u00edname s pr\u00edpravou na prv\u00e9 sv\u00e4t\u00e9 prij\u00edmanie"},"content":{"rendered":"\n\t\t\t\t\n\t\t\t\t\n<div class=\"wp-block-image\"><figure class=\"alignleft is-resized\"><img loading=\"lazy\" decoding=\"async\" src=\"http:\/\/kostolna.fara.sk\/wp-content\/uploads\/2019\/09\/765DC1FC-E34B-44EF-AFBA-CB8D2CFBE530-e1569612641354.jpeg\" alt=\"\" class=\"wp-image-4420\" width=\"183\" height=\"183\"\/><\/figure><\/div>\n\n\n\n<p>Srde\u010dne poz\u00fdvam v\u0161etky deti 3. ro\u010dn\u00edka a star\u0161\u00edch, ktor\u00ed e\u0161te neboli na prvom sv\u00e4tom prij\u00edman\u00ed, na pr\u00edpravu. <a href=\"https:\/\/drive.google.com\/file\/d\/15yPUGCP6969CAk6wJLQZQI_PbxcJLYJI\/view?usp=drivesdk\">Tu si m\u00f4\u017eete stiahnu\u0165 prihl\u00e1\u0161ku<\/a> spolu s bli\u017e\u0161\u00edmi inform\u00e1ciami. Vyplnen\u00fa ju, pros\u00edm, odovzda\u0165 pod\u013ea pokynov najnesk\u00f4r do&nbsp;9. 10. 2019.&nbsp;Sl\u00e1vnostn\u00e9 uvedenie prihl\u00e1sen\u00fdch det\u00ed bude po\u010das sv\u00e4tej om\u0161e&nbsp;v nede\u013eu 13. 10. 2019 o 11:00.<\/p>\n\t\t\t\t","protected":false},"excerpt":{"rendered":"<p>Srde\u010dne poz\u00fdvam v\u0161etky deti 3. ro\u010dn\u00edka a star\u0161\u00edch, ktor\u00ed e\u0161te neboli na prvom sv\u00e4tom prij\u00edman\u00ed, na pr\u00edpravu. Tu si m\u00f4\u017eete stiahnu\u0165 prihl\u00e1\u0161ku spolu s bli\u017e\u0161\u00edmi inform\u00e1ciami. Vyplnen\u00fa ju, pros\u00edm, odovzda\u0165 pod\u013ea pokynov najnesk\u00f4r do&nbsp;9. 10. 2019.&nbsp;Sl\u00e1vnostn\u00e9 uvedenie prihl\u00e1sen\u00fdch det\u00ed bude po\u010das sv\u00e4tej om\u0161e&nbsp;v nede\u013eu 13. 10. 2019 o 11:00.<\/p>\n","protected":false},"author":6,"featured_media":4420,"comment_status":"closed","ping_status":"closed","sticky":false,"template":"","format":"standard","meta":{"footnotes":""},"categories":[18],"tags":[],"class_list":{"0":"entry","1":"post","2":"publish","3":"author-palszm-sk","4":"has-excerpt","5":"post-4419","7":"format-standard","8":"has-post-thumbnail","9":"category-svate-prijmanie"},"_links":{"self":[{"href":"https:\/\/www.farakostolna.sk\/index.php?rest_route=\/wp\/v2\/posts\/4419","targetHints":{"allow":["GET"]}}],"collection":[{"href":"https:\/\/www.farakostolna.sk\/index.php?rest_route=\/wp\/v2\/posts"}],"about":[{"href":"https:\/\/www.farakostolna.sk\/index.php?rest_route=\/wp\/v2\/types\/post"}],"author":[{"embeddable":true,"href":"https:\/\/www.farakostolna.sk\/index.php?rest_route=\/wp\/v2\/users\/6"}],"replies":[{"embeddable":true,"href":"https:\/\/www.farakostolna.sk\/index.php?rest_route=%2Fwp%2Fv2%2Fcomments&post=4419"}],"version-history":[{"count":0,"href":"https:\/\/www.farakostolna.sk\/index.php?rest_route=\/wp\/v2\/posts\/4419\/revisions"}],"wp:featuredmedia":[{"embeddable":true,"href":"https:\/\/www.farakostolna.sk\/index.php?rest_route=\/"}],"wp:attachment":[{"href":"https:\/\/www.farakostolna.sk\/index.php?rest_route=%2Fwp%2Fv2%2Fmedia&parent=4419"}],"wp:term":[{"taxonomy":"category","embeddable":true,"href":"https:\/\/www.farakostolna.sk\/index.php?rest_route=%2Fwp%2Fv2%2Fcategories&post=4419"},{"taxonomy":"post_tag","embeddable":true,"href":"https:\/\/www.farakostolna.sk\/index.php?rest_route=%2Fwp%2Fv2%2Ftags&post=4419"}],"curies":[{"name":"wp","href":"https:\/\/api.w.org\/{rel}","templated":true}]}}