{"id":4407,"date":"2019-09-27T19:09:01","date_gmt":"2019-09-27T19:09:01","guid":{"rendered":"http:\/\/kostolna.fara.sk\/?p=4407"},"modified":"2019-09-27T19:09:01","modified_gmt":"2019-09-27T19:09:01","slug":"pozehnanie-skolskych-tasiek-pozehnana-zbierka","status":"publish","type":"post","link":"https:\/\/www.farakostolna.sk\/?p=4407","title":{"rendered":"Po\u017eehnanie \u0161kolsk\u00fdch ta\u0161iek, po\u017eehnan\u00e1 zbierka"},"content":{"rendered":"\n\t\t\t\t\n\t\t\t\t\n<div class=\"wp-block-image\"><figure class=\"aligncenter is-resized\"><img loading=\"lazy\" decoding=\"async\" src=\"http:\/\/kostolna.fara.sk\/wp-content\/uploads\/2019\/09\/9563878C-E036-479C-AAFA-9C45E1893E62-1024x768.jpeg\" alt=\"\" class=\"wp-image-4408\" width=\"557\" height=\"418\"\/><\/figure><\/div>\n\n\n\n<p>Prv\u00e1 rodinn\u00e1 sv\u00e4t\u00e1 om\u0161a v\u00a0novom \u0161kolskom roku bola\u00a0spojen\u00e1 aj s\u00a0dvomi ve\u013emi mil\u00fdmi\u00a0akciami.<\/p>\n\n\n<p><!--more--><\/p>\n\n\n<p><strong>U\u017e tradi\u010dn\u00e9 po\u017eehnanie<\/strong><strong>&nbsp;\u0161kolsk\u00fdch ta\u0161iek<\/strong><\/p>\n\n\n\n<p>Tak, ako bol kedysi 1. september za\u010diatkom \u0161kolsk\u00e9ho roka, tak boli aj \u0161kol\u00e1ci v&nbsp;tento de\u0148 po\u017eehnan\u00ed spolu so \u0161kolsk\u00fdmi ta\u0161kami, ktor\u00e9 symbolizuj\u00fa v\u0161etko, \u010do so \u0161kolou s\u00favis\u00ed.&nbsp;Po\u017eehnanie je z\u00e1rove\u0148 ur\u010den\u00e9 aj v\u0161etk\u00fdm pedag\u00f3gom, vychov\u00e1vate\u013eom, ale aj rodi\u010dom, ktor\u00ed tieto deti po\u010das n\u00e1ro\u010dn\u00e9ho obdobia sprev\u00e1dzaj\u00fa. A ako bolo vidie\u0165&nbsp;na po\u010dte \u0161kolsk\u00fdch ta\u0161iek, ktor\u00e9 z&nbsp;roka na rok pred olt\u00e1rom prib\u00fadaj\u00fa, toto po\u017eehnanie sa u\u017e stalo peknou trad\u00edciou.&nbsp;<\/p>\n\n\n\n<p><strong>Ke\u010f<\/strong><strong>&nbsp;mysl\u00edme na druh\u00fdch<\/strong><\/p>\n\n\n\n<p>Z\u00e1rove\u0148 bola pred&nbsp;rodinnou&nbsp;sv\u00e4tou om\u0161ou ohl\u00e1sen\u00e1&nbsp;aj&nbsp;zbierka \u0161kolsk\u00fdch potrieb pre deti zo soci\u00e1lne slab\u0161\u00edch rod\u00edn.&nbsp;T\u00fato akciu u\u017e po nieko\u013ek\u00fdkr\u00e1t organizuje Slovensk\u00e1 katol\u00edcka charita. Mysleli sme, \u017ee budeme do Charity nies\u0165 zop\u00e1r zo\u0161itov a&nbsp;p\u00edsac\u00edch potrieb, no \u0161tedros\u0165 na\u0161ich farn\u00edkov n\u00e1s ve\u013emi milo prekvapila. Vec\u00ed bolo to\u013eko, \u017ee si&nbsp;ich Charita napokon pri\u0161la vyzdvihn\u00fa\u0165 sama!&nbsp;T\u00ed, ktor\u00ed&nbsp;sme pom\u00e1hali nosi\u0165 veci spred olt\u00e1rov do pastora\u010dn\u00e9ho centra a&nbsp;n\u00e1sledne do pristaven\u00e9ho auta,&nbsp;sme boli prekvapen\u00ed e\u0161te raz. Mysliac si, \u017ee si nahod\u00edme&nbsp;z darovan\u00fdch ta\u0161iek&nbsp;na plecia aj tri \u010di \u0161tyri kusy,&nbsp;sme zostali v&nbsp;nemom \u00fa\u017ease, ke\u010f\u017ee&nbsp;tie ta\u0161ky boli pln\u00e9 farbi\u010diek, zo\u0161itov, kn\u00edh, \u0161kolsk\u00fdch dosiek, prav\u00edtok a&nbsp;v\u0161etk\u00e9ho mo\u017en\u00e9ho potrebn\u00e9ho pre t\u00fdch, ktor\u00ed s\u00fa v&nbsp;\u017eivote menej obdarovan\u00ed hmotn\u00fdmi dobrami. Naozaj \u00faprimn\u00e9 P\u00e1n Boh zapla\u0165 v\u0161etk\u00fdm, ktor\u00ed nezostali slep\u00ed a&nbsp;hluch\u00ed vo\u010di v\u00fdzve podeli\u0165 sa.&nbsp;<\/p>\n\n\n\n<p>Nech teda v\u0161etk\u00fdch na\u0161ich \u0161kol\u00e1kov sprev\u00e1dza Duch Sv\u00e4t\u00fd a&nbsp;nech P\u00e1n odmen\u00ed t\u00fdch, ktor\u00ed sa podelili.<\/p>\n\n\n\n<p>Eva Fran\u010dekov\u00e1, Hrub\u00fd \u0160\u00far<\/p>\n\n\n\n<p><a href=\"https:\/\/photos.app.goo.gl\/6TdMNr8UY4epcJ426\">Viac fotiek tu.<\/a><\/p>\n\t\t\t\t","protected":false},"excerpt":{"rendered":"<p>Prv\u00e1 rodinn\u00e1 sv\u00e4t\u00e1 om\u0161a v\u00a0novom \u0161kolskom roku bola\u00a0spojen\u00e1 aj s\u00a0dvomi ve\u013emi mil\u00fdmi\u00a0akciami.<\/p>\n","protected":false},"author":7,"featured_media":4408,"comment_status":"closed","ping_status":"closed","sticky":false,"template":"","format":"standard","meta":{"footnotes":""},"categories":[5],"tags":[],"class_list":{"0":"entry","1":"post","2":"publish","3":"author-slado89gmail-com","4":"has-excerpt","5":"has-more-link","6":"post-4407","8":"format-standard","9":"has-post-thumbnail","10":"category-aktuality"},"_links":{"self":[{"href":"https:\/\/www.farakostolna.sk\/index.php?rest_route=\/wp\/v2\/posts\/4407","targetHints":{"allow":["GET"]}}],"collection":[{"href":"https:\/\/www.farakostolna.sk\/index.php?rest_route=\/wp\/v2\/posts"}],"about":[{"href":"https:\/\/www.farakostolna.sk\/index.php?rest_route=\/wp\/v2\/types\/post"}],"author":[{"embeddable":true,"href":"https:\/\/www.farakostolna.sk\/index.php?rest_route=\/wp\/v2\/users\/7"}],"replies":[{"embeddable":true,"href":"https:\/\/www.farakostolna.sk\/index.php?rest_route=%2Fwp%2Fv2%2Fcomments&post=4407"}],"version-history":[{"count":0,"href":"https:\/\/www.farakostolna.sk\/index.php?rest_route=\/wp\/v2\/posts\/4407\/revisions"}],"wp:featuredmedia":[{"embeddable":true,"href":"https:\/\/www.farakostolna.sk\/index.php?rest_route=\/"}],"wp:attachment":[{"href":"https:\/\/www.farakostolna.sk\/index.php?rest_route=%2Fwp%2Fv2%2Fmedia&parent=4407"}],"wp:term":[{"taxonomy":"category","embeddable":true,"href":"https:\/\/www.farakostolna.sk\/index.php?rest_route=%2Fwp%2Fv2%2Fcategories&post=4407"},{"taxonomy":"post_tag","embeddable":true,"href":"https:\/\/www.farakostolna.sk\/index.php?rest_route=%2Fwp%2Fv2%2Ftags&post=4407"}],"curies":[{"name":"wp","href":"https:\/\/api.w.org\/{rel}","templated":true}]}}