{"id":4356,"date":"2019-08-02T11:11:19","date_gmt":"2019-08-02T11:11:19","guid":{"rendered":"http:\/\/kostolna.fara.sk\/?p=4356"},"modified":"2019-08-02T11:11:19","modified_gmt":"2019-08-02T11:11:19","slug":"zbierka-skolskych-pomocok","status":"publish","type":"post","link":"https:\/\/www.farakostolna.sk\/?p=4356","title":{"rendered":"Zbierka \u0161kolsk\u00fdch pom\u00f4cok"},"content":{"rendered":"\n\t\t\t\t\n\t\t\t\t\n<ul class=\"wp-block-gallery columns-1 is-cropped wp-block-gallery-1 is-layout-flex wp-block-gallery-is-layout-flex\"><li class=\"blocks-gallery-item\"><figure><img decoding=\"async\" src=\"http:\/\/kostolna.fara.sk\/wp-content\/uploads\/2019\/08\/zbierka_skolskych_pomocok-1024x867.jpg\" alt=\"\" data-id=\"4357\" data-link=\"http:\/\/kostolna.fara.sk\/?attachment_id=4357\" class=\"wp-image-4357\"\/><\/figure><\/li><\/ul>\n\n\n\n<p>V\u00a0<strong>nede\u013eu 1. septembra 2019 po\u010das rodinnej sv\u00e4tej om\u0161e o\u00a011:00<\/strong> bude prebieha\u0165 zbierka \u0161kolsk\u00fdch potrieb pre deti zo soci\u00e1lne slab\u0161\u00edch rod\u00edn, kr\u00edzov\u00fdch centier a\u00a0detsk\u00fdch domovov. Kto m\u00f4\u017eete, prineste nov\u00e9 alebo pou\u017e\u00edvan\u00e9, no st\u00e1le funk\u010dn\u00e9 pera\u010dn\u00edky, ta\u0161ky, zo\u0161ity, prav\u00edtka, fixky, no\u017enice, per\u00e1, pastelky a\u00a0v\u0161etko, \u010do m\u00f4\u017eu deti v\u00a0\u0161kole pri u\u010den\u00ed vyu\u017ei\u0165. Veci m\u00f4\u017eete prin\u00e1\u0161a\u0165 pred sv\u00e4tou om\u0161ou na bo\u010dn\u00e9 olt\u00e1re. N\u00e1sledne bud\u00fa odovzdan\u00e9 v\u00a0s\u00eddle Slovenskej katol\u00edckej charity v\u00a0Bratislave, ktor\u00e1 dan\u00fa zbierku organizuje. Vopred \u010fakujeme za va\u0161u ochotu a \u0161tedros\u0165.<\/p>\n\t\t\t\t","protected":false},"excerpt":{"rendered":"<p>V\u00a0nede\u013eu 1. septembra 2019 po\u010das rodinnej sv\u00e4tej om\u0161e o\u00a011:00 bude prebieha\u0165 zbierka \u0161kolsk\u00fdch potrieb pre deti zo soci\u00e1lne slab\u0161\u00edch rod\u00edn, kr\u00edzov\u00fdch centier a\u00a0detsk\u00fdch domovov. Kto m\u00f4\u017eete, prineste nov\u00e9 alebo pou\u017e\u00edvan\u00e9, no st\u00e1le funk\u010dn\u00e9 pera\u010dn\u00edky, ta\u0161ky, zo\u0161ity, prav\u00edtka, fixky, no\u017enice, per\u00e1, pastelky a\u00a0v\u0161etko, \u010do m\u00f4\u017eu deti v\u00a0\u0161kole pri u\u010den\u00ed vyu\u017ei\u0165. Veci m\u00f4\u017eete prin\u00e1\u0161a\u0165 pred sv\u00e4tou om\u0161ou &#8230; <span class=\"more\"><a class=\"more-link\" href=\"https:\/\/www.farakostolna.sk\/?p=4356\">[\u010c\u00edta\u0165 \u010falej&#8230;]<\/a><\/span><\/p>\n","protected":false},"author":7,"featured_media":4357,"comment_status":"closed","ping_status":"closed","sticky":false,"template":"","format":"standard","meta":{"footnotes":""},"categories":[6],"tags":[],"class_list":{"0":"entry","1":"post","2":"publish","3":"author-slado89gmail-com","4":"has-excerpt","5":"post-4356","7":"format-standard","8":"has-post-thumbnail","9":"category-aktuality-sk"},"_links":{"self":[{"href":"https:\/\/www.farakostolna.sk\/index.php?rest_route=\/wp\/v2\/posts\/4356","targetHints":{"allow":["GET"]}}],"collection":[{"href":"https:\/\/www.farakostolna.sk\/index.php?rest_route=\/wp\/v2\/posts"}],"about":[{"href":"https:\/\/www.farakostolna.sk\/index.php?rest_route=\/wp\/v2\/types\/post"}],"author":[{"embeddable":true,"href":"https:\/\/www.farakostolna.sk\/index.php?rest_route=\/wp\/v2\/users\/7"}],"replies":[{"embeddable":true,"href":"https:\/\/www.farakostolna.sk\/index.php?rest_route=%2Fwp%2Fv2%2Fcomments&post=4356"}],"version-history":[{"count":0,"href":"https:\/\/www.farakostolna.sk\/index.php?rest_route=\/wp\/v2\/posts\/4356\/revisions"}],"wp:featuredmedia":[{"embeddable":true,"href":"https:\/\/www.farakostolna.sk\/index.php?rest_route=\/"}],"wp:attachment":[{"href":"https:\/\/www.farakostolna.sk\/index.php?rest_route=%2Fwp%2Fv2%2Fmedia&parent=4356"}],"wp:term":[{"taxonomy":"category","embeddable":true,"href":"https:\/\/www.farakostolna.sk\/index.php?rest_route=%2Fwp%2Fv2%2Fcategories&post=4356"},{"taxonomy":"post_tag","embeddable":true,"href":"https:\/\/www.farakostolna.sk\/index.php?rest_route=%2Fwp%2Fv2%2Ftags&post=4356"}],"curies":[{"name":"wp","href":"https:\/\/api.w.org\/{rel}","templated":true}]}}