{"id":4340,"date":"2019-07-08T18:47:15","date_gmt":"2019-07-08T18:47:15","guid":{"rendered":"http:\/\/kostolna.fara.sk\/?p=4340"},"modified":"2019-07-08T18:47:15","modified_gmt":"2019-07-08T18:47:15","slug":"modlitbove-trojdnie-jun-2019","status":"publish","type":"post","link":"https:\/\/www.farakostolna.sk\/?p=4340","title":{"rendered":"Modlitbov\u00e9 trojdnie \u2013 j\u00fan 2019"},"content":{"rendered":"\n\t\t\t\t\n\t\t\t\t\n<figure class=\"wp-block-image\"><img decoding=\"async\" src=\"http:\/\/kostolna.fara.sk\/wp-content\/uploads\/2019\/07\/image1-kopie-kopie-kopie-e1562611514777.jpeg\" alt=\"\" class=\"wp-image-4341\"\/><\/figure>\n\n\n\n<p>Op\u00e4\u0165 sa na\u0161im skupink\u00e1m zo spolo\u010denstva\nmodlitieb matiek podarilo zapoji\u0165 do celosvetov\u00e9ho trojdnia modlitieb za\nodprosenie svojich hriechov, za t\u00fdch, ktor\u00ed ubl\u00ed\u017eili n\u00e1m a&nbsp;na\u0161im de\u0165om\na&nbsp;tie\u017e v\u010faky a&nbsp;chv\u00e1l za v\u0161etko, \u010do P\u00e1n spravil v&nbsp;na\u0161ich\n\u017eivotoch.<\/p>\n\n\n<p><!--more--><\/p>\n\n\n<p><strong>Piatok 28. j\u00fana 2019 (Jn 17, 14-23)<\/strong><\/p>\n\n\n\n<p>Drah\u00fd n\u00e1\u0161 priate\u013e Je\u017ei\u0161! Sme pln\u00ed v\u010faky, \u017ee m\u00f4\u017eeme by\u0165\ndnes s Tebou. Pros\u00edme o odpustenie na\u0161ich hriechov, ktor\u00fdmi sme Ti ubl\u00ed\u017eili.\nSme hrie\u0161nici. Vypros n\u00e1m milos\u0165 dobrej sv\u00e4tej spovede, ku ktorej n\u00e1s poz\u00fdva\nn\u00e1\u0161 Sv\u00e4t\u00fd otec Franti\u0161ek.<\/p>\n\n\n\n<p>Si tu s&nbsp;nami, Je\u017ei\u0161u, no nevid\u00edme \u0164a. Tak sme si ako\npom\u00f4cku priniesli Tvoj obraz tv\u00e1re z Bo\u017eieho milosrdenstva. Vzadu m\u00e1me ko\u0161\u00edk s\nkr\u00fa\u017ekami. Tak, ako to ka\u017ed\u00fd t\u00fd\u017ede\u0148 rob\u00edme v skupink\u00e1ch, vezmime si jeden\nkr\u00fa\u017eok, ktor\u00fd predstavuje ka\u017ed\u00e9ho z n\u00e1s. P\u00e1n Je\u017ei\u0161 n\u00e1s chce ma\u0165 pri sebe teraz\nv tomto na\u0161om pozemskom \u017eivote a aj po \u0148om v nebi. Vklad\u00e1me ku Tebe, Je\u017ei\u0161u,\nseba i t\u00fdch, ktor\u00fdch si n\u00e1m dal, aby sme boli v\u0161etci Tvoji. Pomocou Tvojej\nmilosti chceme kr\u00e1\u010da\u0165 krok za krokom. Panna M\u00e1ria, Bo\u017eia Matka a v\u0161etci sv\u00e4t\u00ed,\norodujte za n\u00e1s, aby sme vytrvali!<\/p>\n\n\n\n<p><strong>Sobota 29. j\u00fana 2019 (Dt 17, 8 \u2013 11)<\/strong><\/p>\n\n\n\n<p>S\u00fady boli a bud\u00fa v\u017edy. A v\u017edy je \u0165a\u017ek\u00e9 urobi\u0165\nspravodliv\u00fd rozsudok\u2026 E\u0161te \u0165a\u017e\u0161ie je prija\u0165 ho. Aj my, mamy, \u010dasto za\u017e\u00edvame\nsvoje \u010di cudzie s\u00fadne boje. Ako n\u00e1s to ovplyv\u0148uje? \u010co s t\u00fdm zlom a\nnespravodlivos\u0165ou, ubli\u017eovan\u00edm a posudzovan\u00edm, ktor\u00e9 sa t\u00fdkaj\u00fa n\u00e1s, na\u0161ich\nrod\u00edn? Na koho sa m\u00e1me obr\u00e1ti\u0165? Na svetsk\u00fdch sudcov, na na\u0161ich k\u0148azov \u010di si\nporad\u00edme samy? Zv\u00e1\u017ete! Tu je \u017eiv\u00fd nov\u00fd z\u00e1kon medzi nami, aby sme sa milovali\nnavz\u00e1jom, odp\u00fa\u0161\u0165ali si a dokonca modlili sa aj za nepriate\u013eov\u2026 To Je\u017ei\u0161 je ten,\nku komu m\u00e1me prich\u00e1dza\u0165 so v\u0161etk\u00fdmi staros\u0165ami. On pon\u00faka odpove\u010f na v\u0161etko a\nd\u00e1va k tomu potrebn\u00e9 dary, milosti. Jeho slovo je jasn\u00e9 a mocn\u00e9. E\u0161te na kr\u00ed\u017ei,\nk\u00fdm zav\u0155\u0161i dielo l\u00e1sky a sp\u00e1sy, d\u00e1va n\u00e1m svoju matku. A ona pod kr\u00ed\u017eom\npreci\u0165uje t\u00fa krut\u00fa ranu, utrpenie Syna, nespravodliv\u00e9 ods\u00fadenie, zlobu \u013eud\u00ed,\nktor\u00fdm nikdy neubl\u00ed\u017eil, ba naopak. Nie prv\u00fd ani posledn\u00fdkr\u00e1t\u2026 A predsa je pln\u00e1\nmilosti, l\u00e1sky a odovzdanosti Bo\u017eej v\u00f4li. Je n\u00e1m predsa tak bl\u00edzko\u2026 Je matka a\nso svoj\u00edm die\u0165a\u0165om ako i s&nbsp;nami, svojimi de\u0165mi, pre\u017e\u00edva na\u0161e tr\u00e1penia i\nv\u00ed\u0165azstv\u00e1. V\u0161etci sme jej de\u0165mi &#8211; aj sudcovia, aj k\u0148azi\u2026 U\u010dme sa milova\u0165 a\nodp\u00fa\u0161\u0165a\u0165 od Matky, ktor\u00e1 t\u00fato dobr\u00fa v\u00f4\u013eu prin\u00e1\u0161a Je\u017ei\u0161ovi a On v\u017edy zasiahne,\nuzdrav\u00ed, naprav\u00ed a vyrie\u0161i na\u0161e probl\u00e9my. Nechajme s\u00fady na Boha. Je ur\u010dite\nnajspravodlivej\u0161\u00ed. <\/p>\n\n\n\n<p>Pred obrazom Panny M\u00e1rie modlime sa jeden Zdravas\na prosme za milos\u0165 odpustenia, obr\u00e1tenia a prijatia ka\u017edej \u017eivotnej situ\u00e1cie\nako z Bo\u017e\u00edch r\u00fak. Vezmime si pierko ako symbol oslobodenia, u\u013eavenia, \u013eahkej du\u0161i\u2026\nNech Duch Sv\u00e4t\u00fd m\u00f4\u017ee p\u00f4sobi\u0165 v n\u00e1s \u013eahko a s l\u00e1skou\u2026 A nakoniec dostaneme kr\u00eddla,\nktor\u00e9 n\u00e1s povznes\u00fa k nebu\u2026 <\/p>\n\n\n\n<p><strong>Nede\u013ea 30. j\u00fana 2019 (\u017d 92 (91), 2 \u2013 6)<\/strong><\/p>\n\n\n\n<p>Spom\u00ednate si, ke\u010f ste mali z nie\u010doho rados\u0165 a\nchcelo sa v\u00e1m a\u017e spieva\u0165? Aj ke\u010f nie v\u0161etci sme hudobn\u00edci, ob\u010das sa n\u00e1m ka\u017ed\u00e9mu\nza\u017eiada \u201evyspieva\u0165\u201c sa z toho pocitu radosti alebo si aspo\u0148 z v\u010faky zakri\u010da\u0165 z\npln\u00e9ho hrdla. Za symbol dne\u0161n\u00e9ho d\u0148a sme si preto zvolili mal\u00e9ho vt\u00e1\u010dika \u2013 ako\nsymbol toho, kto oslavuje a ospevuje pr\u00edchod nov\u00e9ho d\u0148a a z\u00e1rove\u0148 s\u00e1m je\ndokonal\u00fdm dielom Stvorite\u013ea. Prich\u00e1dzajme teda teraz dopredu a z v\u010faky za\nv\u0161etky dobrodenia v na\u0161ich \u017eivotoch a \u017eivotoch na\u0161ich det\u00ed spolo\u010dne vyfarbime jeho\nsiluetu.<\/p>\n\n\n\n<p>Mo\u017eno sme viacer\u00ed nemali pr\u00e1ve naj\u0161\u0165astnej\u0161ie\nobdobie, ale u\u017e len to, \u017ee sme, je ur\u010dite hodn\u00e9 chv\u00e1ly a v\u010faky, lebo sme\ndokonal\u00fdm a ve\u013ekolep\u00fdm dielom P\u00e1na, ako to hovor\u00ed aj \u017ealmista. A tie\u017e n\u00e1s\nuis\u0165uje, \u017ee Jeho my\u0161lienky s\u00fa hlbok\u00e9 a ur\u010dite m\u00e1 v\u0161etko v na\u0161ich \u017eivotoch\nv\u00fdznam, aj ke\u010f ho z tej na\u0161ej perspekt\u00edvy nevn\u00edmame. Hoci n\u00e1m je nemo\u017en\u00e9\nnazera\u0165 z Bo\u017eej perspekt\u00edvy, sk\u00fasme sa mo\u017eno aspo\u0148 na okamih tro\u0161ku povznies\u0165 a\naspo\u0148 z tej vt\u00e1\u010dej perspekt\u00edvy nakukn\u00fa\u0165 na n\u00e1\u0161 \u017eivot. Lebo aj ten najmen\u0161\u00ed a\nnajmenej farebn\u00fd vt\u00e1\u010dik prin\u00e1\u0161a svoj\u00edm skor\u00fdm rann\u00fdm spevom n\u00e1dej do cel\u00e9ho\nd\u0148a.<\/p>\n\n\n\n<p><strong>mamy z MM<\/strong><\/p>\n\n\n\n<p><a href=\"https:\/\/photos.app.goo.gl\/miQvqmLchbQrouw36\">Fotky z modlitbov\u00e9ho trojdnia<\/a><\/p>\n\t\t\t\t","protected":false},"excerpt":{"rendered":"<p>Op\u00e4\u0165 sa na\u0161im skupink\u00e1m zo spolo\u010denstva modlitieb matiek podarilo zapoji\u0165 do celosvetov\u00e9ho trojdnia modlitieb za odprosenie svojich hriechov, za t\u00fdch, ktor\u00ed ubl\u00ed\u017eili n\u00e1m a&nbsp;na\u0161im de\u0165om a&nbsp;tie\u017e v\u010faky a&nbsp;chv\u00e1l za v\u0161etko, \u010do P\u00e1n spravil v&nbsp;na\u0161ich \u017eivotoch.<\/p>\n","protected":false},"author":7,"featured_media":4341,"comment_status":"closed","ping_status":"closed","sticky":false,"template":"","format":"standard","meta":{"footnotes":""},"categories":[5],"tags":[],"class_list":{"0":"entry","1":"post","2":"publish","3":"author-slado89gmail-com","4":"has-excerpt","5":"has-more-link","6":"post-4340","8":"format-standard","9":"has-post-thumbnail","10":"category-aktuality"},"_links":{"self":[{"href":"https:\/\/www.farakostolna.sk\/index.php?rest_route=\/wp\/v2\/posts\/4340","targetHints":{"allow":["GET"]}}],"collection":[{"href":"https:\/\/www.farakostolna.sk\/index.php?rest_route=\/wp\/v2\/posts"}],"about":[{"href":"https:\/\/www.farakostolna.sk\/index.php?rest_route=\/wp\/v2\/types\/post"}],"author":[{"embeddable":true,"href":"https:\/\/www.farakostolna.sk\/index.php?rest_route=\/wp\/v2\/users\/7"}],"replies":[{"embeddable":true,"href":"https:\/\/www.farakostolna.sk\/index.php?rest_route=%2Fwp%2Fv2%2Fcomments&post=4340"}],"version-history":[{"count":0,"href":"https:\/\/www.farakostolna.sk\/index.php?rest_route=\/wp\/v2\/posts\/4340\/revisions"}],"wp:featuredmedia":[{"embeddable":true,"href":"https:\/\/www.farakostolna.sk\/index.php?rest_route=\/"}],"wp:attachment":[{"href":"https:\/\/www.farakostolna.sk\/index.php?rest_route=%2Fwp%2Fv2%2Fmedia&parent=4340"}],"wp:term":[{"taxonomy":"category","embeddable":true,"href":"https:\/\/www.farakostolna.sk\/index.php?rest_route=%2Fwp%2Fv2%2Fcategories&post=4340"},{"taxonomy":"post_tag","embeddable":true,"href":"https:\/\/www.farakostolna.sk\/index.php?rest_route=%2Fwp%2Fv2%2Ftags&post=4340"}],"curies":[{"name":"wp","href":"https:\/\/api.w.org\/{rel}","templated":true}]}}