{"id":4314,"date":"2019-06-13T03:17:20","date_gmt":"2019-06-13T03:17:20","guid":{"rendered":"http:\/\/kostolna.fara.sk\/?p=4314"},"modified":"2019-06-13T03:17:20","modified_gmt":"2019-06-13T03:17:20","slug":"takto-sme-oslavili-den-rodiny-2019","status":"publish","type":"post","link":"https:\/\/www.farakostolna.sk\/?p=4314","title":{"rendered":"Takto sme osl\u00e1vili De\u0148 rodiny 2019"},"content":{"rendered":"\n\t\t\t\t\n\t\t\t\t\n<figure class=\"wp-block-image\"><img decoding=\"async\" src=\"http:\/\/kostolna.fara.sk\/wp-content\/uploads\/2019\/06\/739249EC-8413-47AD-B38A-B6A04C55EB7E-1024x683.jpeg\" alt=\"\" class=\"wp-image-4319\"\/><\/figure>\n\n\n\n<p>Kalend\u00e1rne leto bolo s\u00edce e\u0161te predo dvermi, ale my sme sa v sobotu 8. j\u00fana ocitli v hor\u00facich slne\u010dn\u00fdch l\u00fa\u010doch. De\u0148 rodiny v Kostolnej pri Dunaji je u\u017e zabehnut\u00e1 prorodinn\u00e1 akcia, ktor\u00e1 rozh\u00fdbe cel\u00fa farnos\u0165. Tento rok bola t\u00e1to aktivita, v\u010faka nov\u00e9mu vedeniu obce, cite\u013ene podporen\u00e1 priamo z obecn\u00e9ho \u00faradu, pri\u010dom aj obecn\u00e9 \u00farady fili\u00e1lok Hrub\u00fd \u0160\u00far a Hrub\u00e1 Bor\u0161a sa pridali k jej podpore.<\/p>\n\n\n<p><!--more--><\/p>\n\n\n<p>Na prv\u00fd poh\u013ead by sa t\u00e1to ve\u013ek\u00e1 akcia mohla strati\u0165 v mno\u017estve festivalov, atrakci\u00ed, \u010di koncertov, ktor\u00fdmi sme v dne\u0161nej dobe priam zahlten\u00ed. De\u0148 rodiny je v\u0161ak predsa len in\u00fd. Za\u010dali sme vo ve\u013ekom \u0161t\u00fdle sv\u00e4tou om\u0161ou. Ma\u010farsky hovoriacich veriacich v&nbsp;k\u00e1zni povzbudil Eugen Matus z&nbsp;Boldogu a Cyril Sit\u00e1r z farnosti \u010cierna voda n\u00e1s voviedol do obrazu Boha Otca cez pr\u00edbeh mal\u00e9ho 12 ro\u010dn\u00e9ho indi\u00e1na, ktor\u00fd zvl\u00e1dol sk\u00fa\u0161ku odvahy v hlbokom lese. Mysl\u00edm si, \u017ee tento dramatizovan\u00fd pr\u00edbeh, sa dotkol nielen det\u00ed, ale aj dospel\u00fdch. Ve\u010f rodi\u010dia najlep\u0161ie vieme, \u010do to znamen\u00e1, ke\u010f chceme svoje deti pripravi\u0165 do \u017eivota, aby ho zvl\u00e1dli aj sami. Zo za\u010diatku im pom\u00e1hame, sprev\u00e1dzame ich, ochra\u0148ujeme, k\u00fdm ich \u00faplne pust\u00edme na oce\u00e1n s n\u00e1zvom \u201esvet\u201c. Mo\u017eno si to ani neuvedomujeme, ale aj rodina je Bo\u017e\u00ed n\u00e1stroj, \u010di sp\u00f4sob, ako sa o n\u00e1s m\u00f4\u017ee stara\u0165 n\u00e1\u0161 Boh. Je to jeho \u201evyn\u00e1lez\u201c. T\u00e1to rodina n\u00e1m v\u0161ak \u010dasto unik\u00e1 pomedzi prsty ako piesok v zovretej p\u00e4sti. Sme pozvan\u00ed chr\u00e1ni\u0165 na\u0161e deti, ale m\u00e1me kopec in\u00fdch povinnost\u00ed. M\u00e1me ich pripravi\u0165 na sk\u00fa\u0161ku dospelosti, ale namiesto toho ich nech\u00e1vame zmieta\u0165 sa v nerestiach sveta a vyhov\u00e1rame sa na \u201edobu\u201c. M\u00e1me geni\u00e1lnu pr\u00edle\u017eitos\u0165 vies\u0165 na\u0161e deti k zrelosti, ale sami \u0148ou \u010dasto nedisponujeme. No tento pr\u00edbeh v podan\u00ed sl\u00e1vnostn\u00e9ho kazate\u013ea v n\u00e1s mohol prebudi\u0165 \u00falohu ochrancu a sprievodcu. Ve\u010f by\u0165 rodi\u010dom je pocta.&nbsp;<\/p>\n\n\n\n<p>U\u017e takmer tradi\u010dn\u00fdm hudobno-spev\u00e1ckym doprovodom na tejto sl\u00e1vnosti bol spev\u00e1cky zbor Nebesk\u00e1 rosa zo susednej farnosti Kr\u00e1\u013eov\u00e1 pri Senci, ktor\u00fd n\u00e1s voviedol do chv\u00e1l Boha cez jedine\u010dn\u00fa interpret\u00e1ciu zn\u00e1mych piesn\u00ed. Aj oni n\u00e1m pri spievan\u00ed uk\u00e1zali, \u017ee k rodine maj\u00fa bl\u00edzko, ke\u010f niektor\u00e9 pas\u00e1\u017ee piesn\u00ed spievali ich najmlad\u0161\u00ed \u010dlenovia.&nbsp;<\/p>\n\n\n\n<p>V r\u00e1mci oznamov na sv\u00e4tej om\u0161i odznelo ofici\u00e1lne vyhl\u00e1senie ku D\u0148u rodiny a potom sme u\u017e spolo\u010dne vy\u0161li na farsk\u00fd dvor, kde sme mohli za\u017ei\u0165 jedno ve\u013ek\u00e9 rodinn\u00e9 spolo\u010denstvo.<\/p>\n\n\n\n<p>Neboli s\u00edce pripraven\u00e9 \u017eiadne spolo\u010dn\u00e9 aktivity pre rodiny, ale bezprostredn\u00e1 a neform\u00e1lna atmosf\u00e9ra, ktor\u00e1 vl\u00e1dla na farskom dvore, bola ako stvoren\u00e1 na nadv\u00e4zovanie nov\u00fdch kontaktov pre ka\u017ed\u00e9ho \u00fa\u010dastn\u00edka. Neraz sme boli svedkami, ako pri dru\u017enom rozhovore rodi\u010dov sa ich najmlad\u0161ie ratolesti vybrali svojou cestou. Bolo tie\u017e zauj\u00edmav\u00e9 za\u017ei\u0165 atmosf\u00e9ru d\u00f4very a pokoja, ke\u010f sme sa nemuseli o takto zat\u00falan\u00e9 deti strachova\u0165, ke\u010f\u017ee sme v\u0161etci tvorili jednu ve\u013ek\u00fa a rozmanit\u00fa rodinu. Rados\u0165 na tv\u00e1rach det\u00ed n\u00e1s uis\u0165ovala, \u017ee toto je presne to, \u010do na\u0161i drobci potrebuj\u00fa \u2013 hru a istotu pr\u00edtomnosti rodi\u010da ochrancu a sprievodcu. N\u00e1m sa to mo\u017eno zd\u00e1 \u00faplne samozrejm\u00e9, ale je d\u00f4le\u017eit\u00e9 si t\u00fato samozrejmos\u0165 neust\u00e1le pripom\u00edna\u0165 a ochra\u0148ova\u0165.<\/p>\n\n\n\n<p>Toto na\u0161e mil\u00e9 podujatie bolo okrem atrakci\u00ed pre deti ako bludisko, sk\u00e1kacie hrady, dreven\u00fd&nbsp; koloto\u010d, tvoriv\u00e9 dielne a cukrov\u00e1 vata, hotdogy, gul\u00e1\u0161, palacinky, lok\u0161e a in\u00e9 dobroty, podporen\u00e9 aj povzn\u00e1\u0161aj\u00facou hudbou s kres\u0165anskou tematikou od zn\u00e1mych aj menej zn\u00e1mych interpretov.&nbsp;<\/p>\n\n\n\n<p>Z\u00e1ver patril miestnej hudobnej skupine CRUX, ktor\u00e1 svoj\u00edm profesion\u00e1lnym vyst\u00fapen\u00edm obohatila doslova nabit\u00fd program d\u0148a.&nbsp;<\/p>\n\n\n\n<p>V\u0161etci sme str\u00e1vili povzbudzuj\u00faci \u010das s na\u0161imi rodinami, susedmi a spolufarn\u00edkmi. Ver\u00edme, \u017ee aj tento jedine\u010dn\u00fd De\u0148 rodiny prispel k utu\u017eeniu nielen biologick\u00fdch rod\u00edn, ale aj tej ve\u013ekej farskej rodiny. U\u017e teraz sa te\u0161\u00edme na \u010fal\u0161\u00ed ro\u010dn\u00edk. V\u0161etk\u00fdm organiz\u00e1torom a pomocn\u00edkom patr\u00ed ve\u013ek\u00e9 \u010eAKUJEM.<\/p>\n\n\n\n<p style=\"text-align:right\">Martin \u0160i\u0161ka<\/p>\n\n\n\n<p style=\"text-align:right\">Hrub\u00fd \u0160\u00far<\/p>\n\n\n\n<p style=\"text-align:right\">farnos\u0165 Kostoln\u00e1 pri Dunaji<\/p>\n\n\n\n<p><a href=\"https:\/\/photos.google.com\/share\/AF1QipOUaDZ6cufEs6bIvV3BOuemdo40yQkfN0gTJUm1_IiDqV4j84W4qfDGSBZE50KT3g?key=VXRHbWtRejRjUnRSMjdPLXRielNmZURkMElmWWZ3\">Fotky z D\u0148a rodiny 2019<\/a><\/p>\n\t\t\t\t","protected":false},"excerpt":{"rendered":"<p>Kalend\u00e1rne leto bolo s\u00edce e\u0161te predo dvermi, ale my sme sa v sobotu 8. j\u00fana ocitli v hor\u00facich slne\u010dn\u00fdch l\u00fa\u010doch. De\u0148 rodiny v Kostolnej pri Dunaji je u\u017e zabehnut\u00e1 prorodinn\u00e1 akcia, ktor\u00e1 rozh\u00fdbe cel\u00fa farnos\u0165. Tento rok bola t\u00e1to aktivita, v\u010faka nov\u00e9mu vedeniu obce, cite\u013ene podporen\u00e1 priamo z obecn\u00e9ho \u00faradu, pri\u010dom aj obecn\u00e9 \u00farady fili\u00e1lok &#8230; <span class=\"more\"><a class=\"more-link\" href=\"https:\/\/www.farakostolna.sk\/?p=4314\">[\u010c\u00edta\u0165 \u010falej&#8230;]<\/a><\/span><\/p>\n","protected":false},"author":5,"featured_media":4319,"comment_status":"closed","ping_status":"closed","sticky":false,"template":"","format":"standard","meta":{"footnotes":""},"categories":[4],"tags":[],"class_list":{"0":"entry","1":"post","2":"publish","3":"author-martinsiska1gmail-com","4":"has-excerpt","5":"has-more-link","6":"post-4314","8":"format-standard","9":"has-post-thumbnail","10":"category-akcie"},"_links":{"self":[{"href":"https:\/\/www.farakostolna.sk\/index.php?rest_route=\/wp\/v2\/posts\/4314","targetHints":{"allow":["GET"]}}],"collection":[{"href":"https:\/\/www.farakostolna.sk\/index.php?rest_route=\/wp\/v2\/posts"}],"about":[{"href":"https:\/\/www.farakostolna.sk\/index.php?rest_route=\/wp\/v2\/types\/post"}],"author":[{"embeddable":true,"href":"https:\/\/www.farakostolna.sk\/index.php?rest_route=\/wp\/v2\/users\/5"}],"replies":[{"embeddable":true,"href":"https:\/\/www.farakostolna.sk\/index.php?rest_route=%2Fwp%2Fv2%2Fcomments&post=4314"}],"version-history":[{"count":0,"href":"https:\/\/www.farakostolna.sk\/index.php?rest_route=\/wp\/v2\/posts\/4314\/revisions"}],"wp:featuredmedia":[{"embeddable":true,"href":"https:\/\/www.farakostolna.sk\/index.php?rest_route=\/"}],"wp:attachment":[{"href":"https:\/\/www.farakostolna.sk\/index.php?rest_route=%2Fwp%2Fv2%2Fmedia&parent=4314"}],"wp:term":[{"taxonomy":"category","embeddable":true,"href":"https:\/\/www.farakostolna.sk\/index.php?rest_route=%2Fwp%2Fv2%2Fcategories&post=4314"},{"taxonomy":"post_tag","embeddable":true,"href":"https:\/\/www.farakostolna.sk\/index.php?rest_route=%2Fwp%2Fv2%2Ftags&post=4314"}],"curies":[{"name":"wp","href":"https:\/\/api.w.org\/{rel}","templated":true}]}}