{"id":4283,"date":"2019-04-23T06:29:39","date_gmt":"2019-04-23T06:29:39","guid":{"rendered":"http:\/\/kostolna.fara.sk\/?p=4283"},"modified":"2019-04-23T06:29:39","modified_gmt":"2019-04-23T06:29:39","slug":"velkonocne-katechezy","status":"publish","type":"post","link":"https:\/\/www.farakostolna.sk\/?p=4283","title":{"rendered":"Ve\u013ekono\u010dn\u00e9 katech\u00e9zy"},"content":{"rendered":"\n\t\t\t\t\n\t\t\t\t\n<div class=\"wp-block-image\"><figure class=\"alignleft is-resized\"><img loading=\"lazy\" decoding=\"async\" src=\"http:\/\/kostolna.fara.sk\/wp-content\/uploads\/2019\/02\/81TfzYcaglL._SL1497_-1024x1010.jpg\" alt=\"\" class=\"wp-image-3868\" width=\"165\" height=\"163\"\/><\/figure><\/div>\n\n\n\n<p>Prin\u00e1\u0161ame V\u00e1m zvukov\u00e9 nahr\u00e1vky pr\u00edhovorov n\u00e1\u0161ho duchovn\u00e9ho otca Pavla z Ve\u013ekono\u010dn\u00e9ho obdobia.<\/p>\n\n\n<p><!--more--><\/p>\n\n\n<p><a href=\"https:\/\/drive.google.com\/file\/d\/1eSnKsXU_HFcfKilAMU9Q9HYRjZU1Jmxb\/view?usp=sharing\">18.4.2019 &#8211; Zelen\u00fd \u0161tvrtok &#8211; L\u00e1ska<\/a><br><a href=\"https:\/\/drive.google.com\/file\/d\/1_IXYCkH5YmLCX8kcJDFxF2DJ12rpJ4P1\/view?usp=sharing\">19.4.2019 &#8211; Ve\u013ek\u00fd piatok &#8211; Milosrdenstvo<\/a><br><a href=\"https:\/\/drive.google.com\/file\/d\/1qmUQKXSHlSQC6SysDAQ7q1DIDyycpV0J\/view?usp=sharing\">20.4.2019 &#8211; Biela Sobota &#8211; Zranite\u013enos\u0165<\/a><br><a href=\"https:\/\/drive.google.com\/file\/d\/12h9qXKjDYypvBW3t4fb73Rerv2xksk9N\/view?usp=sharing\">21.4.2019 &#8211; Ve\u013ekono\u010dn\u00e1 nede\u013ea &#8211; Kr\u00e1sa kres\u0165anstva<\/a><\/p>\n\t\t\t\t","protected":false},"excerpt":{"rendered":"<p>Prin\u00e1\u0161ame V\u00e1m zvukov\u00e9 nahr\u00e1vky pr\u00edhovorov n\u00e1\u0161ho duchovn\u00e9ho otca Pavla z Ve\u013ekono\u010dn\u00e9ho obdobia.<\/p>\n","protected":false},"author":7,"featured_media":3868,"comment_status":"closed","ping_status":"closed","sticky":false,"template":"","format":"standard","meta":{"footnotes":""},"categories":[5],"tags":[],"class_list":{"0":"entry","1":"post","2":"publish","3":"author-slado89gmail-com","4":"has-excerpt","5":"has-more-link","6":"post-4283","8":"format-standard","9":"has-post-thumbnail","10":"category-aktuality"},"_links":{"self":[{"href":"https:\/\/www.farakostolna.sk\/index.php?rest_route=\/wp\/v2\/posts\/4283","targetHints":{"allow":["GET"]}}],"collection":[{"href":"https:\/\/www.farakostolna.sk\/index.php?rest_route=\/wp\/v2\/posts"}],"about":[{"href":"https:\/\/www.farakostolna.sk\/index.php?rest_route=\/wp\/v2\/types\/post"}],"author":[{"embeddable":true,"href":"https:\/\/www.farakostolna.sk\/index.php?rest_route=\/wp\/v2\/users\/7"}],"replies":[{"embeddable":true,"href":"https:\/\/www.farakostolna.sk\/index.php?rest_route=%2Fwp%2Fv2%2Fcomments&post=4283"}],"version-history":[{"count":0,"href":"https:\/\/www.farakostolna.sk\/index.php?rest_route=\/wp\/v2\/posts\/4283\/revisions"}],"wp:featuredmedia":[{"embeddable":true,"href":"https:\/\/www.farakostolna.sk\/index.php?rest_route=\/"}],"wp:attachment":[{"href":"https:\/\/www.farakostolna.sk\/index.php?rest_route=%2Fwp%2Fv2%2Fmedia&parent=4283"}],"wp:term":[{"taxonomy":"category","embeddable":true,"href":"https:\/\/www.farakostolna.sk\/index.php?rest_route=%2Fwp%2Fv2%2Fcategories&post=4283"},{"taxonomy":"post_tag","embeddable":true,"href":"https:\/\/www.farakostolna.sk\/index.php?rest_route=%2Fwp%2Fv2%2Ftags&post=4283"}],"curies":[{"name":"wp","href":"https:\/\/api.w.org\/{rel}","templated":true}]}}