{"id":4212,"date":"2019-04-19T17:24:17","date_gmt":"2019-04-19T17:24:17","guid":{"rendered":"http:\/\/kostolna.fara.sk\/?p=4212"},"modified":"2019-04-19T17:24:17","modified_gmt":"2019-04-19T17:24:17","slug":"krizova-cesta-v-marianke","status":"publish","type":"post","link":"https:\/\/www.farakostolna.sk\/?p=4212","title":{"rendered":"Kr\u00ed\u017eov\u00e1 cesta v Marianke"},"content":{"rendered":"\n\t\t\t\t\n\t\t\t\t\n<figure class=\"wp-block-image\"><img decoding=\"async\" src=\"http:\/\/kostolna.fara.sk\/wp-content\/uploads\/2019\/04\/IMG_1617-1024x768.jpg\" alt=\"\" class=\"wp-image-4213\"\/><\/figure>\n\n\n\n<p>Bez kr\u00ed\u017eovej cesty a utrpenia n\u00e1\u0161ho P\u00e1na Je\u017ei\u0161a by nebolo ani vzkriesenia a vyk\u00fapenia. Podobne je to aj s pre\u017e\u00edvan\u00edm Ve\u013ekono\u010dn\u00fdch sviatkov. V na\u0161ej farnosti sa u\u017e ka\u017edoro\u010dne z\u00fa\u010dast\u0148ujeme na spolo\u010dnej kr\u00ed\u017eovej ceste v Marianke, kde m\u00e1me mo\u017enos\u0165 hlb\u0161ie pre\u017ei\u0165 \u00fastredn\u00e9 tajomstvo na\u0161ej viery. (red)<\/p>\n\n\n<p><!--more--><\/p>\n\n\n<p>N\u00e1\u0161 v\u00fdlet na najstar\u0161ie p\u00fatnick\u00e9 miesto sa za\u010dal r\u00e1no, ke\u010f sme sa zoskupili v\u0161etci, ktor\u00ed sa rozhodli \u00eds\u0165 do Marianky pre\u017e\u00edva\u0165 kr\u00ed\u017eov\u00fa cestu s p\u00e1nom far\u00e1rom Pavlom Gajdo\u0161om. I\u0161li sme dvomi autobusmi, ktor\u00e9 boli plne obsaden\u00e9. Niektor\u00ed \u0161li dokonca autami. \u013dud\u00ed bolo vy\u0161e 120. Cestou sa ur\u010dilo, kto bude \u010d\u00edta\u0165 zastavenia kr\u00ed\u017eovej cesty. Ja som dostala desiate zastavenie. <\/p>\n\n\n\n<p>Ke\u010f sme dorazili, po\u010dkali sme, k\u00fdm siln\u00ed oteckovia prines\u00fa ve\u013ek\u00fd dreven\u00fd kr\u00ed\u017e, ktor\u00fd sme museli privies\u0165 na n\u00e1kladnom aute. Potom sme chodili ku jednotliv\u00fdm kaplnk\u00e1m, ktor\u00e9 boli o\u010d\u00edslovan\u00e9 r\u00edmskymi \u010d\u00edslicami a pri ka\u017edej n\u00e1m p\u00e1n far\u00e1r a Juraj Kardo\u0161 zahrali piese\u0148. Pri nep\u00e1rnom zastaven\u00ed najprv po ma\u010farsky a potom po slovensky a pri p\u00e1rnych najsk\u00f4r po slovensky a potom po ma\u010farsky. Medzi jednotliv\u00fdmi kaplnkami sme sa pomodlili Ot\u010de n\u00e1\u0161 a Zdravas M\u00e1ria po slovensky i ma\u010farsky. Oteckovia sa pri nosen\u00ed kr\u00ed\u017ea striedali. Po skon\u010den\u00ed kr\u00ed\u017eovej cesty sme si mohli nabra\u0165 vodu z prame\u0148a Panny M\u00e1rie. A na z\u00e1ver, kto chcel, mohol \u00eds\u0165 pozrie\u0165 do Mari\u00e1nskeho kostola. Pod\u013ea m\u0148a je kostol p\u00fdchou celej Marianky.<\/p>\n\n\n\n<p>Barbora Herdov\u00e1, Kr\u00e1\u013eov\u00e1 pri Senci<\/p>\n\n\n\n<p><a href=\"https:\/\/photos.app.goo.gl\/owzF2qRee998W9RD7\">Fotky z kr\u00ed\u017eovej cesty v Marianke<\/a><\/p>\n\t\t\t\t","protected":false},"excerpt":{"rendered":"<p>Bez kr\u00ed\u017eovej cesty a utrpenia n\u00e1\u0161ho P\u00e1na Je\u017ei\u0161a by nebolo ani vzkriesenia a vyk\u00fapenia. Podobne je to aj s pre\u017e\u00edvan\u00edm Ve\u013ekono\u010dn\u00fdch sviatkov. V na\u0161ej farnosti sa u\u017e ka\u017edoro\u010dne z\u00fa\u010dast\u0148ujeme na spolo\u010dnej kr\u00ed\u017eovej ceste v Marianke, kde m\u00e1me mo\u017enos\u0165 hlb\u0161ie pre\u017ei\u0165 \u00fastredn\u00e9 tajomstvo na\u0161ej viery. (red)<\/p>\n","protected":false},"author":7,"featured_media":4213,"comment_status":"closed","ping_status":"closed","sticky":false,"template":"","format":"standard","meta":{"footnotes":""},"categories":[5,14],"tags":[],"class_list":{"0":"entry","1":"post","2":"publish","3":"author-slado89gmail-com","4":"has-excerpt","5":"has-more-link","6":"post-4212","8":"format-standard","9":"has-post-thumbnail","10":"category-aktuality","11":"category-put"},"_links":{"self":[{"href":"https:\/\/www.farakostolna.sk\/index.php?rest_route=\/wp\/v2\/posts\/4212","targetHints":{"allow":["GET"]}}],"collection":[{"href":"https:\/\/www.farakostolna.sk\/index.php?rest_route=\/wp\/v2\/posts"}],"about":[{"href":"https:\/\/www.farakostolna.sk\/index.php?rest_route=\/wp\/v2\/types\/post"}],"author":[{"embeddable":true,"href":"https:\/\/www.farakostolna.sk\/index.php?rest_route=\/wp\/v2\/users\/7"}],"replies":[{"embeddable":true,"href":"https:\/\/www.farakostolna.sk\/index.php?rest_route=%2Fwp%2Fv2%2Fcomments&post=4212"}],"version-history":[{"count":0,"href":"https:\/\/www.farakostolna.sk\/index.php?rest_route=\/wp\/v2\/posts\/4212\/revisions"}],"wp:featuredmedia":[{"embeddable":true,"href":"https:\/\/www.farakostolna.sk\/index.php?rest_route=\/"}],"wp:attachment":[{"href":"https:\/\/www.farakostolna.sk\/index.php?rest_route=%2Fwp%2Fv2%2Fmedia&parent=4212"}],"wp:term":[{"taxonomy":"category","embeddable":true,"href":"https:\/\/www.farakostolna.sk\/index.php?rest_route=%2Fwp%2Fv2%2Fcategories&post=4212"},{"taxonomy":"post_tag","embeddable":true,"href":"https:\/\/www.farakostolna.sk\/index.php?rest_route=%2Fwp%2Fv2%2Ftags&post=4212"}],"curies":[{"name":"wp","href":"https:\/\/api.w.org\/{rel}","templated":true}]}}