{"id":4030,"date":"2019-04-02T19:34:49","date_gmt":"2019-04-02T19:34:49","guid":{"rendered":"http:\/\/kostolna.fara.sk\/?p=4030"},"modified":"2019-04-02T19:34:49","modified_gmt":"2019-04-02T19:34:49","slug":"marcove-modlitbove-trojdnie","status":"publish","type":"post","link":"https:\/\/www.farakostolna.sk\/?p=4030","title":{"rendered":"Marcov\u00e9 modlitbov\u00e9 trojdnie"},"content":{"rendered":"\n\t\t\t\t\n\t\t\t\t\n<div class=\"wp-block-image\"><figure class=\"alignleft is-resized\"><img loading=\"lazy\" decoding=\"async\" src=\"http:\/\/kostolna.fara.sk\/wp-content\/uploads\/2019\/04\/151CE6F4-2681-48F1-AE9B-F75367E2C658-225x300.jpeg\" alt=\"\" class=\"wp-image-4029\" width=\"189\" height=\"252\"\/><\/figure><\/div>\n\n\n\n<p>V\u00a0d\u0148och 29. \u2013 31. marca 2019 sa op\u00e4\u0165 na celom svete konalo modlitbov\u00e9\u00a0trojdnie\u00a0spolo\u010denstva Modlitieb matiek. Tieto tri dni maj\u00fa svoju postupnos\u0165.\u00a0Piatok<strong>\u00a0<\/strong>je<strong>\u00a0<\/strong>de\u0148 p\u00f4stu a pok\u00e1nia za vlastn\u00e9 hriechy<strong>.<\/strong>\u00a0Sobota\u00a0je<strong>\u00a0<\/strong>d\u0148om pok\u00e1nia za t\u00fdch, ktor\u00ed ubl\u00ed\u017eili n\u00e1m a na\u0161im de\u0165om\u00a0a<strong>\u00a0<\/strong>nede\u013ea\u00a0je\u00a0d\u0148om v\u010fakyvzdania a chv\u00e1l\u00a0za v\u0161etko, \u010do spravil P\u00e1n Je\u017ei\u0161 v\u00a0na\u0161ich \u017eivotoch.<\/p>\n\n\n<p><!--more--><\/p>\n\n\n<p>Chceme&nbsp;sa op\u00e4\u0165&nbsp;podeli\u0165 s&nbsp;my\u0161lienkami, nad ktor\u00fdmi sme rozj\u00edmali pred Sviatos\u0165ou olt\u00e1rnou, ktor\u00fa n\u00e1m ka\u017ed\u00fd de\u0148 vystavil n\u00e1\u0161 p\u00e1n far\u00e1r.<\/p>\n\n\n\n<p><strong>Piatok 29. marca 2019 &#8211; \u010d<\/strong><strong>\u00edtanie z knihy Genezis&nbsp;<\/strong><strong>(<\/strong><strong>11,1-9<\/strong><strong>)<\/strong><\/p>\n\n\n\n<p>V Bo\u017eom&nbsp;slove \u010d\u00edtame,&nbsp;ako bol na celej zemi jeden jazyk a rovnak\u00e9 slov\u00e1. No P\u00e1n Boh pre&nbsp;hriech p\u00fdchy dopustil, aby nik nerozumel re\u010di toho druh\u00e9ho.<\/p>\n\n\n\n<p>My sme si dnes zvolili ako symbol modlitbu\u00a0\u201eOt\u010de n\u00e1\u0161\u201c\u00a0v rozli\u010dn\u00fdch jazykoch.\u00a0Aj ke\u010f sme na zemi mnoh\u00e9 n\u00e1rody s odli\u0161n\u00fdm jazykom a kult\u00farou, modlitba Ot\u010de n\u00e1\u0161 n\u00e1s sp\u00e1ja po celom svete.<\/p>\n\n\n\n<p>Pane Je\u017ei\u0161u, ty vie\u0161, ak\u00ed sme&nbsp;\u010dasto be\u0165\u00e1ri a zo slabosti pad\u00e1me, ale ty vid\u00ed\u0161 aj na\u0161e vst\u00e1vanie.&nbsp;Prist\u00fapme k P\u00e1novi tak\u00ed,&nbsp;ak\u00ed sme.<\/p>\n\n\n\n<p><strong>Sobota 30. marca 2019 \u2013 \u010d\u00edtanie&nbsp;z knihy Zjaven\u00ed apo\u0161tola J\u00e1na (22, 10-15)<\/strong><\/p>\n\n\n\n<p>P\u00e1n prich\u00e1dza. \u010cas je bl\u00edzko. Ke\u010f sa pozrieme von na pu\u010diace stromy v tomto jarnom obdob\u00ed, vieme poveda\u0165 s istotou, \u017ee \u010doskoro bude \u00faroda. Stromy pln\u00e9 kvetov bud\u00fa plodi\u0165 chutn\u00e9 ovocie, ktor\u00fdm sa ob\u010derstv\u00edme. Dnes n\u00e1s\u00a0P\u00e1n Je\u017ei\u0161 ob\u010derstvuje svoj\u00edm slovom, ktor\u00fdm takmer zakon\u010duje Sv\u00e4t\u00e9\u00a0P\u00edsmo. H\u013ea, pr\u00eddem \u010doskoro&#8230; A \u010d\u00edtame, \u017ee v tom \u010dase to bude s\u00a0\u013eu\u010fmi ako dnes: bud\u00fa tak\u00ed, \u010do sa bud\u00fa usilova\u0165 o dobro, spravodlivos\u0165 a posv\u00e4tenie, no aj tak\u00ed, \u010do maj\u00fa z\u00e1\u013eubu v konan\u00ed zla. Nech bude spr\u00e1vanie \u010dloveka ak\u00e9ko\u013evek, Bo\u017e\u00ed pl\u00e1n sa spln\u00ed. To je istota. Bu\u010fme t\u00ed \u0161\u0165astn\u00ed, \u010do si vypieraj\u00fa r\u00facha a \u010dakaj\u00fa na P\u00e1na s rados\u0165ou vediac, \u017ee budeme ma\u0165 moc nad stromom \u017eivota. Vypra\u0165 si r\u00facho &#8211; to je \u010das pok\u00e1nia, odpustenia a zmierenia sa s Bohom. Dnes, ke\u010f odprosujeme za t\u00fdch, \u010do ubl\u00ed\u017eili n\u00e1m i na\u0161im de\u0165om, t\u00fa\u017eme r\u00fdchlo a ve\u013ekodu\u0161ne odp\u00fa\u0161\u0165a\u0165, aby tak bolo odpusten\u00e9 aj n\u00e1m.\u00a0A budeme m\u00f4c\u0165 radostne vola\u0165 u\u017e \u010doskoro\u00a0Marana\u00a0tha! Pr\u00ed\u010f, Pane Je\u017ei\u0161u!\u00a0<\/p>\n\n\n\n<p>Symbolom dne\u0161n\u00e9ho d\u0148a je otvoren\u00e1 br\u00e1na, strom \u017eivota, ktor\u00fd pu\u010d\u00ed. Poh\u013ead do bud\u00facnosti s n\u00e1dejou a jarn\u00fdm z\u00e1vanom&#8230; V tomto \u010derstvom duchu vyve\u0161ajme na \u0161n\u00faru na\u0161e symbolicky opran\u00e9 r\u00facha a modlime sa, aby sa tak stalo s na\u0161ou du\u0161ou opravdivo.<\/p>\n\n\n\n<p><strong>Nede\u013ea 31. marca 2019 &#8211;&nbsp;<\/strong><strong>\u010d<\/strong><strong>\u00edtanie zo Skutkov apo\u0161tolov&nbsp;(17, 22 \u2013 28)<\/strong><\/p>\n\n\n\n<p>Pokolenie ako symbol radosti. U\u017e len samotn\u00fd fakt, \u017ee sme, toti\u017e stoj\u00ed za to, aby sme sa radovali. Lebo je znakom toho, \u017ee Boh nezab\u00fada na n\u00e1s ako jednotlivcov, ale ani na n\u00e1s ako pr\u00edslu\u0161n\u00edkov jednej Jeho rodiny.<\/p>\n\n\n\n<p>Bu\u010fme dnes v\u010fa\u010dn\u00ed. Sk\u00fasme si spomen\u00fa\u0165 na chv\u00edle Bo\u017e\u00edch milost\u00ed v na\u0161om \u017eivote, ale aj v minulosti \u010di pr\u00edtomnosti \u017eivota celej na\u0161ej rodiny a pridajme svoju chv\u00e1lu k radosti cel\u00e9ho neba. A vezmime si jedn\u00e9ho pan\u00e1\u010dika ako pripomienku, \u017ee Boh n\u00e1s miluje rovnako tak ako jednotlivcov, aj ako rodinu. A urobil z n\u00e1s cel\u00e9 \u013eudsk\u00e9 pokolenie svojich milovan\u00fdch det\u00ed.<\/p>\n\n\n\n<p>mamy z MM<br><\/p>\n\n\n\n<p><a href=\"https:\/\/photos.app.goo.gl\/zKJ2yjV2WqbNFTT6A\">Fotky&nbsp;z&nbsp;trojdnia<\/a><br><\/p>\n\t\t\t\t","protected":false},"excerpt":{"rendered":"<p>V\u00a0d\u0148och 29. \u2013 31. marca 2019 sa op\u00e4\u0165 na celom svete konalo modlitbov\u00e9\u00a0trojdnie\u00a0spolo\u010denstva Modlitieb matiek. Tieto tri dni maj\u00fa svoju postupnos\u0165.\u00a0Piatok\u00a0je\u00a0de\u0148 p\u00f4stu a pok\u00e1nia za vlastn\u00e9 hriechy.\u00a0Sobota\u00a0je\u00a0d\u0148om pok\u00e1nia za t\u00fdch, ktor\u00ed ubl\u00ed\u017eili n\u00e1m a na\u0161im de\u0165om\u00a0a\u00a0nede\u013ea\u00a0je\u00a0d\u0148om v\u010fakyvzdania a chv\u00e1l\u00a0za v\u0161etko, \u010do spravil P\u00e1n Je\u017ei\u0161 v\u00a0na\u0161ich \u017eivotoch.<\/p>\n","protected":false},"author":7,"featured_media":4029,"comment_status":"closed","ping_status":"closed","sticky":false,"template":"","format":"standard","meta":{"footnotes":""},"categories":[4,5],"tags":[],"class_list":{"0":"entry","1":"post","2":"publish","3":"author-slado89gmail-com","4":"has-excerpt","5":"has-more-link","6":"post-4030","8":"format-standard","9":"has-post-thumbnail","10":"category-akcie","11":"category-aktuality"},"_links":{"self":[{"href":"https:\/\/www.farakostolna.sk\/index.php?rest_route=\/wp\/v2\/posts\/4030","targetHints":{"allow":["GET"]}}],"collection":[{"href":"https:\/\/www.farakostolna.sk\/index.php?rest_route=\/wp\/v2\/posts"}],"about":[{"href":"https:\/\/www.farakostolna.sk\/index.php?rest_route=\/wp\/v2\/types\/post"}],"author":[{"embeddable":true,"href":"https:\/\/www.farakostolna.sk\/index.php?rest_route=\/wp\/v2\/users\/7"}],"replies":[{"embeddable":true,"href":"https:\/\/www.farakostolna.sk\/index.php?rest_route=%2Fwp%2Fv2%2Fcomments&post=4030"}],"version-history":[{"count":0,"href":"https:\/\/www.farakostolna.sk\/index.php?rest_route=\/wp\/v2\/posts\/4030\/revisions"}],"wp:featuredmedia":[{"embeddable":true,"href":"https:\/\/www.farakostolna.sk\/index.php?rest_route=\/"}],"wp:attachment":[{"href":"https:\/\/www.farakostolna.sk\/index.php?rest_route=%2Fwp%2Fv2%2Fmedia&parent=4030"}],"wp:term":[{"taxonomy":"category","embeddable":true,"href":"https:\/\/www.farakostolna.sk\/index.php?rest_route=%2Fwp%2Fv2%2Fcategories&post=4030"},{"taxonomy":"post_tag","embeddable":true,"href":"https:\/\/www.farakostolna.sk\/index.php?rest_route=%2Fwp%2Fv2%2Ftags&post=4030"}],"curies":[{"name":"wp","href":"https:\/\/api.w.org\/{rel}","templated":true}]}}