{"id":4014,"date":"2019-03-15T21:06:14","date_gmt":"2019-03-15T21:06:14","guid":{"rendered":"http:\/\/kostolna.fara.sk\/?p=4014"},"modified":"2019-03-15T21:06:14","modified_gmt":"2019-03-15T21:06:14","slug":"nasa-studna-v-namonge","status":"publish","type":"post","link":"https:\/\/www.farakostolna.sk\/?p=4014","title":{"rendered":"Na\u0161a stud\u0148a v Namonge"},"content":{"rendered":"\n\t\t\t\t\n\t\t\t\t\n<div class=\"wp-block-image\"><figure class=\"aligncenter is-resized\"><img loading=\"lazy\" decoding=\"async\" src=\"http:\/\/kostolna.fara.sk\/wp-content\/uploads\/2019\/03\/WhatsApp-Image-2019-03-15-at-20.54.21-1024x576.jpeg\" alt=\"\" class=\"wp-image-4015\" width=\"620\" height=\"288\"\/><\/figure><\/div>\n\n\n\n<p>Spome\u0148te si, ako sme v\u00a0detstve sn\u00edvali urobi\u0165 pre svet nie\u010do ve\u013ek\u00e9, priekopn\u00edcke. Napr\u00edklad sta\u0165 sa prezidentom, by\u0165 objavite\u013eom nov\u00fdch vec\u00ed, letie\u0165 do vesm\u00edru, zachra\u0148ova\u0165 zvierat\u00e1\u2026 Znie to mo\u017eno a\u017e ve\u013emi zjednodu\u0161ene, ale my v\u0161etci sa m\u00f4\u017eeme sta\u0165 priekopn\u00edkmi. Pr\u00edkladom m\u00f4\u017eu by\u0165 udalosti uplynul\u00fdch t\u00fd\u017ed\u0148ov. Nehovor\u00edm o\u00a0prezidentovi. V\u00a0rozmenenom na drobn\u00e9 ide o\u00a0viac. P\u00e1n Je\u017ei\u0161 n\u00e1s priamo vyz\u00fdva: <em>\u201eVeru, hovor\u00edm v\u00e1m: \u010coko\u013evek ste urobili jedn\u00e9mu z t\u00fdchto mojich najmen\u0161\u00edch bratov, mne ste urobili.\u201c<\/em> Mt 25,40<\/p>\n\n\n<p><!--more--><\/p>\n\n\n<p>V\u00a0uplynul\u00fdch d\u0148och dala na\u0161a farnos\u0165 vyv\u0155ta\u0165 stud\u0148u v Tanz\u00e1nii pre 18-tis\u00edc \u013eud\u00ed v\u00a0obci Namonge. Doslova sme sa prekopali a\u017e do 110 metrovej h\u013abky, aby \u013eudia po\u010dtom a\u00a0rozlohou v\u00a0porovnan\u00ed k n\u00e1\u0161mu Sencu mali kone\u010dne pr\u00edstup k\u00a0\u010distej a\u00a0nez\u00e1vadnej vode. V\u010faka viacer\u00fdm jednotlivcom a\u00a0rodin\u00e1m sa podarilo za\u010diatkom marca v\u00a0kult\u00farnom dome v\u00a0Kostolnej uskuto\u010dni\u0165 prezent\u00e1ciu spojen\u00fa s\u00a0verejnou dra\u017ebou a\u00a0zbierkou, ktorej v\u00fd\u0165a\u017eok prekonal o\u010dak\u00e1van\u00fa sumu, a\u00a0tak okrem hlbokej studne dokonca zv\u00fd\u0161ilo i\u00a0na \u0161kolsk\u00e9 toalety.<\/p>\n\n\n\n<p>Sk\u00fasim e\u0161te in\u00e1\u010d. Predstav si, \u017ee d\u00e1\u0161 euro a\u00a0v\u010faka nemu dostan\u00fa dvaja \u013eudia na rovn\u00edkovej Afrike trval\u00fd pr\u00edstup k\u00a0\u010distej vode. Po\u010d\u00edtajme spolu \u010falej. D\u00e1\u0161 50 \u20ac a\u00a0denne bude v\u010faka Tebe ma\u0165 pitn\u00fa vodu 100 \u013eud\u00ed. Zd\u00e1 sa Ti, \u017ee preh\u00e1\u0148am? Celkov\u00e9 n\u00e1klady na vybudovanie hlbokej studne boli 7000 \u20ac. M\u00f4\u017ee\u0161 namieta\u0165, \u017ee peniaze by sa zi\u0161li i\u00a0tu. Ak v\u0161ak pochop\u00ed\u0161, \u017ee takmer 20 tis\u00edc \u013eudom sme z\u00a0jedn\u00e9ho d\u0148a na druh\u00fd darovali \u00faplne trivi\u00e1lnu vec, ktorou je pr\u00edstup k\u00a0nezakalenej, \u010distej, pitnej vode, v\u0161etky protiargumenty sa rozplyn\u00fa, ako vodn\u00e1 para.<br><\/p>\n\n\n\n<p>T\u00fdch, ktor\u00ed by sa radi dozvedeli viac, ma pokojne kontaktujte.<\/p>\n\n\n\n<p>Pavol Gajdo\u0161, far\u00e1r<\/p>\n\n\n\n<p><div><a href=\"https:\/\/photos.app.goo.gl\/uGVsMQQsXSB28z718\">Fotky na\u0161ej studne<\/a><\/div><\/p>\n\t\t\t\t","protected":false},"excerpt":{"rendered":"<p>Spome\u0148te si, ako sme v\u00a0detstve sn\u00edvali urobi\u0165 pre svet nie\u010do ve\u013ek\u00e9, priekopn\u00edcke. Napr\u00edklad sta\u0165 sa prezidentom, by\u0165 objavite\u013eom nov\u00fdch vec\u00ed, letie\u0165 do vesm\u00edru, zachra\u0148ova\u0165 zvierat\u00e1\u2026 Znie to mo\u017eno a\u017e ve\u013emi zjednodu\u0161ene, ale my v\u0161etci sa m\u00f4\u017eeme sta\u0165 priekopn\u00edkmi. Pr\u00edkladom m\u00f4\u017eu by\u0165 udalosti uplynul\u00fdch t\u00fd\u017ed\u0148ov. Nehovor\u00edm o\u00a0prezidentovi. V\u00a0rozmenenom na drobn\u00e9 ide o\u00a0viac. P\u00e1n Je\u017ei\u0161 n\u00e1s priamo &#8230; <span class=\"more\"><a class=\"more-link\" href=\"https:\/\/www.farakostolna.sk\/?p=4014\">[\u010c\u00edta\u0165 \u010falej&#8230;]<\/a><\/span><\/p>\n","protected":false},"author":6,"featured_media":4015,"comment_status":"closed","ping_status":"closed","sticky":false,"template":"","format":"standard","meta":{"footnotes":""},"categories":[5],"tags":[],"class_list":{"0":"entry","1":"post","2":"publish","3":"author-palszm-sk","4":"has-excerpt","5":"has-more-link","6":"post-4014","8":"format-standard","9":"has-post-thumbnail","10":"category-aktuality"},"_links":{"self":[{"href":"https:\/\/www.farakostolna.sk\/index.php?rest_route=\/wp\/v2\/posts\/4014","targetHints":{"allow":["GET"]}}],"collection":[{"href":"https:\/\/www.farakostolna.sk\/index.php?rest_route=\/wp\/v2\/posts"}],"about":[{"href":"https:\/\/www.farakostolna.sk\/index.php?rest_route=\/wp\/v2\/types\/post"}],"author":[{"embeddable":true,"href":"https:\/\/www.farakostolna.sk\/index.php?rest_route=\/wp\/v2\/users\/6"}],"replies":[{"embeddable":true,"href":"https:\/\/www.farakostolna.sk\/index.php?rest_route=%2Fwp%2Fv2%2Fcomments&post=4014"}],"version-history":[{"count":0,"href":"https:\/\/www.farakostolna.sk\/index.php?rest_route=\/wp\/v2\/posts\/4014\/revisions"}],"wp:featuredmedia":[{"embeddable":true,"href":"https:\/\/www.farakostolna.sk\/index.php?rest_route=\/"}],"wp:attachment":[{"href":"https:\/\/www.farakostolna.sk\/index.php?rest_route=%2Fwp%2Fv2%2Fmedia&parent=4014"}],"wp:term":[{"taxonomy":"category","embeddable":true,"href":"https:\/\/www.farakostolna.sk\/index.php?rest_route=%2Fwp%2Fv2%2Fcategories&post=4014"},{"taxonomy":"post_tag","embeddable":true,"href":"https:\/\/www.farakostolna.sk\/index.php?rest_route=%2Fwp%2Fv2%2Ftags&post=4014"}],"curies":[{"name":"wp","href":"https:\/\/api.w.org\/{rel}","templated":true}]}}