{"id":4003,"date":"2019-03-15T20:36:23","date_gmt":"2019-03-15T20:36:23","guid":{"rendered":"http:\/\/kostolna.fara.sk\/?p=4003"},"modified":"2019-03-15T20:36:23","modified_gmt":"2019-03-15T20:36:23","slug":"umrtie-knaza-z-kralovej-pri-senci","status":"publish","type":"post","link":"https:\/\/www.farakostolna.sk\/?p=4003","title":{"rendered":"\u00damrtie k\u0148aza z\u00a0Kr\u00e1\u013eovej pri Senci"},"content":{"rendered":"\n\t\t\t\t\n\t\t\t\t\n<div class=\"wp-block-image\"><figure class=\"aligncenter\"><img decoding=\"async\" src=\"http:\/\/kostolna.fara.sk\/wp-content\/uploads\/2019\/03\/KulkaTomas-e1552681999256.png\" alt=\"\" class=\"wp-image-4005\"\/><\/figure><\/div>\n\n\n\n<p>V pondelok 11. marca vo ve\u010dern\u00fdch hodin\u00e1ch n\u00e1sledkom zlyhania srdca n\u00e1hle zomrel vdp. far\u00e1r sl\u00fa\u017eiaci vo farnosti &#8211; Kr\u00e1\u013eov\u00e1 pri Senci <strong>Tom\u00e1\u0161 Ku\u013eka<\/strong> vo veku 52 rokov.<\/p>\n\n\n<p><!--more--><\/p>\n\n\n<p>Vdp. Tom\u00e1\u0161 Ku\u013eka po k\u0148azskej vysviacke p\u00f4sobil najsk\u00f4r ako kapl\u00e1n v Hol\u00ed\u010di (1989), v Malack\u00e1ch (1990), v Zlat\u00fdch Moravciach (1991) a v Bratislave \u2013 Novom Meste (1992). Nesk\u00f4r p\u00f4sobil ako prefekt K\u0148azsk\u00e9ho semin\u00e1ra v Bratislave (1993-1996), far\u00e1r v Modre (1996-2008), dekan v dekan\u00e1te Pezinok (2000-2008), far\u00e1r vo farnosti Bratislava \u2013 sv. Al\u017ebety (2008-2011). Od roku 2011 p\u00f4sobil ako far\u00e1r farnosti Kr\u00e1\u013eov\u00e1 pri Senci.<br><\/p>\n\n\n\n<p>Pohrebn\u00e1 sv\u00e4t\u00e1 om\u0161a sa konala za \u00fa\u010dasti dvoch arcibiskupov a\u00a0viac ne\u017e stovky k\u0148azov 15. marca 2019 o 10.00 hod. v Bazilike sv. Mikul\u00e1\u0161a v Trnave. Potom nasledovali obrady pochovania na cintor\u00edne v Bielom Kostole. Spome\u0148te si pros\u00edm na neho v\u00a0modlitb\u00e1ch.<\/p>\n\n\n\n<p><a href=\"https:\/\/photos.app.goo.gl\/2AdoNSHr3wLiE8Df6\">Fotky<\/a><\/p>\n\t\t\t\t","protected":false},"excerpt":{"rendered":"<p>V pondelok 11. marca vo ve\u010dern\u00fdch hodin\u00e1ch n\u00e1sledkom zlyhania srdca n\u00e1hle zomrel vdp. far\u00e1r sl\u00fa\u017eiaci vo farnosti &#8211; Kr\u00e1\u013eov\u00e1 pri Senci Tom\u00e1\u0161 Ku\u013eka vo veku 52 rokov.<\/p>\n","protected":false},"author":7,"featured_media":4005,"comment_status":"closed","ping_status":"closed","sticky":false,"template":"","format":"standard","meta":{"footnotes":""},"categories":[5],"tags":[],"class_list":{"0":"entry","1":"post","2":"publish","3":"author-slado89gmail-com","4":"has-excerpt","5":"has-more-link","6":"post-4003","8":"format-standard","9":"has-post-thumbnail","10":"category-aktuality"},"_links":{"self":[{"href":"https:\/\/www.farakostolna.sk\/index.php?rest_route=\/wp\/v2\/posts\/4003","targetHints":{"allow":["GET"]}}],"collection":[{"href":"https:\/\/www.farakostolna.sk\/index.php?rest_route=\/wp\/v2\/posts"}],"about":[{"href":"https:\/\/www.farakostolna.sk\/index.php?rest_route=\/wp\/v2\/types\/post"}],"author":[{"embeddable":true,"href":"https:\/\/www.farakostolna.sk\/index.php?rest_route=\/wp\/v2\/users\/7"}],"replies":[{"embeddable":true,"href":"https:\/\/www.farakostolna.sk\/index.php?rest_route=%2Fwp%2Fv2%2Fcomments&post=4003"}],"version-history":[{"count":0,"href":"https:\/\/www.farakostolna.sk\/index.php?rest_route=\/wp\/v2\/posts\/4003\/revisions"}],"wp:featuredmedia":[{"embeddable":true,"href":"https:\/\/www.farakostolna.sk\/index.php?rest_route=\/"}],"wp:attachment":[{"href":"https:\/\/www.farakostolna.sk\/index.php?rest_route=%2Fwp%2Fv2%2Fmedia&parent=4003"}],"wp:term":[{"taxonomy":"category","embeddable":true,"href":"https:\/\/www.farakostolna.sk\/index.php?rest_route=%2Fwp%2Fv2%2Fcategories&post=4003"},{"taxonomy":"post_tag","embeddable":true,"href":"https:\/\/www.farakostolna.sk\/index.php?rest_route=%2Fwp%2Fv2%2Ftags&post=4003"}],"curies":[{"name":"wp","href":"https:\/\/api.w.org\/{rel}","templated":true}]}}