{"id":3960,"date":"2019-03-02T00:09:08","date_gmt":"2019-03-02T00:09:08","guid":{"rendered":"http:\/\/kostolna.fara.sk\/?p=3960"},"modified":"2019-03-02T00:09:08","modified_gmt":"2019-03-02T00:09:08","slug":"opat-prosime-o-vas-hlas","status":"publish","type":"post","link":"https:\/\/www.farakostolna.sk\/?p=3960","title":{"rendered":"Op\u00e4\u0165 pros\u00edme o V\u00e1\u0161 hlas"},"content":{"rendered":"\n\t\t\t\t\n\t\t\t\t\n<div class=\"wp-block-image\"><figure class=\"alignleft\"><img decoding=\"async\" src=\"http:\/\/kostolna.fara.sk\/wp-content\/uploads\/2019\/03\/98261bba53272147ad644b34d8afd697-e1551481872336.jpg\" alt=\"\" class=\"wp-image-3962\"\/><\/figure><\/div>\n\n\n\n<p style=\"text-align:left\">Zahlasujte pros\u00edm Vy aj Va\u0161i priatelia za n\u00e1\u0161 projekt. Z\u00edskan\u00e9 financie bud\u00fa pou\u017eit\u00e9 na <br><strong>z\u00e1mkov\u00fa dla\u017ebu, stoly a lavi\u010dky<\/strong> pod pr\u00edstre\u0161kom na farskom dvore. U\u017e sme to spolu raz dok\u00e1zali, dok\u00e1\u017eeme to znovu!<\/p>\n\n\n<p><!--more--><\/p>\n\n\n<br><br><br><br><p>Postup:<\/p>\n\n\n\n<p><ol><li><a href=\"https:\/\/www.gestopremesto.sk\/hlasovanie\/senec\/4484\" target=\"_blank\" rel=\"noopener noreferrer\">Kliknite sem<\/a> a stla\u010dte &#8220;Hlasova\u0165 za projekt&#8221;.<\/li><li>Vypl\u0148te Va\u0161e \u00fadaje ako na obr\u00e1zku a odo\u0161lite hlas.<\/li><img loading=\"lazy\" decoding=\"async\" src=\"http:\/\/kostolna.fara.sk\/wp-content\/uploads\/2019\/03\/image.png\" alt=\"\" class=\"wp-image-3963\" height=\"450\" width=\"500\"\/><br><br>\n<li>Zadajte 4-miestny SMS k\u00f3d z V\u00e1\u0161ho mobilu.<\/li><img decoding=\"async\" src=\"http:\/\/kostolna.fara.sk\/wp-content\/uploads\/2019\/03\/image-2.png\" alt=\"\" class=\"wp-image-3970\"height=\"200\" width=\"200\"\/><br><br><li><b><span style=\"color:red\">A\u017e po odoslan\u00ed bol V\u00e1\u0161 hlas zapo\u010d\u00edtan\u00fd.<\/span><b><\/li><\/ol><\/p>\n\n\n\n<p><\/p>\n\t\t\t\t","protected":false},"excerpt":{"rendered":"<p>Zahlasujte pros\u00edm Vy aj Va\u0161i priatelia za n\u00e1\u0161 projekt. Z\u00edskan\u00e9 financie bud\u00fa pou\u017eit\u00e9 na z\u00e1mkov\u00fa dla\u017ebu, stoly a lavi\u010dky pod pr\u00edstre\u0161kom na farskom dvore. U\u017e sme to spolu raz dok\u00e1zali, dok\u00e1\u017eeme to znovu!<\/p>\n","protected":false},"author":7,"featured_media":3962,"comment_status":"closed","ping_status":"closed","sticky":false,"template":"","format":"standard","meta":{"footnotes":""},"categories":[4,5],"tags":[],"class_list":{"0":"entry","1":"post","2":"publish","3":"author-slado89gmail-com","4":"has-excerpt","5":"has-more-link","6":"post-3960","8":"format-standard","9":"has-post-thumbnail","10":"category-akcie","11":"category-aktuality"},"_links":{"self":[{"href":"https:\/\/www.farakostolna.sk\/index.php?rest_route=\/wp\/v2\/posts\/3960","targetHints":{"allow":["GET"]}}],"collection":[{"href":"https:\/\/www.farakostolna.sk\/index.php?rest_route=\/wp\/v2\/posts"}],"about":[{"href":"https:\/\/www.farakostolna.sk\/index.php?rest_route=\/wp\/v2\/types\/post"}],"author":[{"embeddable":true,"href":"https:\/\/www.farakostolna.sk\/index.php?rest_route=\/wp\/v2\/users\/7"}],"replies":[{"embeddable":true,"href":"https:\/\/www.farakostolna.sk\/index.php?rest_route=%2Fwp%2Fv2%2Fcomments&post=3960"}],"version-history":[{"count":0,"href":"https:\/\/www.farakostolna.sk\/index.php?rest_route=\/wp\/v2\/posts\/3960\/revisions"}],"wp:featuredmedia":[{"embeddable":true,"href":"https:\/\/www.farakostolna.sk\/index.php?rest_route=\/"}],"wp:attachment":[{"href":"https:\/\/www.farakostolna.sk\/index.php?rest_route=%2Fwp%2Fv2%2Fmedia&parent=3960"}],"wp:term":[{"taxonomy":"category","embeddable":true,"href":"https:\/\/www.farakostolna.sk\/index.php?rest_route=%2Fwp%2Fv2%2Fcategories&post=3960"},{"taxonomy":"post_tag","embeddable":true,"href":"https:\/\/www.farakostolna.sk\/index.php?rest_route=%2Fwp%2Fv2%2Ftags&post=3960"}],"curies":[{"name":"wp","href":"https:\/\/api.w.org\/{rel}","templated":true}]}}