{"id":3812,"date":"2019-02-07T08:54:42","date_gmt":"2019-02-07T08:54:42","guid":{"rendered":"http:\/\/kostolna.fara.sk\/?p=3812"},"modified":"2019-02-07T08:54:42","modified_gmt":"2019-02-07T08:54:42","slug":"ked-radost-rozdavanim-rastie-zbierka-hraciek-do-tanzanie","status":"publish","type":"post","link":"https:\/\/www.farakostolna.sk\/?p=3812","title":{"rendered":"Ke\u010f rados\u0165 rozd\u00e1van\u00edm rastie (zbierka hra\u010diek do Tanz\u00e1nie)"},"content":{"rendered":"\n\t\t\t\t\n\t\t\t\t\n<div class=\"wp-block-image\"><figure class=\"alignleft is-resized\"><img loading=\"lazy\" decoding=\"async\" src=\"http:\/\/kostolna.fara.sk\/wp-content\/uploads\/2019\/02\/IMG_20190130_175124-1024x768.jpeg\" alt=\"\" class=\"wp-image-3815\" width=\"197\" height=\"148\"\/><\/figure><\/div>\n\n\n\n<p>V stredu 30. janu\u00e1ra 2019 sa v na\u0161om farskom kostole uskuto\u010dnila sv\u00e4t\u00e1 om\u0161a, na ktor\u00fa mohli deti prinies\u0165 svoju hra\u010dku a t\u00fa da\u0165 do kufra pripraven\u00e9ho pred olt\u00e1rom. <\/p>\n\n\n\n<!--more-->\n\n\n\n<p>Kufor putoval spolu s na\u0161\u00edm p\u00e1nom far\u00e1rom do \u010falekej Tanz\u00e1nie, kde hra\u010dky urobia rados\u0165 druh\u00fdm majite\u013eom, ktor\u00ed mo\u017eno vlastn\u00fa hra\u010dku e\u0161te ani nikdy nemali. Kufor sa naplnil r\u00f4znymi hra\u010dkami od mnoh\u00fdch det\u00ed a tie\u017e sprievodn\u00fdm listom, na ktor\u00fd sa deti mohli podp\u00edsa\u0165. Za tie, ktor\u00e9 nemohli na sv\u00e4t\u00fa om\u0161u pr\u00eds\u0165, odovzdali hra\u010dky rodi\u010dia. Deti, ktor\u00e9 sa z\u00fa\u010dastnili sv\u00e4tej om\u0161e, sa na jej z\u00e1ver odfotili s hra\u010dkami, ktor\u00e9 de\u0165om priniesli.<\/p>\n\n\n\n<p>Ver\u00edme, \u017ee tak\nako odovzdan\u00e9 hra\u010dky robili rados\u0165 na\u0161im de\u0165om, urobia e\u0161te\nv\u00e4\u010d\u0161iu rados\u0165 de\u0165om v Tanz\u00e1nii, nako\u013eko boli darovan\u00e9 z\nl\u00e1sky.<\/p>\n\n\n\n<p>\u010eakujeme p\u00e1novi\nfar\u00e1rovi za \u00fa\u017easn\u00fd n\u00e1pad a tie\u017e doru\u010denie \ud83d\ude42<\/p>\n\n\n\n<p>Zuzana, Kostoln\u00e1 pri Dunaji<\/p>\n\n\n\n<p><a href=\"https:\/\/photos.app.goo.gl\/43BvLg8dYUxRo3Zs9\" target=\"_blank\" rel=\"noreferrer noopener\" aria-label=\"Fotky (opens in a new tab)\">Fotky<\/a><\/p>\n\t\t\t\t","protected":false},"excerpt":{"rendered":"<p>V stredu 30. janu\u00e1ra 2019 sa v na\u0161om farskom kostole uskuto\u010dnila sv\u00e4t\u00e1 om\u0161a, na ktor\u00fa mohli deti prinies\u0165 svoju hra\u010dku a t\u00fa da\u0165 do kufra pripraven\u00e9ho pred olt\u00e1rom.<\/p>\n","protected":false},"author":1,"featured_media":3815,"comment_status":"closed","ping_status":"closed","sticky":false,"template":"","format":"standard","meta":{"footnotes":""},"categories":[1],"tags":[],"class_list":{"0":"entry","1":"post","2":"publish","3":"author-marian-jasenoveceltras-sk","4":"has-excerpt","5":"has-more-link","6":"post-3812","8":"format-standard","9":"has-post-thumbnail","10":"category-uncategorized"},"_links":{"self":[{"href":"https:\/\/www.farakostolna.sk\/index.php?rest_route=\/wp\/v2\/posts\/3812","targetHints":{"allow":["GET"]}}],"collection":[{"href":"https:\/\/www.farakostolna.sk\/index.php?rest_route=\/wp\/v2\/posts"}],"about":[{"href":"https:\/\/www.farakostolna.sk\/index.php?rest_route=\/wp\/v2\/types\/post"}],"author":[{"embeddable":true,"href":"https:\/\/www.farakostolna.sk\/index.php?rest_route=\/wp\/v2\/users\/1"}],"replies":[{"embeddable":true,"href":"https:\/\/www.farakostolna.sk\/index.php?rest_route=%2Fwp%2Fv2%2Fcomments&post=3812"}],"version-history":[{"count":0,"href":"https:\/\/www.farakostolna.sk\/index.php?rest_route=\/wp\/v2\/posts\/3812\/revisions"}],"wp:featuredmedia":[{"embeddable":true,"href":"https:\/\/www.farakostolna.sk\/index.php?rest_route=\/"}],"wp:attachment":[{"href":"https:\/\/www.farakostolna.sk\/index.php?rest_route=%2Fwp%2Fv2%2Fmedia&parent=3812"}],"wp:term":[{"taxonomy":"category","embeddable":true,"href":"https:\/\/www.farakostolna.sk\/index.php?rest_route=%2Fwp%2Fv2%2Fcategories&post=3812"},{"taxonomy":"post_tag","embeddable":true,"href":"https:\/\/www.farakostolna.sk\/index.php?rest_route=%2Fwp%2Fv2%2Ftags&post=3812"}],"curies":[{"name":"wp","href":"https:\/\/api.w.org\/{rel}","templated":true}]}}