{"id":3807,"date":"2019-02-05T13:08:26","date_gmt":"2019-02-05T13:08:26","guid":{"rendered":"http:\/\/kostolna.fara.sk\/?p=3807"},"modified":"2019-02-05T13:08:26","modified_gmt":"2019-02-05T13:08:26","slug":"januarove-modlitbove-trojdnie","status":"publish","type":"post","link":"https:\/\/www.farakostolna.sk\/?p=3807","title":{"rendered":"Janu\u00e1rov\u00e9 modlitbov\u00e9 trojdnie"},"content":{"rendered":"\n\t\t\t\t\n\t\t\t\t<p><!--StartFragment--><\/p>\n\n\n<div class=\"wp-block-image\"><figure class=\"alignleft is-resized\"><img loading=\"lazy\" decoding=\"async\" src=\"http:\/\/kostolna.fara.sk\/wp-content\/uploads\/2019\/02\/DSC_0127-576x1024.jpeg\" alt=\"\" class=\"wp-image-3808\" width=\"127\" height=\"225\"\/><\/figure><\/div>\n\n\n<p><!--EndFragment--><br>Prv\u00e9 modlitbov\u00e9 trojdnie tohto roka sa konalo v posledn\u00fd janu\u00e1rov\u00fd v\u00edkend v d\u0148och 25. &#8211; 27. 1. 2019. Modlitbov\u00fdm skupink\u00e1m matiek na\u0161ej farnosti sa op\u00e4\u0165 podarilo prida\u0165 sa k tejto celosvetovej akcii. A v\u010faka ochote p\u00e1na far\u00e1ra po\u010das v\u0161etk\u00fdch troch dn\u00ed aj s vylo\u017eenou Sviatos\u0165ou olt\u00e1rnou.<\/p>\n\n\n<p><br><\/p>\n\n\n\n<!--more-->\n\n\n\n<p>Pre t\u00fdch, ktor\u00ed sa nemohli z\u00fa\u010dastni\u0165\nt\u00fdchto stretnut\u00ed alebo pre t\u00fdch, ktor\u00ed by sa chceli vr\u00e1ti\u0165\nk&nbsp;my\u0161lienkam, ktor\u00e9 odzneli, op\u00e4\u0165 pon\u00fakame mo\u017enos\u0165\nzamyslie\u0165 sa nad tromi sta\u0165ami zo Sv\u00e4t\u00e9ho P\u00edsma, nad ktor\u00fdmi\nsme rozj\u00edmali. \n<\/p>\n\n\n\n<p><strong>Piatok, Joel 2, 12 \u2013 13<\/strong><\/p>\n\n\n\n<p>Srdce je vn\u00edman\u00e9 v na\u0161om svete ako\nsymbol l\u00e1sky, je centrom em\u00f3ci\u00ed a v\u0161etk\u00e9ho, \u010do je v n\u00e1s.<\/p>\n\n\n\n<p>Na\u0161e \u013eudsk\u00e9 srdce je nedokonal\u00e9,\n\u010dasto pln\u00e9 p\u00e1dov, no ke\u010f\u017ee sme stvoren\u00ed na\u0161\u00edm nebesk\u00fdm\nOtcom, je na\u0161e srdce schopn\u00e9 milova\u0165, meni\u0165 sa.<\/p>\n\n\n\n<p>Pane Je\u017ei\u0161u, dnes sme pri\u0161li my,\ntvoje milovan\u00e9 mamy, milovan\u00fd k\u0148az, milovan\u00e9 sestry a bratia, aby\nsme prosili za odpustenie na\u0161ich hriechov. Pane, odpus\u0165 n\u00e1m na\u0161e\nslabosti, hriechy, nedostatky, zanedbania. Pok\u013eaknime pred na\u0161\u00edm\nP\u00e1nom a spojme sa s Je\u017ei\u0161ov\u00fdm a M\u00e1riin\u00fdm srdcom. Tieto dve\nsrdcia s\u00fa st\u00e1le spojen\u00e9 &#8211; tak v&nbsp;l\u00e1ske, ako aj v utrpen\u00ed,\nako sa p\u00ed\u0161e v deviatniku k Panne M\u00e1rii &#8211; Z\u00e1zra\u010dnej Medaily.&nbsp;<\/p>\n\n\n\n<p>Je\u017ei\u0161ovo Srdce je vzorom sv\u00e4tosti,\nprame\u0148om v\u0161etk\u00fdch milost\u00ed. M\u00e1riine Srdce je vern\u00fdm obrazom\nBo\u017eej dokonalosti, prieplavom, cez ktor\u00fd prich\u00e1dza na svet mnoho\nmilost\u00ed.<\/p>\n\n\n\n<p>Nasledujme ich a kr\u00e1\u010dajme spolu s\nnimi ka\u017ed\u00fd de\u0148, aby to na\u0161e srdce mohli premie\u0148a\u0165.<\/p>\n\n\n\n<p><strong>Sobota, Kniha M\u00fadrosti 5, 1-9<\/strong><\/p>\n\n\n\n<p>Sv\u00e4t\u00e9 P\u00edsmo n\u00e1s u\u010d\u00ed m\u00fadrosti. U\u017e\ndopredu oznamuje, \u017ee t\u00ed, \u010do vydr\u017eia potupu \u010di ur\u00e1\u017eky pre\nJe\u017ei\u0161a a&nbsp;spravodliv\u00fd \u017eivot v&nbsp;\u0147om, dostan\u00fa svoju\nodmenu. Nechajme na Boha s\u00fad&#8230; Boh miluje teba aj tvojho\nnepriate\u013ea. V\u0161etci sme Jeho deti a v\u0161etci sa u\u010d\u00edme cel\u00fd \u017eivot\nJeho l\u00e1ske. Len na \u0147om je spravodlivos\u0165. Od n\u00e1s sa o\u010dak\u00e1va\nodraz Bo\u017eej l\u00e1sky. Pozrime na pokladnicu milosti a m\u00fadrosti. Panna\nM\u00e1ria n\u00e1s u\u010d\u00ed milova\u0165 a odp\u00fa\u0161\u0165a\u0165 v\u0161etk\u00fdm a v\u0161etko. Tie\u017e\nsi vytrpela a zak\u00fasila mnoho bolesti&#8230; Iste, je \u0165a\u017ek\u00e9 odpusti\u0165\nt\u00fdm, ktor\u00ed n\u00e1m ubli\u017euj\u00fa&#8230; \u010ci u\u017e n\u00e1m, na\u0161im de\u0165om alebo\nbl\u00ed\u017enym&#8230; A predsa M\u00e1ria ako matka odp\u00fa\u0161\u0165a aj t\u00fdm, ktor\u00ed\nnen\u00e1videli a zabili jej Syna, aj t\u00fdm, \u010do prenasleduj\u00fa a ubli\u017euj\u00fa\nv\u0161etk\u00fdm jej de\u0165om dodnes&#8230; Lebo ona h\u013ead\u00ed s l\u00e1skou na veniec\nna\u0161ej sp\u00e1sy a v\u00ed\u0165azstvo jej Syna a n\u00e1\u0161ho P\u00e1na Je\u017ei\u0161a.\nOdpustime a odovzdajme na\u0161e bolesti, rany a ur\u00e1\u017eky M\u00e1rii. Chy\u0165me\nsa ru\u017eenca&#8230; Modlime sa za odpustenie v sebe, v na\u0161ich rodin\u00e1ch,\naj v celom svete.&nbsp;<\/p>\n\n\n\n<p>Ka\u017ed\u00e9 na\u0161e odpustenie premie\u0148a slzy\nna kvety. M\u00e1ria, drah\u00e1 na\u0161a Matka, pros\u00edme \u0165a, pom\u00f4\u017e n\u00e1m\nodp\u00fa\u0161\u0165a\u0165 pod\u013ea tvojho srdca. Chceme odpusti\u0165 a modli\u0165 sa aj za\nna\u0161ich nepriate\u013eov. V\u010faka Ti za t\u00fa l\u00e1sku.<\/p>\n\n\n\n<p><strong>Nede\u013ea,\nPrv\u00e1 Kniha kr\u00e1\u013eov 8, 10 &#8211; 13<\/strong><\/p>\n\n\n\n<p>Boh povedal e\u0161te Moj\u017ei\u0161ovi v\u00a0Starom z\u00e1kone, \u017ee bude b\u00fdva\u0165 v\u00a0oblaku. A\u00a0\u0160alam\u00fan videl v\u00a0obraze oblaku, ktor\u00fd naplnil novopostaven\u00fd chr\u00e1m, po\u017eehnanie svojho diela. Nebol z\u00a0toho nejako extra prekvapen\u00fd, zdalo sa, \u017ee \u00faplne samozrejme odpove\u010f od Boha o\u010dak\u00e1val. <\/p>\n\n\n\n<p>A&nbsp;my?\nKo\u013ekokr\u00e1t len pros\u00edme a&nbsp;\u017eobron\u00edme, no ak to nedostaneme\nhne\u010f, hnev\u00e1me sa a&nbsp;pros\u00edme o&nbsp;nie\u010do \u010fal\u0161ie? \u0160alam\u00fan\nstaval chr\u00e1m sedem rokov, napriek tomu nepochyboval, \u017ee Boh svoje\nslovo spln\u00ed a&nbsp;d\u00e1 mu odpove\u010f. N\u00e1m pri nanebovst\u00fapen\u00ed Je\u017ei\u0161\ndokonca povedal, \u017ee bude s&nbsp;nami po v\u0161etky dni. Ver\u00edme tomu?\nNaozaj? Lebo Je\u017ei\u0161 hovor\u00ed \u201epo v\u0161etky dni\u201c. To znamen\u00e1 aj\ndnes. Pr\u00e1ve teraz. Pr\u00e1ve teraz, ke\u010f n\u00e1m to tro\u0161ku \u0161kr\u00edpe\nv&nbsp;zdrav\u00ed \u010di v pr\u00e1ci. Pr\u00e1ve teraz, ke\u010f n\u00e1m to tro\u0161ku\n\u0161kr\u00edpe v&nbsp;na\u0161ich vz\u0165ahoch. Pr\u00e1ve teraz, ke\u010f je v\u0161etko\nv&nbsp;najlep\u0161om poriadku. Pr\u00e1ve tu, pr\u00e1ve teraz.<\/p>\n\n\n\n<p>A&nbsp;hoci na\u0161e\nchr\u00e1my nie s\u00fa naplnen\u00e9 skuto\u010dn\u00fdmi oblakmi, je tu Je\u017ei\u0161\nv&nbsp;Eucharistii. Ako s\u013e\u00fabil, po v\u0161etky dni.<\/p>\n\n\n\n<p>V\u010faka Ti, Pane,\n\u017ee si s&nbsp;nami.<\/p>\n\n\n\n<p><strong>mamy z MM<\/strong><\/p>\n\n\n\n<p><a href=\"https:\/\/photos.app.goo.gl\/fC1bLZ5znyNVY4qr9\" target=\"_blank\" rel=\"noreferrer noopener\" aria-label=\"Fotky (opens in a new tab)\">Fotky<\/a><\/p>\n\n\n\n<p><\/p>\n\t\t\t\t","protected":false},"excerpt":{"rendered":"<p>Prv\u00e9 modlitbov\u00e9 trojdnie tohto roka sa konalo v posledn\u00fd janu\u00e1rov\u00fd v\u00edkend v d\u0148och 25. &#8211; 27. 1. 2019. Modlitbov\u00fdm skupink\u00e1m matiek na\u0161ej farnosti sa op\u00e4\u0165 podarilo prida\u0165 sa k tejto celosvetovej akcii. A v\u010faka ochote p\u00e1na far\u00e1ra po\u010das v\u0161etk\u00fdch troch dn\u00ed aj s vylo\u017eenou Sviatos\u0165ou olt\u00e1rnou.<\/p>\n","protected":false},"author":1,"featured_media":3808,"comment_status":"closed","ping_status":"closed","sticky":false,"template":"","format":"standard","meta":{"footnotes":""},"categories":[1],"tags":[],"class_list":{"0":"entry","1":"post","2":"publish","3":"author-marian-jasenoveceltras-sk","4":"has-excerpt","5":"has-more-link","6":"post-3807","8":"format-standard","9":"has-post-thumbnail","10":"category-uncategorized"},"_links":{"self":[{"href":"https:\/\/www.farakostolna.sk\/index.php?rest_route=\/wp\/v2\/posts\/3807","targetHints":{"allow":["GET"]}}],"collection":[{"href":"https:\/\/www.farakostolna.sk\/index.php?rest_route=\/wp\/v2\/posts"}],"about":[{"href":"https:\/\/www.farakostolna.sk\/index.php?rest_route=\/wp\/v2\/types\/post"}],"author":[{"embeddable":true,"href":"https:\/\/www.farakostolna.sk\/index.php?rest_route=\/wp\/v2\/users\/1"}],"replies":[{"embeddable":true,"href":"https:\/\/www.farakostolna.sk\/index.php?rest_route=%2Fwp%2Fv2%2Fcomments&post=3807"}],"version-history":[{"count":0,"href":"https:\/\/www.farakostolna.sk\/index.php?rest_route=\/wp\/v2\/posts\/3807\/revisions"}],"wp:featuredmedia":[{"embeddable":true,"href":"https:\/\/www.farakostolna.sk\/index.php?rest_route=\/"}],"wp:attachment":[{"href":"https:\/\/www.farakostolna.sk\/index.php?rest_route=%2Fwp%2Fv2%2Fmedia&parent=3807"}],"wp:term":[{"taxonomy":"category","embeddable":true,"href":"https:\/\/www.farakostolna.sk\/index.php?rest_route=%2Fwp%2Fv2%2Fcategories&post=3807"},{"taxonomy":"post_tag","embeddable":true,"href":"https:\/\/www.farakostolna.sk\/index.php?rest_route=%2Fwp%2Fv2%2Ftags&post=3807"}],"curies":[{"name":"wp","href":"https:\/\/api.w.org\/{rel}","templated":true}]}}