{"id":3755,"date":"2019-01-15T09:08:07","date_gmt":"2019-01-15T09:08:07","guid":{"rendered":"http:\/\/kostolna.fara.sk\/?p=3755"},"modified":"2019-01-15T09:08:07","modified_gmt":"2019-01-15T09:08:07","slug":"vzacna-navsteva-v-nasej-farnosti","status":"publish","type":"post","link":"https:\/\/www.farakostolna.sk\/?p=3755","title":{"rendered":"Vz\u00e1cna n\u00e1v\u0161teva v na\u0161ej farnosti"},"content":{"rendered":"\n\t\t\t\t\n\t\t\t\t\n<div class=\"wp-block-image\"><figure class=\"alignleft is-resized\"><img loading=\"lazy\" decoding=\"async\" src=\"http:\/\/kostolna.fara.sk\/wp-content\/uploads\/2019\/01\/kuffa-500x281.jpg\" alt=\"\" class=\"wp-image-3758\" width=\"181\" height=\"102\"\/><\/figure><\/div>\n\n\n\n<p>Poznaj\u00fa ho u\u017e aj v Bruseli, \u010di v susednom Rak\u00fasku a tie\u017e v Nemecku. Mnoh\u00fdmi zbo\u017e\u0148ovan\u00fd, in\u00fdmi zas zatracovan\u00fd \u2013 Mari\u00e1n Kuffa \u2013 odsl\u00fa\u017eil 11. janu\u00e1ra 2019 v na\u0161om farskom kostole v Kostolnej sv. om\u0161u a n\u00e1sledne mal predn\u00e1\u0161ku oh\u013eadom Istanbulsk\u00e9ho dohovoru.<\/p>\n\n\n\n<!--more-->\n\n\n\n<p><br>Kostol pln\u00fd a\u017e do posledn\u00e9ho miesta, \u013eudia pln\u00ed o\u010dak\u00e1vania. Tento charizmatick\u00fd k\u0148az nev\u00e1hal, a napriek zdravotn\u00fdm \u0165a\u017ekostiam s chrbticou, pri\u0161iel k n\u00e1m zo \u017dakoviec, aby n\u00e1m sved\u010dil a povzbudil n\u00e1s, vyu\u010doval a motivoval. Jeho celo\u017eivotn\u00e9 osobn\u00e9 sk\u00fasenosti s pr\u00e1cou s bezdomovcami, narkomanmi, prostit\u00fatkami a homosexu\u00e1lmi s\u00fa pre neho tou pravou \u0161kolou \u017eivota. S\u00e1m na vlastnej ko\u017ei presne vie, \u010do jeho zverenci potrebuj\u00fa a \u010do ich do t\u00fdchto ich probl\u00e9mov dost\u00e1va. Aj preto neoblomne, spolu s \u010fal\u0161\u00edmi odborn\u00edkmi v tejto oblasti, odkr\u00fdva z\u00e1kerne skryt\u00fa gender ideol\u00f3giu v Istanbulskom dohovore, ktor\u00fd sa n\u00e1m v\u0161emo\u017ene sna\u017eia nan\u00fati\u0165 r\u00f4zni aktivisti z politick\u00e9ho a medi\u00e1lneho spektra.<br>Neboj\u00ed sa \u201esvieti\u0165 pravdou\u201c Evanjelia na mnoh\u00e9 h\u00e1kliv\u00e9 spolo\u010densk\u00e9 t\u00e9my. Nekompromisn\u00fdm, ale zato l\u00e1skav\u00fdm, postojom ukazuje zvr\u00e1tenos\u0165 a tie\u017e re\u00e1lne n\u00e1sledky gender ideol\u00f3gie v spolo\u010dnosti. Pravdu o tejto novodobej diktat\u00fare men\u0161iny obhajuje nielen biblicky, odborne, ale tie\u017e vlastn\u00fdmi sk\u00fasenos\u0165ami. <br>Po predn\u00e1\u0161ke, ktor\u00e1 bola po sv. om\u0161i sme boli nielen ve\u013emi povzbuden\u00ed jeho autenticitou, ale, ver\u00edm, \u017ee aj spr\u00e1vne nabuden\u00ed a odhodlan\u00ed br\u00e1ni\u0165 na\u0161e rodiny, deti a t\u00fdm aj cel\u00fa spolo\u010dnos\u0165 pred nov\u00fdmi nebezpe\u010denstvami, ktor\u00e9 sa u\u017e sna\u017eia zavie\u0165 do \u0161k\u00f4l a z\u00e1konov.<\/p>\n\n\n\n<p>Martin \u0160i\u0161ka,<br>\nHrub\u00fd \u0160\u00far<\/p>\n\n\n\n<p><\/p>\n\n\n\n<p><a href=\"https:\/\/photos.app.goo.gl\/cJPuKRY3iJMpw7tj8\" target=\"blank\" rel=\"noopener noreferrer\">Fotky<\/a><\/p>\n\n\n\n<p><\/p>\n\n\n\n<p><iframe loading=\"lazy\" width=\"560\" height=\"315\" src=\"https:\/\/www.youtube.com\/embed\/LndG4tffijc\" frameborder=\"0\" allow=\"accelerometer; autoplay; encrypted-media; gyroscope; picture-in-picture\" allowfullscreen=\"\"><\/iframe><\/p>\n\t\t\t\t","protected":false},"excerpt":{"rendered":"<p>Poznaj\u00fa ho u\u017e aj v Bruseli, \u010di v susednom Rak\u00fasku a tie\u017e v Nemecku. Mnoh\u00fdmi zbo\u017e\u0148ovan\u00fd, in\u00fdmi zas zatracovan\u00fd \u2013 Mari\u00e1n Kuffa \u2013 odsl\u00fa\u017eil 11. janu\u00e1ra 2019 v na\u0161om farskom kostole v Kostolnej sv. om\u0161u a n\u00e1sledne mal predn\u00e1\u0161ku oh\u013eadom Istanbulsk\u00e9ho dohovoru.<\/p>\n","protected":false},"author":1,"featured_media":3758,"comment_status":"closed","ping_status":"closed","sticky":false,"template":"","format":"standard","meta":{"footnotes":""},"categories":[1],"tags":[22,24],"class_list":{"0":"entry","1":"post","2":"publish","3":"author-marian-jasenoveceltras-sk","4":"has-excerpt","5":"has-more-link","6":"post-3755","8":"format-standard","9":"has-post-thumbnail","10":"category-uncategorized","11":"post_tag-akcie","12":"post_tag-aktuality"},"_links":{"self":[{"href":"https:\/\/www.farakostolna.sk\/index.php?rest_route=\/wp\/v2\/posts\/3755","targetHints":{"allow":["GET"]}}],"collection":[{"href":"https:\/\/www.farakostolna.sk\/index.php?rest_route=\/wp\/v2\/posts"}],"about":[{"href":"https:\/\/www.farakostolna.sk\/index.php?rest_route=\/wp\/v2\/types\/post"}],"author":[{"embeddable":true,"href":"https:\/\/www.farakostolna.sk\/index.php?rest_route=\/wp\/v2\/users\/1"}],"replies":[{"embeddable":true,"href":"https:\/\/www.farakostolna.sk\/index.php?rest_route=%2Fwp%2Fv2%2Fcomments&post=3755"}],"version-history":[{"count":0,"href":"https:\/\/www.farakostolna.sk\/index.php?rest_route=\/wp\/v2\/posts\/3755\/revisions"}],"wp:featuredmedia":[{"embeddable":true,"href":"https:\/\/www.farakostolna.sk\/index.php?rest_route=\/"}],"wp:attachment":[{"href":"https:\/\/www.farakostolna.sk\/index.php?rest_route=%2Fwp%2Fv2%2Fmedia&parent=3755"}],"wp:term":[{"taxonomy":"category","embeddable":true,"href":"https:\/\/www.farakostolna.sk\/index.php?rest_route=%2Fwp%2Fv2%2Fcategories&post=3755"},{"taxonomy":"post_tag","embeddable":true,"href":"https:\/\/www.farakostolna.sk\/index.php?rest_route=%2Fwp%2Fv2%2Ftags&post=3755"}],"curies":[{"name":"wp","href":"https:\/\/api.w.org\/{rel}","templated":true}]}}