{"id":3739,"date":"2019-01-14T12:06:30","date_gmt":"2019-01-14T12:06:30","guid":{"rendered":"http:\/\/kostolna.fara.sk\/?p=3739"},"modified":"2019-01-14T12:06:30","modified_gmt":"2019-01-14T12:06:30","slug":"vianocny-program","status":"publish","type":"post","link":"https:\/\/www.farakostolna.sk\/?p=3739","title":{"rendered":"Viano\u010dn\u00fd program"},"content":{"rendered":"<p>\t\t\t\t<a href=\"http:\/\/kostolna.fara.sk\/vianocny-program\/img-20190108-wa0004\/\" rel=\"attachment wp-att-3743\"><img loading=\"lazy\" decoding=\"async\" class=\"size-medium wp-image-3743 alignleft\" src=\"http:\/\/kostolna.fara.sk\/wp-content\/uploads\/2019\/01\/IMG-20190108-WA0004-225x300.jpg\" alt=\"\" width=\"225\" height=\"300\"><\/a>Sv\u00e4t\u00fd Jozef s&nbsp;Pannou M\u00e1riou h\u013eadaj\u00fa ubytovanie v hostinci, ale hostinsk\u00fd ich kruto odmieta a&nbsp;posiela pre\u010d&#8230; <!--more-->Do ma\u0161tale. Tak za\u010dalo viano\u010dn\u00e9 vyst\u00fapenie det\u00ed, ktor\u00e9 sme mohli vidie\u0165 vo farskom kostole 6. janu\u00e1ra, na sviatok Zjavenia P\u00e1na.<br \/>\nDeti sa na predstavenie pripravovali v&nbsp;adventnom obdob\u00ed pod veden\u00edm obetavej \u013dubky \u0160i\u0161kovej. Ka\u017ed\u00fd piatok sa popri in\u00fdch povinnostiach stret\u00e1vali deti s&nbsp;rodi\u010dmi a&nbsp;hudobn\u00edci pri n\u00e1cvikoch. V&nbsp;predviano\u010dnom obdob\u00ed m\u00e1 t\u00fdch povinnost\u00ed ka\u017ed\u00fd viac ako dos\u0165, asi ani raz sa nepodarilo stretn\u00fa\u0165 sa na n\u00e1cvikoch v\u0161etk\u00fdm spolu. Nielen z&nbsp;tohto d\u00f4vodu nebola pr\u00edprava jednoduch\u00e1, ale zanieten\u00edm a&nbsp;ochotou v\u0161etk\u00fdch z\u00fa\u010dastnen\u00fdch sme nakoniec mohli vidie\u0165 \u010darovn\u00e9 viano\u010dn\u00e9 vyst\u00fapenie, na ktorom ka\u017ed\u00fd \u00fa\u010dinkuj\u00faci podal svoj najlep\u0161\u00ed osobn\u00fd v\u00fdkon.<br \/>\nV&nbsp;mene v\u0161etk\u00fdch by som t\u00fdmto chcela po\u010fakova\u0165 hlavnej organiz\u00e1torke \u013dubke \u0160i\u0161kovej, v\u0161etk\u00fdm hudobn\u00edkom a&nbsp;spev\u00e1kom, de\u0165om, tvoriv\u00fdm mami\u010dk\u00e1m za podnetn\u00e9 pripomienky, a&nbsp;najm\u00e4 Duchu Sv\u00e4t\u00e9mu, ktor\u00fd n\u00e1s v\u0161etk\u00fdch viedol &#x263a;<\/p>\n<p><a href=\"https:\/\/photos.app.goo.gl\/j6kLqYikzKxsFHNK7\" target=\"_blank\" rel=\"noopener noreferrer\">Fotky<\/a><\/p>\n<p><iframe loading=\"lazy\" src=\"https:\/\/player.vimeo.com\/video\/312821768\" webkitallowfullscreen=\"\" mozallowfullscreen=\"\" allowfullscreen=\"\" width=\"640\" height=\"480\" frameborder=\"0\"><\/iframe>\t\t\t\t<\/p>\n","protected":false},"excerpt":{"rendered":"<p>Sv\u00e4t\u00fd Jozef s&nbsp;Pannou M\u00e1riou h\u013eadaj\u00fa ubytovanie v hostinci, ale hostinsk\u00fd ich kruto odmieta a&nbsp;posiela pre\u010d&#8230;<\/p>\n","protected":false},"author":1,"featured_media":3743,"comment_status":"closed","ping_status":"closed","sticky":false,"template":"","format":"standard","meta":{"footnotes":""},"categories":[1],"tags":[22],"class_list":{"0":"entry","1":"post","2":"publish","3":"author-marian-jasenoveceltras-sk","4":"has-excerpt","5":"has-more-link","6":"post-3739","8":"format-standard","9":"has-post-thumbnail","10":"category-uncategorized","11":"post_tag-akcie"},"_links":{"self":[{"href":"https:\/\/www.farakostolna.sk\/index.php?rest_route=\/wp\/v2\/posts\/3739","targetHints":{"allow":["GET"]}}],"collection":[{"href":"https:\/\/www.farakostolna.sk\/index.php?rest_route=\/wp\/v2\/posts"}],"about":[{"href":"https:\/\/www.farakostolna.sk\/index.php?rest_route=\/wp\/v2\/types\/post"}],"author":[{"embeddable":true,"href":"https:\/\/www.farakostolna.sk\/index.php?rest_route=\/wp\/v2\/users\/1"}],"replies":[{"embeddable":true,"href":"https:\/\/www.farakostolna.sk\/index.php?rest_route=%2Fwp%2Fv2%2Fcomments&post=3739"}],"version-history":[{"count":0,"href":"https:\/\/www.farakostolna.sk\/index.php?rest_route=\/wp\/v2\/posts\/3739\/revisions"}],"wp:featuredmedia":[{"embeddable":true,"href":"https:\/\/www.farakostolna.sk\/index.php?rest_route=\/"}],"wp:attachment":[{"href":"https:\/\/www.farakostolna.sk\/index.php?rest_route=%2Fwp%2Fv2%2Fmedia&parent=3739"}],"wp:term":[{"taxonomy":"category","embeddable":true,"href":"https:\/\/www.farakostolna.sk\/index.php?rest_route=%2Fwp%2Fv2%2Fcategories&post=3739"},{"taxonomy":"post_tag","embeddable":true,"href":"https:\/\/www.farakostolna.sk\/index.php?rest_route=%2Fwp%2Fv2%2Ftags&post=3739"}],"curies":[{"name":"wp","href":"https:\/\/api.w.org\/{rel}","templated":true}]}}