{"id":3667,"date":"2018-10-28T21:16:25","date_gmt":"2018-10-28T21:16:25","guid":{"rendered":"http:\/\/kostolna.fara.sk\/?p=3667"},"modified":"2018-10-28T21:16:25","modified_gmt":"2018-10-28T21:16:25","slug":"oslava-vsetkych-svatych-2","status":"publish","type":"post","link":"https:\/\/www.farakostolna.sk\/?p=3667","title":{"rendered":"Oslava v\u0161etk\u00fdch sv\u00e4t\u00fdch"},"content":{"rendered":"<p>\t\t\t\t<a href=\"http:\/\/kostolna.fara.sk\/oslava-vsetkych-svatych-2\/oslava_vsetkych_svatych\/\" rel=\"attachment wp-att-3668\"><img loading=\"lazy\" decoding=\"async\" class=\"size-medium wp-image-3668 alignleft\" src=\"http:\/\/kostolna.fara.sk\/wp-content\/uploads\/2018\/10\/oslava_vsetkych_svatych-300x208.png\" alt=\"\" width=\"300\" height=\"208\" \/><\/a>Pod\u030c na oslavu vs\u030cetky\u0301ch sva\u0308ty\u0301ch a pri\u0301d\u030c oblec\u030ceni\u0301 ako sva\u0308ti\u0301. Zac\u030ci\u0301name o 15:30 v pastorac\u030cnom centre v Kostolnej pri Dunaji, v stredu 1.11.2018. Bude veselo na\u0301m aj v nebi. Tes\u030ci\u0301me sa na Teba.\t\t\t\t<\/p>\n","protected":false},"excerpt":{"rendered":"<p>Pod\u030c na oslavu vs\u030cetky\u0301ch sva\u0308ty\u0301ch a pri\u0301d\u030c oblec\u030ceni\u0301 ako sva\u0308ti\u0301. Zac\u030ci\u0301name o 15:30 v pastorac\u030cnom centre v Kostolnej pri Dunaji, v stredu 1.11.2018. Bude veselo na\u0301m aj v nebi. Tes\u030ci\u0301me sa na Teba.<\/p>\n","protected":false},"author":1,"featured_media":3668,"comment_status":"closed","ping_status":"closed","sticky":false,"template":"","format":"standard","meta":{"footnotes":""},"categories":[4,6],"tags":[22,24],"class_list":{"0":"entry","1":"post","2":"publish","3":"author-marian-jasenoveceltras-sk","4":"has-excerpt","5":"post-3667","7":"format-standard","8":"has-post-thumbnail","9":"category-akcie","10":"category-aktuality-sk","11":"post_tag-akcie","12":"post_tag-aktuality"},"_links":{"self":[{"href":"https:\/\/www.farakostolna.sk\/index.php?rest_route=\/wp\/v2\/posts\/3667","targetHints":{"allow":["GET"]}}],"collection":[{"href":"https:\/\/www.farakostolna.sk\/index.php?rest_route=\/wp\/v2\/posts"}],"about":[{"href":"https:\/\/www.farakostolna.sk\/index.php?rest_route=\/wp\/v2\/types\/post"}],"author":[{"embeddable":true,"href":"https:\/\/www.farakostolna.sk\/index.php?rest_route=\/wp\/v2\/users\/1"}],"replies":[{"embeddable":true,"href":"https:\/\/www.farakostolna.sk\/index.php?rest_route=%2Fwp%2Fv2%2Fcomments&post=3667"}],"version-history":[{"count":0,"href":"https:\/\/www.farakostolna.sk\/index.php?rest_route=\/wp\/v2\/posts\/3667\/revisions"}],"wp:featuredmedia":[{"embeddable":true,"href":"https:\/\/www.farakostolna.sk\/index.php?rest_route=\/"}],"wp:attachment":[{"href":"https:\/\/www.farakostolna.sk\/index.php?rest_route=%2Fwp%2Fv2%2Fmedia&parent=3667"}],"wp:term":[{"taxonomy":"category","embeddable":true,"href":"https:\/\/www.farakostolna.sk\/index.php?rest_route=%2Fwp%2Fv2%2Fcategories&post=3667"},{"taxonomy":"post_tag","embeddable":true,"href":"https:\/\/www.farakostolna.sk\/index.php?rest_route=%2Fwp%2Fv2%2Ftags&post=3667"}],"curies":[{"name":"wp","href":"https:\/\/api.w.org\/{rel}","templated":true}]}}