{"id":3662,"date":"2018-10-20T12:46:03","date_gmt":"2018-10-20T12:46:03","guid":{"rendered":"http:\/\/kostolna.fara.sk\/?p=3662"},"modified":"2018-10-20T12:46:03","modified_gmt":"2018-10-20T12:46:03","slug":"vecer-kedy-sme-vyprosovali-velke-zazraky","status":"publish","type":"post","link":"https:\/\/www.farakostolna.sk\/?p=3662","title":{"rendered":"Ve\u010der, kedy sme vyprosovali ve\u013ek\u00e9 z\u00e1zraky"},"content":{"rendered":"<p>\t\t\t\t<a href=\"http:\/\/kostolna.fara.sk\/vecer-kedy-sme-vyprosovali-velke-zazraky\/img_20181018_163522-effects\/\" rel=\"attachment wp-att-3663\"><img loading=\"lazy\" decoding=\"async\" class=\"size-medium wp-image-3663 alignleft\" src=\"http:\/\/kostolna.fara.sk\/wp-content\/uploads\/2018\/10\/IMG_20181018_163522-EFFECTS-225x300.jpg\" alt=\"\" width=\"225\" height=\"300\" \/><\/a>Aj na\u0161a farnos\u0165 sa 18. okt\u00f3bra 2018 pripojila k\u00a0celosvetovej iniciat\u00edve Mili\u00f3n det\u00ed sa modl\u00ed ru\u017eenec. Stretli sme sa o\u00a018. hodine v\u00a0kostole v\u00a0Kostolnej pri Dunaji.<!--more--><\/p>\n<p><b>Nieko\u013eko mili\u00f3nov<\/b><\/p>\n<p>T\u00fato akciu za\u010dalo zop\u00e1r \u013eud\u00ed vo Venezuele v\u00a0roku 2005, ktor\u00ed d\u00f4verovali slov\u00e1m sv\u00e4t\u00e9ho P\u00e1tra Pia: \u201eAk sa mili\u00f3n det\u00ed zjednot\u00ed v\u00a0modlitbe ru\u017eenca, svet sa zmen\u00ed.\u201c Odvtedy sa ka\u017edoro\u010dne jeden de\u0148 v\u00a0okt\u00f3bri, ru\u017eencovom mesiaci, zjednot\u00ed na svete nie mili\u00f3n, ale nieko\u013eko mili\u00f3nov det\u00ed v\u00a0modlitbe ru\u017eenca. K\u00a0tejto modlitbe poz\u00fdvala deti aj Panna M\u00e1ria vo Fatime v\u00a0\u010dasoch prvej svetovej vojny. U\u010dila deti, \u017ee obeta a\u00a0modlitba s\u00fa t\u00fdmi naj\u00fa\u010dinnej\u0161\u00edmi prostriedkami, ktor\u00fdmi mo\u017eno dosiahnu\u0165 tak\u00e9 ve\u013ek\u00e9 veci, ako pokoj a\u00a0mier vo svete.<\/p>\n<p><b>Za jednotu a pokoj<\/b><\/p>\n<p>Cie\u013eom iniciat\u00edvy je teda zjednoti\u0165 hlasy det\u00ed v\u00a0modlitbe za jednotu a\u00a0pokoj vo svete. Det\u00ed v\u00a0krajin\u00e1ch, ktor\u00fdch su\u017euje vojna, ale aj det\u00ed, ktor\u00e9 \u017eij\u00fa v\u00a0pokoji a\u00a0\u0161\u0165ast\u00ed. A\u00a0tak sa v\u00a0jeden de\u0148 hlasy det\u00ed cel\u00e9ho sveta zjednotia v\u00a0modlitbe ru\u017eenca \u010di u\u017e v\u00a0\u0161kol\u00e1ch, kaplnk\u00e1ch, doma, v\u00a0kostoloch, sirotincoch \u010di nemocniciach.\u00a0Na niektor\u00fdch miestach sa dokonca v\u00a0tento de\u0148 preru\u0161\u00ed na pol hodinu aj vyu\u010dovanie, aby sa deti do tejto akcie mohli zapoji\u0165.<\/p>\n<p><b>Pripojili sme sa aj my<\/b><\/p>\n<p>My sme sa stretli nave\u010der, ke\u010f u\u017e v\u00e4\u010d\u0161ina z\u00a0det\u00ed mala za sebou hotov\u00e9 dom\u00e1ce \u00falohy aj absolvovan\u00e9 kr\u00fa\u017eky. Namiesto oddychu \u010di sedenia pred telkou v\u0161ak 23 det\u00ed na\u0161ej farnosti dalo prednos\u0165 modlitbe ru\u017eenca. Pri\u0161li aj niektor\u00e9 deti z\u00a0Kr\u00e1\u013eovej pri Senci a\u00a0niektor\u00e9, ktor\u00e9 boli chor\u00e9 \u010di odcestovan\u00e9, sa zapojili na dia\u013eku. Pomodlili sme sa radostn\u00fd ru\u017eenec &#8211; po slovensky, ma\u010farsky aj spievano. Na z\u00e1ver si deti rozdelili \u0161peci\u00e1lny cukr\u00edkov\u00fd ru\u017eenec.<\/p>\n<p>Mo\u017eno to bolo pr\u00edtm\u00edm kostola, mo\u017eno celkov\u00fdm zastaven\u00edm sa v\u00a0priebehu pracovn\u00e9ho t\u00fd\u017ed\u0148a, mo\u017eno tou detskou rados\u0165ou prameniacou u\u017e len z\u00a0toho, \u017ee sa m\u00f4\u017eu predmodlieva\u0165 do prenosn\u00e9ho mikrof\u00f3nu. A\u00a0mo\u017eno t\u00fdm, \u017ee modlitbou ru\u017eenca sme sa akoby naozaj dr\u017eali ruky Panny M\u00e1rie a\u00a0ona spolu s\u00a0nami mohla u\u00a0P\u00e1na Je\u017ei\u0161a vyprosova\u0165 ve\u013ek\u00e9 z\u00e1zraky. Mo\u017eno aj tak\u00e9, za ak\u00e9 sa my dospel\u00ed ani len neodva\u017eujeme prosi\u0165&#8230;<\/p>\n<p>Na Slovensku zastre\u0161uje iniciat\u00edvu Mili\u00f3n det\u00ed sa modl\u00ed ru\u017eenec p\u00e1pe\u017esk\u00e1 nad\u00e1cia ACN (<span style=\"color: #0000ff;\"><u><a href=\"http:\/\/www.scn-slovensko.org\/\">www.acn-slovensko.org<\/a><\/u><\/span> &#8211; u\u00a0n\u00e1s zn\u00e1ma pod n\u00e1zvom Kirche in Not).<\/p>\n<p><a href=\"https:\/\/photos.app.goo.gl\/WofSF8aUxoUNXVfq5\" target=\"_blank\" rel=\"noopener noreferrer\">Fotky<\/a><\/p>\n<p>Katar\u00edna Mi\u0161kov\u00e1, Kostoln\u00e1 pri Dunaji<\/p>\n<p>&nbsp;\t\t\t\t<\/p>\n","protected":false},"excerpt":{"rendered":"<p>Aj na\u0161a farnos\u0165 sa 18. okt\u00f3bra 2018 pripojila k\u00a0celosvetovej iniciat\u00edve Mili\u00f3n det\u00ed sa modl\u00ed ru\u017eenec. Stretli sme sa o\u00a018. hodine v\u00a0kostole v\u00a0Kostolnej pri Dunaji.<\/p>\n","protected":false},"author":1,"featured_media":3663,"comment_status":"closed","ping_status":"closed","sticky":false,"template":"","format":"standard","meta":{"footnotes":""},"categories":[6],"tags":[24],"class_list":{"0":"entry","1":"post","2":"publish","3":"author-marian-jasenoveceltras-sk","4":"has-excerpt","5":"has-more-link","6":"post-3662","8":"format-standard","9":"has-post-thumbnail","10":"category-aktuality-sk","11":"post_tag-aktuality"},"_links":{"self":[{"href":"https:\/\/www.farakostolna.sk\/index.php?rest_route=\/wp\/v2\/posts\/3662","targetHints":{"allow":["GET"]}}],"collection":[{"href":"https:\/\/www.farakostolna.sk\/index.php?rest_route=\/wp\/v2\/posts"}],"about":[{"href":"https:\/\/www.farakostolna.sk\/index.php?rest_route=\/wp\/v2\/types\/post"}],"author":[{"embeddable":true,"href":"https:\/\/www.farakostolna.sk\/index.php?rest_route=\/wp\/v2\/users\/1"}],"replies":[{"embeddable":true,"href":"https:\/\/www.farakostolna.sk\/index.php?rest_route=%2Fwp%2Fv2%2Fcomments&post=3662"}],"version-history":[{"count":0,"href":"https:\/\/www.farakostolna.sk\/index.php?rest_route=\/wp\/v2\/posts\/3662\/revisions"}],"wp:featuredmedia":[{"embeddable":true,"href":"https:\/\/www.farakostolna.sk\/index.php?rest_route=\/"}],"wp:attachment":[{"href":"https:\/\/www.farakostolna.sk\/index.php?rest_route=%2Fwp%2Fv2%2Fmedia&parent=3662"}],"wp:term":[{"taxonomy":"category","embeddable":true,"href":"https:\/\/www.farakostolna.sk\/index.php?rest_route=%2Fwp%2Fv2%2Fcategories&post=3662"},{"taxonomy":"post_tag","embeddable":true,"href":"https:\/\/www.farakostolna.sk\/index.php?rest_route=%2Fwp%2Fv2%2Ftags&post=3662"}],"curies":[{"name":"wp","href":"https:\/\/api.w.org\/{rel}","templated":true}]}}