{"id":3652,"date":"2018-10-08T20:58:49","date_gmt":"2018-10-08T20:58:49","guid":{"rendered":"http:\/\/kostolna.fara.sk\/?p=3652"},"modified":"2018-10-08T20:58:49","modified_gmt":"2018-10-08T20:58:49","slug":"farska-hodova-slavnost","status":"publish","type":"post","link":"https:\/\/www.farakostolna.sk\/?p=3652","title":{"rendered":"Farsk\u00e1 hodov\u00e1 sl\u00e1vnos\u0165"},"content":{"rendered":"<p>\t\t\t\t<img loading=\"lazy\" decoding=\"async\" class=\"size-medium wp-image-3653 alignleft\" src=\"http:\/\/kostolna.fara.sk\/wp-content\/uploads\/2018\/10\/IMG_2029-300x200.jpg\" alt=\"\" width=\"300\" height=\"200\" \/><\/p>\n<p align=\"JUSTIFY\">Tohtoro\u010dn\u00e1 sl\u00e1vnos\u0165 titulu farsk\u00e9ho kostola pripadla presne na nede\u013eu 7. okt\u00f3bra. <!--more-->Odpustov\u00e9 sv\u00e4t\u00e9 om\u0161e boli dve \u2013 ma\u010farsk\u00e1 aj slovensk\u00e1. Na oboch bol hlavn\u00fdm celebrantom a kazate\u013eom vdp. S\u00faken\u00edk. Asi najviac zo v\u0161etk\u00e9ho vo veriacich zarezonoval jeho pr\u00edhovor v hom\u00edlii, kde zhrnul historick\u00fd p\u00f4vod modlitby posv\u00e4tn\u00e9ho ru\u017eenca ako aj jeho re\u00e1lnu moc. So zatajen\u00fdm dychom sme po\u010d\u00favali ako sa v r\u00f4znych \u0165a\u017ek\u00fdch situ\u00e1ci\u00e1ch veriaci utiekali v modlitbe k Panne M\u00e1rii, aby sa prihov\u00e1rala u svojho Syna. D\u00fafam, \u017ee mnoh\u00ed odi\u0161li domov s povzbuden\u00edm o tom, \u017ee modlitba ru\u017eenca m\u00e1 ve\u013ek\u00fa moc.<\/p>\n<p align=\"JUSTIFY\">Po sv\u00e4t\u00fdch om\u0161iach na veriacich \u010dakalo mal\u00e9 agap\u00e9 a deti u\u017e tradi\u010dn\u00e1 cukrov\u00e1 vata a tie\u017e jazda na koloto\u010doch.<\/p>\n<p align=\"JUSTIFY\"><a href=\"https:\/\/photos.app.goo.gl\/MJ5Grumbh1pcnUgX7\" target=\"_blank\" rel=\"noopener noreferrer\">Fotky:<\/a><\/p>\n<p align=\"RIGHT\">Maritn \u0160i\u0161ka<\/p>\n","protected":false},"excerpt":{"rendered":"<p>Tohtoro\u010dn\u00e1 sl\u00e1vnos\u0165 titulu farsk\u00e9ho kostola pripadla presne na nede\u013eu 7. okt\u00f3bra.<\/p>\n","protected":false},"author":1,"featured_media":3653,"comment_status":"closed","ping_status":"closed","sticky":false,"template":"","format":"standard","meta":{"footnotes":""},"categories":[4,6,13],"tags":[22,24,31],"class_list":{"0":"entry","1":"post","2":"publish","3":"author-marian-jasenoveceltras-sk","4":"has-excerpt","5":"has-more-link","6":"post-3652","8":"format-standard","9":"has-post-thumbnail","10":"category-akcie","11":"category-aktuality-sk","12":"category-oznamy","13":"post_tag-akcie","14":"post_tag-aktuality","15":"post_tag-oznamy"},"_links":{"self":[{"href":"https:\/\/www.farakostolna.sk\/index.php?rest_route=\/wp\/v2\/posts\/3652","targetHints":{"allow":["GET"]}}],"collection":[{"href":"https:\/\/www.farakostolna.sk\/index.php?rest_route=\/wp\/v2\/posts"}],"about":[{"href":"https:\/\/www.farakostolna.sk\/index.php?rest_route=\/wp\/v2\/types\/post"}],"author":[{"embeddable":true,"href":"https:\/\/www.farakostolna.sk\/index.php?rest_route=\/wp\/v2\/users\/1"}],"replies":[{"embeddable":true,"href":"https:\/\/www.farakostolna.sk\/index.php?rest_route=%2Fwp%2Fv2%2Fcomments&post=3652"}],"version-history":[{"count":0,"href":"https:\/\/www.farakostolna.sk\/index.php?rest_route=\/wp\/v2\/posts\/3652\/revisions"}],"wp:featuredmedia":[{"embeddable":true,"href":"https:\/\/www.farakostolna.sk\/index.php?rest_route=\/"}],"wp:attachment":[{"href":"https:\/\/www.farakostolna.sk\/index.php?rest_route=%2Fwp%2Fv2%2Fmedia&parent=3652"}],"wp:term":[{"taxonomy":"category","embeddable":true,"href":"https:\/\/www.farakostolna.sk\/index.php?rest_route=%2Fwp%2Fv2%2Fcategories&post=3652"},{"taxonomy":"post_tag","embeddable":true,"href":"https:\/\/www.farakostolna.sk\/index.php?rest_route=%2Fwp%2Fv2%2Ftags&post=3652"}],"curies":[{"name":"wp","href":"https:\/\/api.w.org\/{rel}","templated":true}]}}