{"id":3647,"date":"2018-10-07T20:47:11","date_gmt":"2018-10-07T20:47:11","guid":{"rendered":"http:\/\/kostolna.fara.sk\/?p=3647"},"modified":"2018-10-07T20:47:11","modified_gmt":"2018-10-07T20:47:11","slug":"kegyes-volt-az-idojaras-a-mariavolgyi-zarandoklokhoz-2","status":"publish","type":"post","link":"https:\/\/www.farakostolna.sk\/?p=3647","title":{"rendered":"Kegyes volt az id\u0151j\u00e1r\u00e1s a m\u00e1riav\u00f6lgyi zar\u00e1ndokl\u00f3khoz"},"content":{"rendered":"<p>\t\t\t\t<a href=\"http:\/\/kostolna.fara.sk\/kegyes-volt-az-idojaras-a-mariavolgyi-zarandoklokhoz-2\/attachment\/006\/\" rel=\"attachment wp-att-3649\"><img loading=\"lazy\" decoding=\"async\" class=\"size-medium wp-image-3649 alignleft\" src=\"http:\/\/kostolna.fara.sk\/wp-content\/uploads\/2018\/10\/006-200x300.jpg\" alt=\"\" width=\"200\" height=\"300\" \/><\/a>\u00c9vr\u0151l \u00e9vre t\u00f6bben \u00e9s t\u00f6bben vesznek r\u00e9szt a Magyarok Nagyasszonya \u00fcnnepe alkalm\u00e1b\u00f3l meghirdetett m\u00e1riatali zar\u00e1ndoklaton. <!--more-->Az aut\u00f3buszok \u00e9s a szem\u00e9lyaut\u00f3k sz\u00e1m\u00e1b\u00f3l is kiindulva id\u00e9n is nagyon sok h\u00edv\u0151 l\u00e1togatott el a\u00a0Kis-K\u00e1rp\u00e1tok nyugati ny\u00falv\u00e1nyain\u00e1l fekv\u0151 \u0151si kegyhelyre. A szabadt\u00e9ri szentmise el\u0151tt k\u00f6z\u00f6s r\u00f3zsaf\u00fcz\u00e9r \u00e9s lorett\u00f3i lit\u00e1nia im\u00e1dkoz\u00e1s volt. Az \u00fcnnepi szentmise f\u0151celebr\u00e1nsa \u00e9s sz\u00f3noka Ha\u013eko J\u00f3zsef, pozsonyi seg\u00e9dp\u00fcsp\u00f6k volt. A szentmise szok\u00e1sosan a himnuszok el\u00e9nekl\u00e9s\u00e9vel \u00e9rt v\u00e9get. A h\u00edv\u0151k egy r\u00e9sze a szentmise el\u0151tt, de sokan voltak akik d\u00e9lut\u00e1n v\u00e9gezt\u00e9k el a keresztutat. A jelenl\u00e9v\u0151k \u00f6r\u00f6mmel tapasztalt\u00e1k, hogy a Szent Fl\u00f3ri\u00e1n k\u00e1polna el\u00f6tt a forr\u00e1s vize k\u00fatj\u00e1t sz\u00e9pen fel\u00faj\u00edtott\u00e1k. \/dr\/<\/p>\n<p><a href=\"https:\/\/photos.app.goo.gl\/1zYKzpf9gX6dnwcRA\" target=\"_blank\" rel=\"noopener noreferrer\">Foto: Duray Rezs\u0151<\/a>\t\t\t\t<\/p>\n","protected":false},"excerpt":{"rendered":"<p>\u00c9vr\u0151l \u00e9vre t\u00f6bben \u00e9s t\u00f6bben vesznek r\u00e9szt a Magyarok Nagyasszonya \u00fcnnepe alkalm\u00e1b\u00f3l meghirdetett m\u00e1riatali zar\u00e1ndoklaton.<\/p>\n","protected":false},"author":1,"featured_media":3649,"comment_status":"closed","ping_status":"closed","sticky":false,"template":"","format":"standard","meta":{"footnotes":""},"categories":[6,10,14],"tags":[24,29,32],"class_list":{"0":"entry","1":"post","2":"publish","3":"author-marian-jasenoveceltras-sk","4":"has-excerpt","5":"has-more-link","6":"post-3647","8":"format-standard","9":"has-post-thumbnail","10":"category-aktuality-sk","11":"category-hirek","12":"category-put","13":"post_tag-aktuality","14":"post_tag-hirek","15":"post_tag-put"},"_links":{"self":[{"href":"https:\/\/www.farakostolna.sk\/index.php?rest_route=\/wp\/v2\/posts\/3647","targetHints":{"allow":["GET"]}}],"collection":[{"href":"https:\/\/www.farakostolna.sk\/index.php?rest_route=\/wp\/v2\/posts"}],"about":[{"href":"https:\/\/www.farakostolna.sk\/index.php?rest_route=\/wp\/v2\/types\/post"}],"author":[{"embeddable":true,"href":"https:\/\/www.farakostolna.sk\/index.php?rest_route=\/wp\/v2\/users\/1"}],"replies":[{"embeddable":true,"href":"https:\/\/www.farakostolna.sk\/index.php?rest_route=%2Fwp%2Fv2%2Fcomments&post=3647"}],"version-history":[{"count":0,"href":"https:\/\/www.farakostolna.sk\/index.php?rest_route=\/wp\/v2\/posts\/3647\/revisions"}],"wp:featuredmedia":[{"embeddable":true,"href":"https:\/\/www.farakostolna.sk\/index.php?rest_route=\/"}],"wp:attachment":[{"href":"https:\/\/www.farakostolna.sk\/index.php?rest_route=%2Fwp%2Fv2%2Fmedia&parent=3647"}],"wp:term":[{"taxonomy":"category","embeddable":true,"href":"https:\/\/www.farakostolna.sk\/index.php?rest_route=%2Fwp%2Fv2%2Fcategories&post=3647"},{"taxonomy":"post_tag","embeddable":true,"href":"https:\/\/www.farakostolna.sk\/index.php?rest_route=%2Fwp%2Fv2%2Ftags&post=3647"}],"curies":[{"name":"wp","href":"https:\/\/api.w.org\/{rel}","templated":true}]}}