{"id":3637,"date":"2018-09-30T14:59:43","date_gmt":"2018-09-30T14:59:43","guid":{"rendered":"http:\/\/kostolna.fara.sk\/?p=3637"},"modified":"2018-09-30T14:59:43","modified_gmt":"2018-09-30T14:59:43","slug":"septembrove-modlitbove-trojdnie-zamyslenia","status":"publish","type":"post","link":"https:\/\/www.farakostolna.sk\/?p=3637","title":{"rendered":"Septembrov\u00e9 modlitbov\u00e9 trojdnie &#8211; zamyslenia"},"content":{"rendered":"<p>\t\t\t\t<a href=\"http:\/\/kostolna.fara.sk\/septembrove-modlitbove-trojdnie-zamyslenia\/img_20180930_155637\/\" rel=\"attachment wp-att-3638\"><img loading=\"lazy\" decoding=\"async\" class=\"size-medium wp-image-3638 alignleft\" src=\"http:\/\/kostolna.fara.sk\/wp-content\/uploads\/2018\/10\/IMG_20180930_155637-300x225.jpg\" alt=\"\" width=\"300\" height=\"225\" \/><\/a>Na\u0161a farnos\u0165 sa op\u00e4\u0165 najm\u00e4 v\u010faka ochote n\u00e1\u0161ho p\u00e1na far\u00e1ra a, samozrejme, mami\u010diek z\u00a0viacer\u00fdch modlitbov\u00fdch skupiniek modlitieb matiek, ktor\u00e9 funguj\u00fa v\u00a0na\u0161ej farnosti, zapojili do celosvetov\u00e9ho modlitbov\u00e9ho trojdnia. <!--more-->Okrem toho, \u017ee sme v\u00a0piatok odprosovali za svoje hriechy, v\u00a0sobotu za t\u00fdch, ktor\u00ed ubl\u00ed\u017eili n\u00e1m a\u00a0na\u0161im de\u0165om a\u00a0v\u00a0nede\u013eu sme \u010fakovali a\u00a0chv\u00e1lili P\u00e1na za v\u0161etko, \u010do spravil v\u00a0na\u0161ich \u017eivotoch, sme sa zapojili aj do 40 d\u0148ovej re\u0165aze modlitieb a\u00a0p\u00f4stu za k\u0148azov. K\u0148azom sme vyprosovali pred Sviatos\u0165ou Olt\u00e1rnou duchovn\u00fa silu pre sv\u00e4t\u00fd \u017eivot a\u00a0spr\u00e1vnu k\u0148azsk\u00fa slu\u017ebu.<br \/>\nOp\u00e4\u0165 prin\u00e1\u0161ame my\u0161lienky, nad ktor\u00fdmi sme v\u00a0jednotliv\u00e9 dni rozj\u00edmali.<\/p>\n<p>\u017d 95, 8-11<br \/>\nP\u00e1n Boh, ako dobr\u00fd Otec, n\u00e1s vol\u00e1: \u010cujte dnes Jeho hlas! Chce, aby sme zap\u00e1lili svoje srdcia a uznali Ho za P\u00e1na na\u0161ich \u017eivotov. Prijmime preto pozvanie k Bo\u017eiemu Slovu. Nezatvrdzujme dnes svoje srdcia a \u010dujme Jeho Hlas skrze Jeho slovo!<\/p>\n<p>Ez 33, 10-11<br \/>\nBoh n\u00e1s chce, On n\u00e1s vol\u00e1, On kri\u010d\u00ed: \u201eJa chcem, aby si \u017eil, aby si \u017eila! Vr\u00e1\u0165 sa domov!\u201d\u2028A my, mamy? \u010ci nechceme, aby sa na\u0161e deti v\u017edy vr\u00e1tili domov? Tie\u017e chceme, aby \u017eili a nezomierali pod \u0165archou hriechov v nebezpe\u010denstv\u00e1ch tohto sveta&#8230; A k\u0148azi? Ve\u010f aj oni chc\u00fa, aby sa v\u0161etci vracali k Bohu &#8211; ukazuj\u00fa n\u00e1m cestu, modlia sa za n\u00e1s a d\u00e1vaj\u00fa n\u00e1m prostriedky a\u00a0n\u00e1vody, ako opravi\u0165 to vz\u00e1cne, \u010do sa n\u00e1m niekedy pokaz\u00ed. Pos\u00favaj\u00fa n\u00e1m Bo\u017eie dary.<br \/>\nNikomu nem\u00f4\u017eeme rozk\u00e1za\u0165 \u017ei\u0165 z milosti. Ani Boh n\u00e1m nerozkazuje. Ale prav\u00e1 l\u00e1ska po tom t\u00fa\u017ei. Ako n\u00e1s len Boh t\u00fa\u017ei zachr\u00e1ni\u0165! \u010co v\u0161etko n\u00e1m d\u00e1va de\u0148 \u010do de\u0148&#8230; Dal n\u00e1m Je\u017ei\u0161a &#8211; Svetlo, Pravdu a \u017divot &#8211; iba v \u0147om odpustenie hriechov a na\u0161u sp\u00e1su. Prijmime tieto dary.<br \/>\nNech je na\u0161a cesta domov ak\u00e1ko\u013evek &#8211; najd\u00f4le\u017eitej\u0161\u00ed je smer a cie\u013e. N\u00e1\u0161 cie\u013e je VE\u010cNOS\u0164. A na tejto ceste m\u00e1me to\u013eko pomoci, smerov\u00fdch tab\u00fa\u013e, n\u00e1vodov, spolucestuj\u00facich, ob\u010derstvenie aj oddychov\u00e9 z\u00f3ny&#8230;<br \/>\nPo\u010fme, nesch\u00e1dzajme z cesty, ktor\u00fa n\u00e1m Boh pripravil! On je s nami. Odpus\u0165me aj dnes v\u0161etko v\u0161etk\u00fdm a d\u00f4verujme s n\u00e1dejou a rados\u0165ou v srdci. Modlime sa za to, \u010do je pokazen\u00e9 v n\u00e1s, v na\u0161ich rodin\u00e1ch, v Cirkvi&#8230; Boh je nad v\u0161etk\u00fdm.<\/p>\n<p>\u017d 105, 1-3<br \/>\nPane, to\u013ekokr\u00e1t mi Tvoje meno vyjde z\u00a0\u00fast bezmy\u0161lienkovite, un\u00e1hlene, zbyto\u010dne. Ako ma to mrz\u00ed. O\u00a0to viac po slov\u00e1ch \u017ealmistu, ktor\u00fd n\u00e1s vyz\u00fdva, aby sme sa Tvoj\u00edm menom honosili a\u00a0vz\u00fdvali N\u00edm na chv\u00e1lu. Preto chcem teraz pokorne a\u00a0s\u00a0v\u010fakou pr\u00eds\u0165 k\u00a0Tebe, pred Tvoju tv\u00e1r a\u00a0vlo\u017ei\u0165 k\u00fasok farebn\u00e9ho papiera do Tvojho mena nap\u00edsan\u00e9ho na tabuli. Nech je ten k\u00fasok papiera pre ka\u017ed\u00e9ho z\u00a0n\u00e1s t\u00fdm, za \u010do chceme n\u00e1\u0161mu P\u00e1novi najviac po\u010fakova\u0165, za \u010do ho m\u00f4\u017eeme chv\u00e1li\u0165.<br \/>\nPane, viem, \u017ee mi d\u00e1va\u0161 mnoh\u00e9 dobrodenia. A\u00a0tak, ako pre ka\u017ed\u00e9ho z\u00a0n\u00e1s s\u00fa Tvoje skutky v\u00a0na\u0161ich \u017eivotoch rozdielne, tak bude vyskladan\u00e9 aj Tvoje meno pred olt\u00e1rom. Lebo si to st\u00e1le Ty, hoci v\u00a0\u017eivote ka\u017ed\u00e9ho jedn\u00e9ho z\u00a0n\u00e1s p\u00f4sob\u00ed\u0161 prostredn\u00edctvom in\u00fdch po\u017eehnan\u00ed. V\u010faka Ti, Pane. V\u010faka za kr\u00e1su rozdielnosti, ktorej zdrojom si Ty. A\u00a0v\u010faka aj za t\u00fdch k\u0148azov, prostredn\u00edctvom ktor\u00fdch si n\u00e1m alebo na\u0161im de\u0165om udelil svoje sviatosti. \u010eakujeme za ich slu\u017ebu, za n\u00e1mahy a\u00a0kr\u00ed\u017ee, ktor\u00e9 z\u00a0l\u00e1sky k\u00a0Tebe prin\u00e1\u0161aj\u00fa. Pros\u00edme, aby si ich po\u017eehn\u00e1val svojimi milos\u0165ami, aby sme aj na\u010falej mohli skrze nich prich\u00e1dza\u0165 bli\u017e\u0161ie k\u00a0Tebe.<\/p>\n<p><a href=\"https:\/\/photos.app.goo.gl\/tAyvwAXip9uc8qDn9\" target=\"_blank\" rel=\"noopener noreferrer\">Fotky<\/a><\/p>\n<p>mamy z MM\t\t\t\t<\/p>\n","protected":false},"excerpt":{"rendered":"<p>Na\u0161a farnos\u0165 sa op\u00e4\u0165 najm\u00e4 v\u010faka ochote n\u00e1\u0161ho p\u00e1na far\u00e1ra a, samozrejme, mami\u010diek z\u00a0viacer\u00fdch modlitbov\u00fdch skupiniek modlitieb matiek, ktor\u00e9 funguj\u00fa v\u00a0na\u0161ej farnosti, zapojili do celosvetov\u00e9ho modlitbov\u00e9ho trojdnia.<\/p>\n","protected":false},"author":1,"featured_media":3638,"comment_status":"closed","ping_status":"closed","sticky":false,"template":"","format":"standard","meta":{"footnotes":""},"categories":[6],"tags":[24],"class_list":{"0":"entry","1":"post","2":"publish","3":"author-marian-jasenoveceltras-sk","4":"has-excerpt","5":"has-more-link","6":"post-3637","8":"format-standard","9":"has-post-thumbnail","10":"category-aktuality-sk","11":"post_tag-aktuality"},"_links":{"self":[{"href":"https:\/\/www.farakostolna.sk\/index.php?rest_route=\/wp\/v2\/posts\/3637","targetHints":{"allow":["GET"]}}],"collection":[{"href":"https:\/\/www.farakostolna.sk\/index.php?rest_route=\/wp\/v2\/posts"}],"about":[{"href":"https:\/\/www.farakostolna.sk\/index.php?rest_route=\/wp\/v2\/types\/post"}],"author":[{"embeddable":true,"href":"https:\/\/www.farakostolna.sk\/index.php?rest_route=\/wp\/v2\/users\/1"}],"replies":[{"embeddable":true,"href":"https:\/\/www.farakostolna.sk\/index.php?rest_route=%2Fwp%2Fv2%2Fcomments&post=3637"}],"version-history":[{"count":0,"href":"https:\/\/www.farakostolna.sk\/index.php?rest_route=\/wp\/v2\/posts\/3637\/revisions"}],"wp:featuredmedia":[{"embeddable":true,"href":"https:\/\/www.farakostolna.sk\/index.php?rest_route=\/"}],"wp:attachment":[{"href":"https:\/\/www.farakostolna.sk\/index.php?rest_route=%2Fwp%2Fv2%2Fmedia&parent=3637"}],"wp:term":[{"taxonomy":"category","embeddable":true,"href":"https:\/\/www.farakostolna.sk\/index.php?rest_route=%2Fwp%2Fv2%2Fcategories&post=3637"},{"taxonomy":"post_tag","embeddable":true,"href":"https:\/\/www.farakostolna.sk\/index.php?rest_route=%2Fwp%2Fv2%2Ftags&post=3637"}],"curies":[{"name":"wp","href":"https:\/\/api.w.org\/{rel}","templated":true}]}}