{"id":3621,"date":"2018-10-01T11:54:58","date_gmt":"2018-10-01T11:54:58","guid":{"rendered":"http:\/\/kostolna.fara.sk\/?p=3621"},"modified":"2018-10-01T11:54:58","modified_gmt":"2018-10-01T11:54:58","slug":"byt-pri-nebeskej-mame-v-sastine","status":"publish","type":"post","link":"https:\/\/www.farakostolna.sk\/?p=3621","title":{"rendered":"By\u0165 pri Nebeskej Mame v \u0160a\u0161t\u00edne"},"content":{"rendered":"<p>\t\t\t\t<a href=\"http:\/\/kostolna.fara.sk\/byt-pri-nebeskej-mame-v-sastine\/screen-shot-2018-10-13-at-1-53-44-pm\/\" rel=\"attachment wp-att-3641\"><img loading=\"lazy\" decoding=\"async\" class=\"size-medium wp-image-3641 alignleft\" src=\"http:\/\/kostolna.fara.sk\/wp-content\/uploads\/2018\/10\/Screen-Shot-2018-10-13-at-1.53.44-PM-300x240.png\" alt=\"\" width=\"300\" height=\"240\" \/><\/a>Aj na\u0161a farnos\u0165 sa tento rok op\u00e4\u0165 vybrala autobusom zo v\u0161etk\u00fdch troch<br \/>\nded\u00edn, aj zo susednej Kr\u00e1\u013eovej pri Senci na p\u00fa\u0165 do \u0160a\u0161t\u00edna.<br \/>\n<!--more--><br \/>\nCestou tam n\u00e1s uctil svojou pr\u00edtomnos\u0165ou aj biskup z Tanz\u00e1nie.<br \/>\nVrcholom p\u00fate bola sl\u00e1vnostn\u00e1 sv\u00e4t\u00e1 om\u0161a o 10:30 hodine.<br \/>\nV hom\u00edlii n\u00e1s povzbudil Mons. Milan Lach SJ, eparchi\u00e1lny biskup Eparchie<br \/>\nParma v USA a rozpr\u00e1val o \u017eivotnom \u0161t\u00fdle na\u0161ej Matky Panny M\u00e1rie, ktor\u00e1<br \/>\nbola plne odovzdan\u00e1 Bohu Otcovi a jeho v\u00f4li. A Boh aj n\u00e1s poz\u00fdva<br \/>\nslobodne poveda\u0165 svoje \u00c1no.<br \/>\nDruh\u00fd rozmer M\u00e1riinho \u017eivotn\u00e9ho \u0161t\u00fdlu boli jej slov\u00e1 na svadbe v K\u00e1ne<br \/>\nGalilejskej: \u201eUrobte v\u0161etko, \u010do v\u00e1m povie.&#8221;<\/p>\n<p>A boli sme pozvan\u00ed n\u00e1js\u0165 si \u010das na modlitbu, ne\u00eds\u0165 s dobou, ktor\u00e1 n\u00e1s<br \/>\n\u017eenie.<\/p>\n<p>Cestou sp\u00e4\u0165 sme sa v autobuse povzbudzovali svedectvami. A spievali<br \/>\npiesne.<br \/>\nSme v\u010fa\u010dn\u00ed, \u017ee m\u00e1me v \u0160a\u0161t\u00edne svoju Matku, ku ktorej sa m\u00f4\u017eme vraca\u0165!\t\t\t\t<\/p>\n","protected":false},"excerpt":{"rendered":"<p>Aj na\u0161a farnos\u0165 sa tento rok op\u00e4\u0165 vybrala autobusom zo v\u0161etk\u00fdch troch ded\u00edn, aj zo susednej Kr\u00e1\u013eovej pri Senci na p\u00fa\u0165 do \u0160a\u0161t\u00edna.<\/p>\n","protected":false},"author":1,"featured_media":3641,"comment_status":"closed","ping_status":"closed","sticky":false,"template":"","format":"standard","meta":{"footnotes":""},"categories":[5,14],"tags":[24,32],"class_list":{"0":"entry","1":"post","2":"publish","3":"author-marian-jasenoveceltras-sk","4":"has-excerpt","5":"has-more-link","6":"post-3621","8":"format-standard","9":"has-post-thumbnail","10":"category-aktuality","11":"category-put","12":"post_tag-aktuality","13":"post_tag-put"},"_links":{"self":[{"href":"https:\/\/www.farakostolna.sk\/index.php?rest_route=\/wp\/v2\/posts\/3621","targetHints":{"allow":["GET"]}}],"collection":[{"href":"https:\/\/www.farakostolna.sk\/index.php?rest_route=\/wp\/v2\/posts"}],"about":[{"href":"https:\/\/www.farakostolna.sk\/index.php?rest_route=\/wp\/v2\/types\/post"}],"author":[{"embeddable":true,"href":"https:\/\/www.farakostolna.sk\/index.php?rest_route=\/wp\/v2\/users\/1"}],"replies":[{"embeddable":true,"href":"https:\/\/www.farakostolna.sk\/index.php?rest_route=%2Fwp%2Fv2%2Fcomments&post=3621"}],"version-history":[{"count":0,"href":"https:\/\/www.farakostolna.sk\/index.php?rest_route=\/wp\/v2\/posts\/3621\/revisions"}],"wp:featuredmedia":[{"embeddable":true,"href":"https:\/\/www.farakostolna.sk\/index.php?rest_route=\/"}],"wp:attachment":[{"href":"https:\/\/www.farakostolna.sk\/index.php?rest_route=%2Fwp%2Fv2%2Fmedia&parent=3621"}],"wp:term":[{"taxonomy":"category","embeddable":true,"href":"https:\/\/www.farakostolna.sk\/index.php?rest_route=%2Fwp%2Fv2%2Fcategories&post=3621"},{"taxonomy":"post_tag","embeddable":true,"href":"https:\/\/www.farakostolna.sk\/index.php?rest_route=%2Fwp%2Fv2%2Ftags&post=3621"}],"curies":[{"name":"wp","href":"https:\/\/api.w.org\/{rel}","templated":true}]}}