{"id":3607,"date":"2018-09-03T11:58:23","date_gmt":"2018-09-03T11:58:23","guid":{"rendered":"http:\/\/kostolna.fara.sk\/?p=3607"},"modified":"2018-09-03T11:58:23","modified_gmt":"2018-09-03T11:58:23","slug":"oazove-leto-v-rodinkove","status":"publish","type":"post","link":"https:\/\/www.farakostolna.sk\/?p=3607","title":{"rendered":"O\u00e1zov\u00e9 leto v Rodinkove"},"content":{"rendered":"<p>\t\t\t\t<a href=\"http:\/\/kostolna.fara.sk\/oazove-leto-v-rodinkove\/img_20180731_132743\/\" rel=\"attachment wp-att-3608\"><img loading=\"lazy\" decoding=\"async\" class=\"size-medium wp-image-3608 alignleft\" src=\"http:\/\/kostolna.fara.sk\/wp-content\/uploads\/2018\/09\/IMG_20180731_132743-300x225.jpg\" alt=\"\" width=\"300\" height=\"225\" \/><\/a>T\u00fato dovolenku sme pl\u00e1novali rok vopred, preto\u017ee sme boli aj minul\u00fd rok a bolo v\u00fdborne. <!--more-->Op\u00e4\u0165 sme ne\u013eutovali, i ke\u010f to nebola dovolenka v pravom zmysle slova. Dvan\u00e1s\u0165 dn\u00ed sme sa duchovne obnovovali. A \u017ee je v n\u00e1s \u010do obnovova\u0165 a meni\u0165 k\u00a0lep\u0161iemu, to sme sa znovu presved\u010dili. Ke\u010f\u017ee sme tak\u00ed, ak\u00ed sme (za m\u0148a, man\u017eela a deti), potrebujeme sa hodi\u0165 do Bo\u017eej n\u00e1ru\u010de a necha\u0165 sa premie\u0148a\u0165, vies\u0165 a hlavne spozn\u00e1va\u0165 Jeho l\u00e1sku k n\u00e1m, aby sme o\u017eivili a \u201ezl\u00e1skaveli\u201c aj na\u0161e vz\u0165ahy&#8230; aj v\u0161eli\u010do in\u00e9 e\u0161te potrebujeme, ale to najpodstatnej\u0161ie n\u00e1m P\u00e1n ur\u010dite d\u00e1va pomaly, ale isto.<\/p>\n<p>Neviem, \u010do pritiahlo ostatn\u00e9 rodiny na tak\u00fato duchovn\u00fa dovolenku, ale bolo n\u00e1s dos\u0165. Stovka \u013eud\u00ed, ktor\u00e1 si pri\u0161la vylia\u0165 a naplni\u0165 srdcia a\u00a0navz\u00e1jom si posl\u00fa\u017ei\u0165. \u010co je ve\u013emi povzbudzuj\u00face &#8211; \u017ee m\u00f4\u017eeme vidie\u0165 t\u00fa l\u00e1sku k Bohu cez rodinky z r\u00f4znych k\u00fatov Slovenska. Z na\u0161ej farnosti sme tam boli \u0161tyri rodiny. Par\u00e1da. Program bol pestr\u00fd. Ja osobne som toho u\u017e po troch d\u0148och pre\u017eila to\u013eko, \u017ee ka\u017ed\u00fd \u010fal\u0161\u00ed de\u0148 bol v\u017edy prekvapuj\u00faci\u2026.\u010do v\u0161etko n\u00e1m dok\u00e1zali vymyslie\u0165, da\u0165, pon\u00faknu\u0165. Predn\u00e1\u0161ky, evanjeliov\u00e9 rozhovory, osobn\u00e9 aj spolo\u010dn\u00e9 modlitby, zdie\u013eania, ador\u00e1cie, spolo\u010dn\u00e9 v\u00fdlety, z\u00e1bavn\u00e9 ve\u010dery, opeka\u010dku, k\u00fapa\u010dku, liturgick\u00e9 pobo\u017enosti, ka\u017ed\u00fd de\u0148 sv\u00e4t\u00e1 om\u0161a s dobrou kapelou a ve\u013ea in\u00e9ho medzi t\u00fdm. Samozrejme, v\u00fdborn\u00e9 jedlo. Mnoho man\u017eelsk\u00fdch anim\u00e1torsk\u00fdch p\u00e1rov a mnoho dobrovo\u013en\u00edkov sa o n\u00e1s v\u0161etk\u00fdch n\u00e1dherne postaralo. Na\u0161e deti sa nechceli vr\u00e1ti\u0165 domov! &#8211; to je hodnotenie samo o sebe. Anim\u00e1tori (kr\u00e1sni mlad\u00ed srde\u010dn\u00ed \u013eudia) mali \u010do robi\u0165, aby pozab\u00e1vali t\u00fa kopu ve\u013ek\u00fdch aj mal\u00fdch det\u00ed, ale i\u0161lo im to v\u00fdborne. Zasl\u00fa\u017eili by si v\u0161etci odmenu &#8211; v Rodinkove sa v\u0161ak pracuje dobrovo\u013ene! To je priam neuverite\u013en\u00e9.<\/p>\n<p>A \u010do n\u00e1m tento \u010das dovolenky dal? Za in\u00fdch nem\u00f4\u017eem p\u00edsa\u0165 a \u010do dal mne, tak o tom by som p\u00edsala ve\u013ea. Naozaj. Nesta\u010dil by na to cel\u00fd n\u00e1\u0161 farsk\u00fd \u010dasopis. V\u0161etci m\u00e1me tak\u00e9 pln\u00e9 srdce a du\u0161u, z ktorej pr\u00fadi nov\u00fd \u017eivot &#8211; ten prav\u00fd a \u0165a\u017eko to vysvet\u013eova\u0165. Jedno v\u0161ak nap\u00ed\u0161em. Je\u017ei\u0161a potrebujem ka\u017ed\u00fd de\u0148 &#8211; h\u013eada\u0165, vola\u0165, spozn\u00e1va\u0165, nasledova\u0165, u\u010di\u0165 sa od Neho, d\u00f4verova\u0165 mu&#8230;, jednoducho by\u0165 s N\u00edm&#8230; Lebo si st\u00e1le iba nedokonale uvedomujem, ako ma miluje a \u017ee m\u00e1 pre m\u0148a n\u00e1dhern\u00fd pl\u00e1n sp\u00e1sy (tak ako pre ka\u017ed\u00e9ho \u010dloveka na tejto zemi). A \u010fakujem za spolo\u010denstvo, za skvel\u00e9 deti a m\u00f4jho \u00fa\u017easn\u00e9ho man\u017eela. Nemenila by som toto leto&#8230;ani za more, ani za hory&#8230;, ani za oddych bez det\u00ed\u2026, za ni\u010d.<\/p>\n<p>Mama Zuzka\t\t\t\t<\/p>\n","protected":false},"excerpt":{"rendered":"<p>T\u00fato dovolenku sme pl\u00e1novali rok vopred, preto\u017ee sme boli aj minul\u00fd rok a bolo v\u00fdborne.<\/p>\n","protected":false},"author":1,"featured_media":3608,"comment_status":"closed","ping_status":"closed","sticky":false,"template":"","format":"standard","meta":{"footnotes":""},"categories":[4,6,7,13],"tags":[22,24,27,31],"class_list":{"0":"entry","1":"post","2":"publish","3":"author-marian-jasenoveceltras-sk","4":"has-excerpt","5":"has-more-link","6":"post-3607","8":"format-standard","9":"has-post-thumbnail","10":"category-akcie","11":"category-aktuality-sk","12":"category-casopis","13":"category-oznamy","14":"post_tag-akcie","15":"post_tag-aktuality","16":"post_tag-casopis","17":"post_tag-oznamy"},"_links":{"self":[{"href":"https:\/\/www.farakostolna.sk\/index.php?rest_route=\/wp\/v2\/posts\/3607","targetHints":{"allow":["GET"]}}],"collection":[{"href":"https:\/\/www.farakostolna.sk\/index.php?rest_route=\/wp\/v2\/posts"}],"about":[{"href":"https:\/\/www.farakostolna.sk\/index.php?rest_route=\/wp\/v2\/types\/post"}],"author":[{"embeddable":true,"href":"https:\/\/www.farakostolna.sk\/index.php?rest_route=\/wp\/v2\/users\/1"}],"replies":[{"embeddable":true,"href":"https:\/\/www.farakostolna.sk\/index.php?rest_route=%2Fwp%2Fv2%2Fcomments&post=3607"}],"version-history":[{"count":0,"href":"https:\/\/www.farakostolna.sk\/index.php?rest_route=\/wp\/v2\/posts\/3607\/revisions"}],"wp:featuredmedia":[{"embeddable":true,"href":"https:\/\/www.farakostolna.sk\/index.php?rest_route=\/"}],"wp:attachment":[{"href":"https:\/\/www.farakostolna.sk\/index.php?rest_route=%2Fwp%2Fv2%2Fmedia&parent=3607"}],"wp:term":[{"taxonomy":"category","embeddable":true,"href":"https:\/\/www.farakostolna.sk\/index.php?rest_route=%2Fwp%2Fv2%2Fcategories&post=3607"},{"taxonomy":"post_tag","embeddable":true,"href":"https:\/\/www.farakostolna.sk\/index.php?rest_route=%2Fwp%2Fv2%2Ftags&post=3607"}],"curies":[{"name":"wp","href":"https:\/\/api.w.org\/{rel}","templated":true}]}}