{"id":3599,"date":"2018-09-15T11:47:14","date_gmt":"2018-09-15T11:47:14","guid":{"rendered":"http:\/\/kostolna.fara.sk\/?p=3599"},"modified":"2018-09-15T11:47:14","modified_gmt":"2018-09-15T11:47:14","slug":"keresztszenteles","status":"publish","type":"post","link":"https:\/\/www.farakostolna.sk\/?p=3599","title":{"rendered":"Keresztszentel\u00e9s"},"content":{"rendered":"<p>\t\t\t\t<i><a href=\"http:\/\/kostolna.fara.sk\/keresztszenteles\/img_20180914_170204\/\" rel=\"attachment wp-att-3600\"><img loading=\"lazy\" decoding=\"async\" class=\"size-medium wp-image-3600 alignleft\" src=\"http:\/\/kostolna.fara.sk\/wp-content\/uploads\/2018\/09\/IMG_20180914_170204-180x300.jpg\" alt=\"\" width=\"180\" height=\"300\" \/><\/a>Szeptember 14-\u00e9t, a Szent Kereszt felmagasztal\u00e1s\u00e1nak \u00fcnnep\u00e9t v\u00e1lasztott\u00e1k a szervez\u0151k a Hegys\u00far elej\u00e9n tal\u00e1lhat\u00f3 kereszt meg\u00e1ld\u00e1s\u00e1ra \u00e1ll\u00edttat\u00e1s\u00e1nak 200. \u00e9vfordul\u00f3ja alkalm\u00e1b\u00f3l.<span class=\"Apple-converted-space\">\u00a0<\/span><\/i><!--more--><\/p>\n<p>Az isteni gondvisel\u00e9s \u00fagy rendezte, hogy a keresztszentel\u00e9sre az \u00e9ppen a pl\u00e9b\u00e1niak\u00f6zs\u00e9gben tart\u00f3zkod\u00f3 Ludovick Joseph Minde, a tanz\u00e1niai Kahama p\u00fcsp\u00f6ke keze \u00e1ltal ker\u00fclj\u00f6n sor. \u00c9rdekess\u00e9gk\u00e9nt megeml\u00edten\u00e9m, hogy a kereszt m\u00e1r \u00e1llt, mikor Afrika eml\u00edtett r\u00e9sz\u00e9re m\u00e9g el sem jutottak a kereszt\u00e9ny misszion\u00e1riusok. Ma ez a kereszt a k\u00f6zs\u00e9g legr\u00e9gibb \u00e9p\u00edtm\u00e9nye, eredet\u00e9r\u0151l mind\u00f6ssze annyit tudunk, amennyi annak felirat\u00e1n \u00e1ll: \u201e<i>Emeltet\u00e9 \/ Karacsony L\u00e1szl\u00f3 \/ \u00e9s Szab\u00f3 M\u00e1ria 1818 \/ Megujittotott 1886.\u201d<\/i><\/p>\n<p><span class=\"Apple-converted-space\">\u00a0 <\/span>A p\u00fcsp\u00f6k \u00far Gajdo\u0161 P\u00e1l pl\u00e9b\u00e1nos \u00e9s Marek Sit\u00e1r atya k\u00eds\u00e9ret\u00e9ben \u00e9rkezett Hegys\u00farra. R\u00f6vid besz\u00e9d\u00e9ben a keresztet a mennybe vezet\u0151 l\u00e9tr\u00e1nak nevezte, s buzd\u00edtott keresztjeink hordoz\u00e1s\u00e1ra. Mes\u00e9lt saj\u00e1t keresztjeir\u0151l is, \u00e9s p\u00e9ldak\u00e9p\u00fcl \u00e1ll\u00edtotta el\u00e9nk a neh\u00e9z terheket<span class=\"Apple-converted-space\">\u00a0 <\/span>hordoz\u00f3 Sz\u0171zany\u00e1t. K\u00e9rte, hogy im\u00e1dkozzunk az \u0151 szeg\u00e9nys\u00e9gben \u00e9l\u0151 n\u00e9p\u00e9\u00e9rt is, s biztos\u00edtott arr\u00f3l, hogy \u0151 is megeml\u00e9kezik r\u00f3lunk im\u00e1iban. A jelenl\u00e9v\u0151ket a Szent Kereszt-erekly\u00e9vel \u00e1ldotta meg a p\u00fcsp\u00f6k atya, akinek der\u0171s, kedves \u00e9s al\u00e1zatos term\u00e9szet\u00e9vel ilyen r\u00f6vid id\u0151 alatt is siker\u00fclt belopnia mag\u00e1t a sz\u00edv\u00fcnkbe.<\/p>\n<p>Ma m\u00e1r ugyan nem tudjuk mi\u00e9rt \u00e1ll\u00edtatt\u00e1k pontosan a hegys\u00fari keresztet, de bizonyosan kimondhatjuk, el\u0151deink tudt\u00e1k, hogy a kereszt \u00e1ll hit\u00fcnk k\u00f6z\u00e9ppontj\u00e1ban, s hogy v\u00e9delmet jelent az \u00e9let minden ter\u00fclet\u00e9n. Kereszteket \u00e1ll\u00edtottak h\u00e1l\u00e1b\u00f3l vagy csak az\u00e9rt, hogy \u00fatjaik sor\u00e1n, vagy a neh\u00e9z munka k\u00f6zben legyen hol megpihenni\u00fck, s egy im\u00e1t elmondaniuk. Vegy\u00fcnk p\u00e9ld\u00e1t \u0151seinkr\u0151l, akiknek a kereszt volt a mened\u00e9k\u00fck. \u00c9p\u00edts\u00fcnk az \u0151 \u00e9l\u0151 hit\u00fckre, ne hagyjuk, hogy hit\u00fcnk egyszer\u0171 hagyom\u00e1nny\u00e1, ked\u00e9lyes folkl\u00f3rr\u00e1 sil\u00e1nyuljon. Gondoljunk erre, ha egy \u00fatsz\u00e9li, vagy \u00e9ppen a hegys\u00fari kereszt mellett visz az utunk. A kereszt \u00fczenete mindig aktu\u00e1lis: vigaszt \u00e9s rem\u00e9nyt ny\u00fajt ma is.<\/p>\n<p><a href=\"https:\/\/photos.app.goo.gl\/Aw7AkVJyuE2ct6n67\" target=\"_blank\" rel=\"noopener noreferrer\"><span class=\"Apple-converted-space\">Fenyk\u00e9pek\u00a0<\/span><\/a><\/p>\n<p><i>Gujber Zsuzsanna<\/i>, Hegys\u00far\t\t\t\t<\/p>\n","protected":false},"excerpt":{"rendered":"<p>Szeptember 14-\u00e9t, a Szent Kereszt felmagasztal\u00e1s\u00e1nak \u00fcnnep\u00e9t v\u00e1lasztott\u00e1k a szervez\u0151k a Hegys\u00far elej\u00e9n tal\u00e1lhat\u00f3 kereszt meg\u00e1ld\u00e1s\u00e1ra \u00e1ll\u00edttat\u00e1s\u00e1nak 200. \u00e9vfordul\u00f3ja alkalm\u00e1b\u00f3l.\u00a0<\/p>\n","protected":false},"author":1,"featured_media":3600,"comment_status":"closed","ping_status":"closed","sticky":false,"template":"","format":"standard","meta":{"footnotes":""},"categories":[6,10,13],"tags":[24,29,31],"class_list":{"0":"entry","1":"post","2":"publish","3":"author-marian-jasenoveceltras-sk","4":"has-excerpt","5":"has-more-link","6":"post-3599","8":"format-standard","9":"has-post-thumbnail","10":"category-aktuality-sk","11":"category-hirek","12":"category-oznamy","13":"post_tag-aktuality","14":"post_tag-hirek","15":"post_tag-oznamy"},"_links":{"self":[{"href":"https:\/\/www.farakostolna.sk\/index.php?rest_route=\/wp\/v2\/posts\/3599","targetHints":{"allow":["GET"]}}],"collection":[{"href":"https:\/\/www.farakostolna.sk\/index.php?rest_route=\/wp\/v2\/posts"}],"about":[{"href":"https:\/\/www.farakostolna.sk\/index.php?rest_route=\/wp\/v2\/types\/post"}],"author":[{"embeddable":true,"href":"https:\/\/www.farakostolna.sk\/index.php?rest_route=\/wp\/v2\/users\/1"}],"replies":[{"embeddable":true,"href":"https:\/\/www.farakostolna.sk\/index.php?rest_route=%2Fwp%2Fv2%2Fcomments&post=3599"}],"version-history":[{"count":0,"href":"https:\/\/www.farakostolna.sk\/index.php?rest_route=\/wp\/v2\/posts\/3599\/revisions"}],"wp:featuredmedia":[{"embeddable":true,"href":"https:\/\/www.farakostolna.sk\/index.php?rest_route=\/"}],"wp:attachment":[{"href":"https:\/\/www.farakostolna.sk\/index.php?rest_route=%2Fwp%2Fv2%2Fmedia&parent=3599"}],"wp:term":[{"taxonomy":"category","embeddable":true,"href":"https:\/\/www.farakostolna.sk\/index.php?rest_route=%2Fwp%2Fv2%2Fcategories&post=3599"},{"taxonomy":"post_tag","embeddable":true,"href":"https:\/\/www.farakostolna.sk\/index.php?rest_route=%2Fwp%2Fv2%2Ftags&post=3599"}],"curies":[{"name":"wp","href":"https:\/\/api.w.org\/{rel}","templated":true}]}}