{"id":3596,"date":"2018-09-10T11:45:21","date_gmt":"2018-09-10T11:45:21","guid":{"rendered":"http:\/\/kostolna.fara.sk\/?p=3596"},"modified":"2018-09-10T11:45:21","modified_gmt":"2018-09-10T11:45:21","slug":"spolu-na-farskom-splave","status":"publish","type":"post","link":"https:\/\/www.farakostolna.sk\/?p=3596","title":{"rendered":"Spolu na farskom splave"},"content":{"rendered":"<p>\t\t\t\t<i><a href=\"http:\/\/kostolna.fara.sk\/spolu-na-farskom-splave\/img_68641\/\" rel=\"attachment wp-att-3597\"><img loading=\"lazy\" decoding=\"async\" class=\"wp-image-3597 size-medium alignleft\" src=\"http:\/\/kostolna.fara.sk\/wp-content\/uploads\/2018\/09\/IMG_68641-e1537616156154-225x300.jpg\" alt=\"\" width=\"225\" height=\"300\" \/><\/a>Ako sa hovor\u00ed: \u201eP\u00e1nu Bohu nie je ni\u010d nemo\u017en\u00e9,\u201c sa potvrdilo aj v\u00a0jednu kr\u00e1snu slne\u010dn\u00fa sobotu v\u00a0septembri. Po nepriazniv\u00fdch predpovediach po\u010dasia sme sa do\u010dkali ide\u00e1lneho slne\u010dn\u00e9ho d\u0148a na splav.<\/i><!--more--><\/p>\n<p><b>Z Jelky do Pot\u00f4nsk\u00fdch l\u00fak<\/b><\/p>\n<p>Ani pr\u00edli\u0161 teplo, ani pr\u00edli\u0161 zima, proste akur\u00e1t na de\u0148 str\u00e1ven\u00fd na \u010dlnoch z\u00a0Jelky na Pot\u00f4nske L\u00faky. Pre mnoh\u00fdch to bol prv\u00fd z\u00e1\u017eitok v\u00a0\u017eivote, in\u00fd sk\u00fasen\u00ed vod\u00e1ci, ako je Oliver n\u00e1s po\u010das splavu dost\u00e1vali do tajov a\u00a0kr\u00e1s splavovania Mal\u00e9ho Dunaja svojimi sk\u00fasenos\u0165ami a\u00a0nad\u0161en\u00edm. Ja osobne som o\u010dak\u00e1vala zo sobot\u0148aj\u0161ieho popoludnia relax a\u00a0pohodi\u010dku str\u00e1ven\u00fa v\u00a0spolo\u010denstve na\u0161ich farn\u00edkov a\u00a0samozrejme m\u00f4jho mal\u00e9ho syn\u010deka. Z\u00a0toho o\u010dak\u00e1vania ma ve\u013emi r\u00fdchlo vyviedol n\u00e1\u0161 p\u00e1n far\u00e1r, ktor\u00fd uk\u00e1zal svojho s\u00fa\u0165a\u017eiv\u00e9ho ducha. V\u010faka tomu, \u017ee sme boli k\u00a0sebe priviazan\u00ed lo\u010fkami sa v\u00a0istom okamihu relax zmenil na preteky vo veslovan\u00ed, a\u00a0tak sme \u0165ahali ako profesion\u00e1lni pretek\u00e1ri. Na \u010do som spom\u00ednala \u010fal\u0161iu noc, kedy sa mi nedalo kv\u00f4li pre\u0165a\u017een\u00fdm laktiam spa\u0165.<\/p>\n<p><b>Boli aj mal\u00e9 straty<\/b><\/p>\n<p>Pretekanie sa v\u0161ak ukon\u010dilo na Mada-r\u00e1szi, kde sme sa zastavili na\u010derpa\u0165 nov\u00e9 sily, niektor\u00ed sa potrebovali aj ovla\u017ei\u0165. Na tejto zast\u00e1vke sme zaznamenali aj prv\u00e9 straty \u010dlenov pos\u00e1dky, kedy mal\u00fd Francesco v\u00a0z\u00e1pale hry objal kovov\u00e9 dvere na ihrisko, a\u00a0tak si okrem kr\u00e1snych z\u00e1\u017eitkov berie domov aj rozrezan\u00e9 \u010delo. Napriek tejto strate sme pokra\u010dovali \u010falej do pl\u00e1no-vanej destin\u00e1cie Pot\u00f4nske L\u00faky. Za n\u00e1\u0161 t\u00edm m\u00f4\u017eem poveda\u0165, \u017ee sme veslovali u\u017e len vychutn\u00e1vaj\u00fac si kr\u00e1sy a\u00a0pokoj Mal\u00e9ho Dunaja pomaly (p\u00e1n far\u00e1r vyst\u00fapil v\u00a0Madar\u00e1szi, aby si plnil svoje k\u0148azsk\u00e9 povinnosti). Relaxovali sme, stret\u00e1vali volavky a div\u00e9 ka\u010dky, sem-tam sme sa nechali un\u00e1\u0161a\u0165 pr\u00fadom rieky. Bolo to v\u0161etko n\u00e1dhern\u00e9, pln\u00e9 pokoja, radosti a\u00a0smiechu. Tieto pozi-t\u00edvne z\u00e1\u017eitky sme e\u0161te nechali doznie\u0165 na opeka\u010dke na farskom dvore, kde sme sa v\u0161etci c\u00edtili ako jedna ve\u013ek\u00e1 rodina.<\/p>\n<p><a href=\"https:\/\/photos.app.goo.gl\/41DR2gFW96nbKZqB7\" target=\"_blank\" rel=\"noopener noreferrer\">Fotky<\/a><\/p>\n<p><b><i>Veronika Bozsikov\u00e1,<\/i><\/b><br \/>\n<i>Kostoln\u00e1 pri Dunaji<\/i>\t\t\t\t<\/p>\n","protected":false},"excerpt":{"rendered":"<p>Ako sa hovor\u00ed: \u201eP\u00e1nu Bohu nie je ni\u010d nemo\u017en\u00e9,\u201c sa potvrdilo aj v\u00a0jednu kr\u00e1snu slne\u010dn\u00fa sobotu v\u00a0septembri. Po nepriazniv\u00fdch predpovediach po\u010dasia sme sa do\u010dkali ide\u00e1lneho slne\u010dn\u00e9ho d\u0148a na splav.<\/p>\n","protected":false},"author":1,"featured_media":3597,"comment_status":"closed","ping_status":"closed","sticky":false,"template":"","format":"standard","meta":{"footnotes":""},"categories":[4,6,7],"tags":[22,24,27],"class_list":{"0":"entry","1":"post","2":"publish","3":"author-marian-jasenoveceltras-sk","4":"has-excerpt","5":"has-more-link","6":"post-3596","8":"format-standard","9":"has-post-thumbnail","10":"category-akcie","11":"category-aktuality-sk","12":"category-casopis","13":"post_tag-akcie","14":"post_tag-aktuality","15":"post_tag-casopis"},"_links":{"self":[{"href":"https:\/\/www.farakostolna.sk\/index.php?rest_route=\/wp\/v2\/posts\/3596","targetHints":{"allow":["GET"]}}],"collection":[{"href":"https:\/\/www.farakostolna.sk\/index.php?rest_route=\/wp\/v2\/posts"}],"about":[{"href":"https:\/\/www.farakostolna.sk\/index.php?rest_route=\/wp\/v2\/types\/post"}],"author":[{"embeddable":true,"href":"https:\/\/www.farakostolna.sk\/index.php?rest_route=\/wp\/v2\/users\/1"}],"replies":[{"embeddable":true,"href":"https:\/\/www.farakostolna.sk\/index.php?rest_route=%2Fwp%2Fv2%2Fcomments&post=3596"}],"version-history":[{"count":0,"href":"https:\/\/www.farakostolna.sk\/index.php?rest_route=\/wp\/v2\/posts\/3596\/revisions"}],"wp:featuredmedia":[{"embeddable":true,"href":"https:\/\/www.farakostolna.sk\/index.php?rest_route=\/"}],"wp:attachment":[{"href":"https:\/\/www.farakostolna.sk\/index.php?rest_route=%2Fwp%2Fv2%2Fmedia&parent=3596"}],"wp:term":[{"taxonomy":"category","embeddable":true,"href":"https:\/\/www.farakostolna.sk\/index.php?rest_route=%2Fwp%2Fv2%2Fcategories&post=3596"},{"taxonomy":"post_tag","embeddable":true,"href":"https:\/\/www.farakostolna.sk\/index.php?rest_route=%2Fwp%2Fv2%2Ftags&post=3596"}],"curies":[{"name":"wp","href":"https:\/\/api.w.org\/{rel}","templated":true}]}}