{"id":3591,"date":"2018-09-15T11:47:56","date_gmt":"2018-09-15T11:47:56","guid":{"rendered":"http:\/\/kostolna.fara.sk\/?p=3591"},"modified":"2018-09-15T11:47:56","modified_gmt":"2018-09-15T11:47:56","slug":"biskup-z-tanzanie","status":"publish","type":"post","link":"https:\/\/www.farakostolna.sk\/?p=3591","title":{"rendered":"Biskup z Tanz\u00e1nie"},"content":{"rendered":"<p>\t\t\t\t<i><a href=\"http:\/\/kostolna.fara.sk\/biskup-z-tanzanie\/img_20180913_182438\/\" rel=\"attachment wp-att-3594\"><img loading=\"lazy\" decoding=\"async\" class=\"size-full wp-image-3594 alignleft\" src=\"http:\/\/kostolna.fara.sk\/wp-content\/uploads\/2018\/09\/IMG_20180913_182438.jpg\" alt=\"\" width=\"192\" height=\"256\" \/><\/a>Ke\u010f sa povie Afrika, druh\u00fdm dychom mus\u00edme doda\u0165 \u201eTanz\u00e1nia\u201c. <\/i><!--more--><\/p>\n<p><i>Pre\u010do pr\u00e1ve t\u00e1to krajina? U\u017e dlh\u00e9 roky je cie\u013eom mision\u00e1rov aj tento kontinent a spomedzi jeho \u0161t\u00e1tov, okrem susednej Kene, i Tanz\u00e1nia. N\u00e1dhern\u00e1 krajina s \u00fa\u017easn\u00fdmi \u013eu\u010fmi, ktor\u00fdm bola \u201eRadostn\u00e1 zves\u0165\u201c prinesen\u00e1 pred 150 rokmi. Tento rok si pripom\u00ednaj\u00fa 100 rokov od vysviacky prv\u00e9ho domorod\u00e9ho k\u0148aza. \u017div\u00e1 viera srde\u010dn\u00fdch \u013eud\u00ed dokumentovan\u00e1 fotografiami a kr\u00e1tkymi videami pohla sn\u00e1\u010f v\u0161etk\u00fdmi srdcami farn\u00edkov v Kostolnej pri Dunaji, ke\u010f sa n\u00e1\u0161 p\u00e1n far\u00e1r vr\u00e1til z misijnej cesty z tejto krajiny a\u00a0prezentoval ju. Symbi\u00f3za nielen \u013eud\u00ed a pr\u00edrody, ale aj ich viery a \u017eivota. Nehanbia sa, ned\u00e1vaj\u00fa si masky.<\/i><\/p>\n<p>Farsk\u00fd kostol bol vo \u0161tvrtok 13. septembra naplnen\u00fd \u013eu\u010fmi pln\u00fdmi o\u010dak\u00e1van\u00ed a ur\u010dite aj zvedavosti. Ve\u010f biskup z\u00a0tak exotickej krajiny, akou je Afrika, sem pri\u0161iel \u00faplne prv\u00fdkr\u00e1t v hist\u00f3rii. P\u00e1n biskup sa v k\u00e1zni zameral na kr\u00ed\u017e ako centrum kres\u0165anstva. Zd\u00f4raznil, \u017ee v \u0148om je sila, \u017eivot, spojenie s Bohom, ale s\u00fa\u010dasne nezabudol povzbudi\u0165, \u017ee pr\u00e1ve to utrpenie v nebi u\u017e nebude. Spomenul, \u017ee aj v\u00a0jeho rodnej krajine maj\u00fa farnos\u0165 zasv\u00e4ten\u00fa \u201eTajomstvu sv. kr\u00ed\u017ea\u201c. Ve\u010f pr\u00e1ve skrze kr\u00ed\u017e a utrpenie m\u00e1 k n\u00e1m Boh v osobe Je\u017ei\u0161a Krista tak bl\u00edzko \u2013 \u010do n\u00e1m pripomenulo aj evanjeliov\u00e9 \u010d\u00edtanie z vig\u00edlie sviatku Pov\u00fd\u0161enia sv. kr\u00ed\u017ea.<\/p>\n<p>Po \u201emedzin\u00e1rodnej\u201c sv\u00e4tej om\u0161i nasledovala prezent\u00e1cia \u017eivota v Tanz\u00e1nii z \u00fast toho najpovolanej\u0161ieho \u2013 n\u00e1\u0161ho hos\u0165a z krajiny \u201eve\u010dn\u00e9ho\u201c slnka. T\u00e1to krajina je ve\u013ekos\u0165ou porovnate\u013en\u00e1 s Ne-meckom a m\u00e1 pribli\u017ene 55 mili\u00f3nov obyvate\u013eov. To je s\u00fa\u010dasne aj odpove\u010f na jednu z mnoh\u00fdch podnetn\u00fdch ot\u00e1zok, ktor\u00e9 polo\u017eili \u00fa\u010dastn\u00edci tejto prezent\u00e1cie.<\/p>\n<p>Probl\u00e9my, ktor\u00e9 maj\u00fa africk\u00e9 komunity, s\u00fa v\u0161ak \u00faplne in\u00e9ho charakteru ako u n\u00e1s v Eur\u00f3pe. V \u017eivote farnost\u00ed a\u00a0na n\u00e1v\u0161tev\u00e1ch bohoslu\u017eieb nech\u00fdbaj\u00fa \u017eiadne gener\u00e1cie, pri\u010dom pr\u00edtomnos\u0165 aj t\u00fdch najmen\u0161\u00edch det\u00ed je \u00faplnou samozrejmos\u0165ou. Probl\u00e9mom s\u00fa pre nich v\u0161ak financie. Biskup Minde v\u0161ak ne\u010dak\u00e1 iba na pomoc zvonka, ale priamo iniciuje aj dom\u00e1cich veriacich, aby prispeli, ko\u013eko m\u00f4\u017eu.<\/p>\n<p>Nad\u0161enie a energia, ktor\u00e9 s\u00e1lali z\u00a0tohto bo\u017eieho slu\u017eobn\u00edka z \u201e\u010dierneho\u201c kontinentu n\u00e1s presved\u010dili, \u017ee to mysl\u00ed s evanjeliz\u00e1ciou vo svojej domovine v\u00e1\u017ene. Aj jeho z\u00e1sluhou sa buduj\u00fa r\u00f4zne projekty na rozvoj a zlep\u0161enie \u017eivota Tanz\u00e1nij\u010danov. Viackr\u00e1t n\u00e1s vyzval k tomu, aby sme sa za nich modlili a tie\u017e spomenul duchovn\u00fd rozmer daru, pomocou ktor\u00e9ho m\u00f4\u017eeme putova\u0165 na miesto, kde sa bude realizova\u0165 nejak\u00fd projekt, ktor\u00fd podpor\u00edme.<\/p>\n<p>Polo\u017een\u00e9 zauj\u00edmav\u00e9 ot\u00e1zky sved\u010dili o tom, \u017ee n\u00e1m na misi\u00e1ch z\u00e1le\u017e\u00ed \u2013 pozit\u00edvne sa to odrazilo aj na mno\u017estve pe\u0148az\u00ed (3 795 \u20ac), ktor\u00e9 sa vyzbierali na podporu misijn\u00e9ho diela n\u00e1\u0161ho hos\u0165a.<\/p>\n<p>Na\u0161lo sa aj viacero laikov, ktor\u00ed sa rozhodli na bud\u00faci rok nav\u0161t\u00edvi\u0165 t\u00fato krajinu. Je ve\u013emi povzbudiv\u00e9, \u017ee misijn\u00e9 dielo, ktor\u00e9 sa za\u010dalo pred jeden a pol storo\u010d\u00edm, m\u00e1 tak\u00fdto \u00faspech, o\u00a0\u010dom, okrem materi\u00e1lneho a soci\u00e1lneho rozmachu, sved\u010dia najm\u00e4 mnoh\u00e9 duchovn\u00e9 povolania, na ktor\u00e9 u\u017e pomaly nesta\u010dia kapacity ich semin\u00e1rov. Ak na\u0161e talenty a vieru nech\u00e1me zapadn\u00fa\u0165 prachom a\u00a0povrchnos\u0165ou, tak sa m\u00f4\u017ee sta\u0165, \u017ee na misie bud\u00fa chodi\u0165 africk\u00ed k\u0148azi do Eur\u00f3py. Nechajme sa teda prenikn\u00fa\u0165 ich mlad\u00fdm duchom a najm\u00e4 d\u00f4verou a pokorou vo\u010di Bohu a jeho pl\u00e1nom s nami.<\/p>\n<p><a href=\"https:\/\/photos.app.goo.gl\/8usZzx7xWymeeaeZ9\" target=\"_blank\" rel=\"noopener noreferrer\">Fotky<\/a><\/p>\n<p><b><i>Martin \u0160i\u0161ka,<\/i><\/b><br \/>\n<i>Hrub\u00fd \u0160\u00far<\/i>\t\t\t\t<\/p>\n","protected":false},"excerpt":{"rendered":"<p>Ke\u010f sa povie Afrika, druh\u00fdm dychom mus\u00edme doda\u0165 \u201eTanz\u00e1nia\u201c.<\/p>\n","protected":false},"author":1,"featured_media":3611,"comment_status":"closed","ping_status":"closed","sticky":false,"template":"","format":"standard","meta":{"footnotes":""},"categories":[6,7,13],"tags":[24,27,31],"class_list":{"0":"entry","1":"post","2":"publish","3":"author-marian-jasenoveceltras-sk","4":"has-excerpt","5":"has-more-link","6":"post-3591","8":"format-standard","9":"has-post-thumbnail","10":"category-aktuality-sk","11":"category-casopis","12":"category-oznamy","13":"post_tag-aktuality","14":"post_tag-casopis","15":"post_tag-oznamy"},"_links":{"self":[{"href":"https:\/\/www.farakostolna.sk\/index.php?rest_route=\/wp\/v2\/posts\/3591","targetHints":{"allow":["GET"]}}],"collection":[{"href":"https:\/\/www.farakostolna.sk\/index.php?rest_route=\/wp\/v2\/posts"}],"about":[{"href":"https:\/\/www.farakostolna.sk\/index.php?rest_route=\/wp\/v2\/types\/post"}],"author":[{"embeddable":true,"href":"https:\/\/www.farakostolna.sk\/index.php?rest_route=\/wp\/v2\/users\/1"}],"replies":[{"embeddable":true,"href":"https:\/\/www.farakostolna.sk\/index.php?rest_route=%2Fwp%2Fv2%2Fcomments&post=3591"}],"version-history":[{"count":0,"href":"https:\/\/www.farakostolna.sk\/index.php?rest_route=\/wp\/v2\/posts\/3591\/revisions"}],"wp:featuredmedia":[{"embeddable":true,"href":"https:\/\/www.farakostolna.sk\/index.php?rest_route=\/"}],"wp:attachment":[{"href":"https:\/\/www.farakostolna.sk\/index.php?rest_route=%2Fwp%2Fv2%2Fmedia&parent=3591"}],"wp:term":[{"taxonomy":"category","embeddable":true,"href":"https:\/\/www.farakostolna.sk\/index.php?rest_route=%2Fwp%2Fv2%2Fcategories&post=3591"},{"taxonomy":"post_tag","embeddable":true,"href":"https:\/\/www.farakostolna.sk\/index.php?rest_route=%2Fwp%2Fv2%2Ftags&post=3591"}],"curies":[{"name":"wp","href":"https:\/\/api.w.org\/{rel}","templated":true}]}}