{"id":3580,"date":"2018-09-13T07:07:58","date_gmt":"2018-09-13T07:07:58","guid":{"rendered":"http:\/\/kostolna.fara.sk\/?p=3580"},"modified":"2018-09-13T07:07:58","modified_gmt":"2018-09-13T07:07:58","slug":"devat-prvych-piatkov","status":"publish","type":"post","link":"https:\/\/www.farakostolna.sk\/?p=3580","title":{"rendered":"Dev\u00e4\u0165 prv\u00fdch piatkov"},"content":{"rendered":"<p>\t\t\t\t<a href=\"http:\/\/kostolna.fara.sk\/devat-prvych-piatkov\/img_20180911_120712\/\" rel=\"attachment wp-att-3581\"><img loading=\"lazy\" decoding=\"async\" class=\"size-medium wp-image-3581 alignleft\" src=\"http:\/\/kostolna.fara.sk\/wp-content\/uploads\/2018\/09\/IMG_20180911_120712-225x300.jpeg\" alt=\"\" width=\"225\" height=\"300\" \/><\/a>Od piatku 7. septembra 2018 maj\u00fa na\u0161e deti mo\u017enos\u0165 urobi\u0165 si pobo\u017enos\u0165 deviatich prv\u00fdch piatkov. <!--more-->Je to ve\u013ek\u00e1 vec, preto\u017ee s\u00e1m Je\u017ei\u0161 dal prostredn\u00edctvom sv\u00e4tej Margity M\u00e1riie Alacoque 12 pris\u013e\u00faben\u00ed t\u00fdm, ktor\u00ed si t\u00fato pobo\u017enos\u0165 vykonaj\u00fa. Najv\u00e4\u010d\u0161\u00edm pris\u013e\u00faben\u00edm Bo\u017esk\u00e9ho Srdca je, \u017ee v\u0161etci, ktor\u00ed si tieto prv\u00e9 piatky urob\u00edme, nezomrieme v\u00a0\u0165a\u017ekom hriechu, ani bez prijatia potrebn\u00fdch sviatost\u00ed. Pom\u00f4ckou pre deti je aj bro\u017e\u00farka \u201eMojich 9 prv\u00fdch piatkov\u201c, ktor\u00fa dostali a ktor\u00e1 im umo\u017en\u00ed si aj n\u00e1zorne tieto dni zaznamena\u0165.<\/p>\n<p>Podmienkami spr\u00e1vneho vykonania prv\u00e9ho piatku s\u00fa:<\/p>\n<ol>\n<li>\u00fa\u010das\u0165 na sv\u00e4tom prij\u00edman\u00ed<\/li>\n<li>sv\u00e4t\u00e1 spove\u010f v\u00a0ten de\u0148 alebo kr\u00e1tko pred prv\u00fdm piatkom<\/li>\n<li>pomodli\u0165 sa na \u00famysel Sv\u00e4t\u00e9ho Otca<\/li>\n<li>sna\u017ei\u0165 sa vyhn\u00fa\u0165 ak\u00e9muko\u013evek, aj be\u017en\u00e9mu, hriechu<\/li>\n<li>sna\u017ei\u0165 sa v\u0161etko na\u0161e \u00fasilie toho d\u0148a obetova\u0165 na od\u010dinenie hriechov, ktor\u00e9 zra\u0148uj\u00fa Bo\u017esk\u00e9 Srdce<\/li>\n<\/ol>\n<p>P\u00e1n far\u00e1r bude ka\u017ed\u00fd prv\u00fd piatok v\u00a0mesiaci sl\u00fa\u017ei\u0165 sv\u00e4t\u00fa om\u0161u tak v\u00a0Hrubom \u0160\u00fare, ako aj v\u00a0Kostolnej pri Dunaji, s\u00a0oh\u013eadom na \u00fa\u010das\u0165 det\u00ed.<\/p>\n<p style=\"text-align: right;\">Eva Fran\u010dekov\u00e1, Hrub\u00fd \u0160\u00far<\/p>\n<p><a href=\"http:\/\/kostolna.fara.sk\/devat-prvych-piatkov\/img_20180911_120918\/\" rel=\"attachment wp-att-3582\"><img loading=\"lazy\" decoding=\"async\" class=\"size-medium wp-image-3582 alignleft\" src=\"http:\/\/kostolna.fara.sk\/wp-content\/uploads\/2018\/09\/IMG_20180911_120918-225x300.jpeg\" alt=\"\" width=\"225\" height=\"300\" \/><\/a> <a href=\"http:\/\/kostolna.fara.sk\/devat-prvych-piatkov\/img_20180911_120859\/\" rel=\"attachment wp-att-3583\"><img loading=\"lazy\" decoding=\"async\" class=\"size-medium wp-image-3583 alignleft\" src=\"http:\/\/kostolna.fara.sk\/wp-content\/uploads\/2018\/09\/IMG_20180911_120859-225x300.jpg\" alt=\"\" width=\"225\" height=\"300\" \/><\/a> <a href=\"http:\/\/kostolna.fara.sk\/devat-prvych-piatkov\/img_20180911_120852\/\" rel=\"attachment wp-att-3584\"><img loading=\"lazy\" decoding=\"async\" class=\"size-medium wp-image-3584 alignleft\" src=\"http:\/\/kostolna.fara.sk\/wp-content\/uploads\/2018\/09\/IMG_20180911_120852-225x300.jpeg\" alt=\"\" width=\"225\" height=\"300\" \/><\/a><\/p>\n<p>&nbsp;<\/p>\n<p>&nbsp;<\/p>\n<p>&nbsp;<\/p>\n<p>&nbsp;<\/p>\n<p>&nbsp;<\/p>\n<p>&nbsp;<\/p>\n<p>&nbsp;<\/p>\n<p style=\"text-align: left;\">\n","protected":false},"excerpt":{"rendered":"<p>Od piatku 7. septembra 2018 maj\u00fa na\u0161e deti mo\u017enos\u0165 urobi\u0165 si pobo\u017enos\u0165 deviatich prv\u00fdch piatkov.<\/p>\n","protected":false},"author":1,"featured_media":3581,"comment_status":"closed","ping_status":"closed","sticky":false,"template":"","format":"standard","meta":{"footnotes":""},"categories":[6],"tags":[24],"class_list":{"0":"entry","1":"post","2":"publish","3":"author-marian-jasenoveceltras-sk","4":"has-excerpt","5":"has-more-link","6":"post-3580","8":"format-standard","9":"has-post-thumbnail","10":"category-aktuality-sk","11":"post_tag-aktuality"},"_links":{"self":[{"href":"https:\/\/www.farakostolna.sk\/index.php?rest_route=\/wp\/v2\/posts\/3580","targetHints":{"allow":["GET"]}}],"collection":[{"href":"https:\/\/www.farakostolna.sk\/index.php?rest_route=\/wp\/v2\/posts"}],"about":[{"href":"https:\/\/www.farakostolna.sk\/index.php?rest_route=\/wp\/v2\/types\/post"}],"author":[{"embeddable":true,"href":"https:\/\/www.farakostolna.sk\/index.php?rest_route=\/wp\/v2\/users\/1"}],"replies":[{"embeddable":true,"href":"https:\/\/www.farakostolna.sk\/index.php?rest_route=%2Fwp%2Fv2%2Fcomments&post=3580"}],"version-history":[{"count":0,"href":"https:\/\/www.farakostolna.sk\/index.php?rest_route=\/wp\/v2\/posts\/3580\/revisions"}],"wp:featuredmedia":[{"embeddable":true,"href":"https:\/\/www.farakostolna.sk\/index.php?rest_route=\/"}],"wp:attachment":[{"href":"https:\/\/www.farakostolna.sk\/index.php?rest_route=%2Fwp%2Fv2%2Fmedia&parent=3580"}],"wp:term":[{"taxonomy":"category","embeddable":true,"href":"https:\/\/www.farakostolna.sk\/index.php?rest_route=%2Fwp%2Fv2%2Fcategories&post=3580"},{"taxonomy":"post_tag","embeddable":true,"href":"https:\/\/www.farakostolna.sk\/index.php?rest_route=%2Fwp%2Fv2%2Ftags&post=3580"}],"curies":[{"name":"wp","href":"https:\/\/api.w.org\/{rel}","templated":true}]}}