{"id":3549,"date":"2018-07-01T19:40:41","date_gmt":"2018-07-01T19:40:41","guid":{"rendered":"http:\/\/kostolna.fara.sk\/?p=3549"},"modified":"2018-07-01T19:40:41","modified_gmt":"2018-07-01T19:40:41","slug":"den-rodiny-2018","status":"publish","type":"post","link":"https:\/\/www.farakostolna.sk\/?p=3549","title":{"rendered":"De\u0148 rodiny v Kostolnej pri Dunaji"},"content":{"rendered":"<p>\t\t\t\t<i><a href=\"http:\/\/kostolna.fara.sk\/den-rodiny-2018\/den-r-2018-16-dng\/\" rel=\"attachment wp-att-3557\"><img loading=\"lazy\" decoding=\"async\" class=\"size-medium wp-image-3557 alignleft\" src=\"http:\/\/kostolna.fara.sk\/wp-content\/uploads\/2018\/07\/Den-r.2018-16.dng_-300x200.jpg\" alt=\"\" width=\"300\" height=\"200\" \/><\/a>Aj tento rok sme sa v na\u0161ej farnosti pridali k oslav\u00e1m D\u0148a rodiny, ktor\u00e9 sa konaj\u00fa po celom svete. Obyvatelia Kostolnej pri Dunaji, Hrub\u00e9ho \u0160\u00faru a Hrubej Bor\u0161e si na\u0161li v po\u0161tov\u00fdch schr\u00e1nkach informa\u010dn\u00fd let\u00e1k s d\u00e1tumom 2. j\u00fan.<span class=\"Apple-converted-space\">\u00a0<\/span><\/i><!--more--><\/p>\n<p>Za\u010diatok u\u017e tradi\u010dne patril sv\u00e4tej om\u0161i, ktor\u00fa hudobne na vysokej \u00farovni sprev\u00e1dzal zbor Nebesk\u00e1 rosa z Kr\u00e1\u013eovej pri Senci. Hudba bola naozaj povzn\u00e1-\u0161aj\u00faca a pomohla n\u00e1m nabudi\u0165 sa na to, \u017ee Boh n\u00e1s vyz\u00fdva k radosti, pri\u010dom n\u00e1m d\u00e1va aj prostriedok \u2013 rodinu. Miestny p\u00e1n far\u00e1r, Pavol Gajdo\u0161, v\u00a0\u00favode sl\u00e1vnostnej hom\u00edlie nielen\u017ee uk\u00e1zal na kr\u00edzu a ohrozenie rodiny, ale neb\u00e1l sa aj pomenova\u0165 pr\u00ed\u010diny tohto \u00fapadku. S\u00fa a\u017e prekvapivo jasn\u00e9 \u2013 je to poru\u0161ovanie sn\u00e1\u010f ka\u017ed\u00e9ho bodu Desatora. Cirkev tu v\u0161ak nie je iba na to, aby pomen\u00favala tieto probl\u00e9my, ale, ako n\u00e1m kazate\u013e zd\u00f4raznil, je tu na to, aby n\u00e1s viedla a pom\u00e1hala n\u00e1m v tejto ne\u013eahkej situ\u00e1cii. \u00c1no, pr\u00e1ve z cirkevn\u00e9ho prostredia vych\u00e1dzaj\u00fa aktivity a\u00a0kon-kr\u00e9tne projekty, ktor\u00e9 napom\u00e1haj\u00fa r\u00e1s\u0165 nielen jednotliv\u00fdm \u010dlenom rodiny, ale aj rodine ako celku. D\u00f4le\u017eit\u00e1 je v\u0161ak na\u0161a d\u00f4vera, \u017ee Boh to s nami mysl\u00ed naozaj dobre a pr\u00e1ve rodina je t\u00fdm, \u010do n\u00e1s for-muje, upev\u0148uje, nap\u013a\u0148a a uspokojuje na\u0161e t\u00fa\u017eby a zmysly v mnoh\u00fdch oblastiach. Je v\u0161ak na n\u00e1s, aby sme vykro\u010dili od ni\u010doty k otvorenej Otcovej n\u00e1ru\u010di.<\/p>\n<p>Takto povzbuden\u00ed na du\u0161i sme po sv\u00e4tej om\u0161i vych\u00e1dzali na farsk\u00fd dvor, kde boli najm\u00e4 pre deti pripraven\u00e9 viacer\u00e9 atrakcie. K u\u017e zn\u00e1memu sk\u00e1kaciemu hradu pribudlo bludisko, do ktor\u00e9ho si men\u0161ie deti volali svojich ro-di\u010dov ako sprievodcov. Dreven\u00fd koloto\u010d, kov\u00e1\u010d, hrn\u010diar, ma\u013eovanie na l\u00e1tku (s\u00a0miestnymi skautami) \u2013 to v\u0161etko bolo bezplatne k dispoz\u00edcii na z\u00e1bavu a sebarealiz\u00e1ciu na\u0161ich ratolest\u00ed. Aby sme v\u0161etci vydr\u017eali a\u017e do ve\u010dera, na ob\u010derstvenie boli pripraven\u00e9 okrem n\u00e1-pojov aj jedl\u00e1 od miestnych sponzorov \u2013 gul\u00e1\u0161, hotdogy, lok\u0161e, palacinky, pivo, kofola a nech\u00fdbala ani najob\u013e\u00fabenej\u0161ia poch\u00fa\u0165ka \u2013 cukrov\u00e1 vata.<\/p>\n<p>Za\u010diatok u\u017e tradi\u010dne patril sv\u00e4tej om\u0161i, ktor\u00fa hudobne na vysokej \u00farovni sprev\u00e1dzal zbor Nebesk\u00e1 rosa z Kr\u00e1\u013eovej pri Senci. Hudba bola naozaj povzn\u00e1\u0161aj\u00faca a pomohla n\u00e1m nabudi\u0165 sa na to, \u017ee Boh n\u00e1s vyz\u00fdva k radosti, pri\u010dom n\u00e1m d\u00e1va aj prostriedok \u2013 rodinu. Miestny p\u00e1n far\u00e1r, Pavol Gajdo\u0161, v\u00a0\u00favode sl\u00e1vnostnej hom\u00edlie nielen\u017ee uk\u00e1zal na kr\u00edzu a ohrozenie rodiny, ale neb\u00e1l sa aj pomenova\u0165 pr\u00ed\u010diny tohto \u00fapadku. S\u00fa a\u017e prekvapivo jasn\u00e9 \u2013 je to poru\u0161ovanie sn\u00e1\u010f ka\u017ed\u00e9ho bodu Desatora. Cirkev tu v\u0161ak nie je iba na to, aby pomen\u00favala tieto probl\u00e9my, ale, ako n\u00e1m kazate\u013e zd\u00f4raznil, je tu na to, aby n\u00e1s viedla a pom\u00e1hala n\u00e1m v tejto ne\u013eahkej situ\u00e1cii. \u00c1no, pr\u00e1ve z cirkevn\u00e9ho prostredia vych\u00e1dzaj\u00fa aktivity a\u00a0konkr\u00e9tne projekty, ktor\u00e9 napom\u00e1haj\u00fa r\u00e1s\u0165 nielen jednotliv\u00fdm \u010dlenom rodiny, ale aj rodine ako celku. D\u00f4le\u017eit\u00e1 je v\u0161ak na\u0161a d\u00f4vera, \u017ee Boh to s nami mysl\u00ed naozaj dobre a pr\u00e1ve rodina je t\u00fdm, \u010do n\u00e1s formuje, upev\u0148uje, nap\u013a\u0148a a uspokojuje na\u0161e t\u00fa\u017eby a zmysly v mnoh\u00fdch oblastiach. Je v\u0161ak na n\u00e1s, aby sme vykro\u010dili od ni\u010doty k otvorenej Otcovej n\u00e1ru\u010di.ho d\u0148a v\u00a0spolo\u010denstve sme uk\u00e1zali kr\u00e1su a rados\u0165, ktor\u00fa n\u00e1m pon\u00faka Cirkev a op\u00e4\u0165 sme sa posunuli o kr\u00f4\u010dik bli\u017e\u0161ie aj k\u00a0\u013eu\u010fom, ktor\u00ed sa na \u0148u pozeraj\u00fa iba cez \u010dierne okuliare niektor\u00fdch m\u00e9di\u00ed. K odovzdaniu radostn\u00e9ho a predov\u0161etk\u00fdm hodnotovo orientovan\u00e9ho posolstva o\u00a0rodine napom\u00e1hala aj reprodukovan\u00e1 hudba s kres\u0165anskou tematikou, ktor\u00e1 znela po\u010das celej akcie.<span class=\"Apple-converted-space\">\u00a0<\/span><\/p>\n<p>U\u017e teraz sa te\u0161\u00edme na \u010fal\u0161\u00ed ro\u010dn\u00edk tejto milej akcie, ktor\u00e1 sp\u00e1ja rodiny.<\/p>\n<p style=\"text-align: right;\"><b><i>Martin \u0160i\u0161ka<\/i><\/b><\/p>\n<p style=\"text-align: right;\"><i>Hrub\u00fd \u0160\u00far<\/i><\/p>\n<p style=\"text-align: left;\"><a href=\"https:\/\/photos.google.com\/share\/AF1QipNQOKQUjNxMBjZDO5x1ciJO_7vg5DmauTU9O4qhStaC22ddYYCEHuAlZx8Cib4ZQA?key=cmo3ZXJ4UUJJQjhIRkFES1pfVFEwdVd1X3E1OEpn\" target=\"_blank\" rel=\"noopener noreferrer\">Fotky:<\/a><\/p>\n","protected":false},"excerpt":{"rendered":"<p>Aj tento rok sme sa v na\u0161ej farnosti pridali k oslav\u00e1m D\u0148a rodiny, ktor\u00e9 sa konaj\u00fa po celom svete. Obyvatelia Kostolnej pri Dunaji, Hrub\u00e9ho \u0160\u00faru a Hrubej Bor\u0161e si na\u0161li v po\u0161tov\u00fdch schr\u00e1nkach informa\u010dn\u00fd let\u00e1k s d\u00e1tumom 2. j\u00fan.\u00a0<\/p>\n","protected":false},"author":1,"featured_media":3557,"comment_status":"closed","ping_status":"closed","sticky":false,"template":"","format":"standard","meta":{"footnotes":""},"categories":[4,5],"tags":[22,24],"class_list":{"0":"entry","1":"post","2":"publish","3":"author-marian-jasenoveceltras-sk","4":"has-excerpt","5":"has-more-link","6":"post-3549","8":"format-standard","9":"has-post-thumbnail","10":"category-akcie","11":"category-aktuality","12":"post_tag-akcie","13":"post_tag-aktuality"},"_links":{"self":[{"href":"https:\/\/www.farakostolna.sk\/index.php?rest_route=\/wp\/v2\/posts\/3549","targetHints":{"allow":["GET"]}}],"collection":[{"href":"https:\/\/www.farakostolna.sk\/index.php?rest_route=\/wp\/v2\/posts"}],"about":[{"href":"https:\/\/www.farakostolna.sk\/index.php?rest_route=\/wp\/v2\/types\/post"}],"author":[{"embeddable":true,"href":"https:\/\/www.farakostolna.sk\/index.php?rest_route=\/wp\/v2\/users\/1"}],"replies":[{"embeddable":true,"href":"https:\/\/www.farakostolna.sk\/index.php?rest_route=%2Fwp%2Fv2%2Fcomments&post=3549"}],"version-history":[{"count":0,"href":"https:\/\/www.farakostolna.sk\/index.php?rest_route=\/wp\/v2\/posts\/3549\/revisions"}],"wp:featuredmedia":[{"embeddable":true,"href":"https:\/\/www.farakostolna.sk\/index.php?rest_route=\/"}],"wp:attachment":[{"href":"https:\/\/www.farakostolna.sk\/index.php?rest_route=%2Fwp%2Fv2%2Fmedia&parent=3549"}],"wp:term":[{"taxonomy":"category","embeddable":true,"href":"https:\/\/www.farakostolna.sk\/index.php?rest_route=%2Fwp%2Fv2%2Fcategories&post=3549"},{"taxonomy":"post_tag","embeddable":true,"href":"https:\/\/www.farakostolna.sk\/index.php?rest_route=%2Fwp%2Fv2%2Ftags&post=3549"}],"curies":[{"name":"wp","href":"https:\/\/api.w.org\/{rel}","templated":true}]}}