{"id":3531,"date":"2018-05-01T14:32:39","date_gmt":"2018-05-01T14:32:39","guid":{"rendered":"http:\/\/kostolna.fara.sk\/?p=3531"},"modified":"2018-05-01T14:32:39","modified_gmt":"2018-05-01T14:32:39","slug":"janos-brenner-mucenik-lasky-k-bliznemu","status":"publish","type":"post","link":"https:\/\/www.farakostolna.sk\/?p=3531","title":{"rendered":"J\u00e1nos Brenner"},"content":{"rendered":"<p>\t\t\t\t<a href=\"http:\/\/kostolna.fara.sk\/janos-brenner-mucenik-lasky-k-bliznemu\/a-boldogga-avatas-helyszinen\/\" rel=\"attachment wp-att-3532\"><img loading=\"lazy\" decoding=\"async\" class=\"size-medium wp-image-3532 alignleft\" src=\"http:\/\/kostolna.fara.sk\/wp-content\/uploads\/2018\/06\/A-boldogg\u00e1-avat\u00e1s-helysz\u00edn\u00e9n-300x200.jpg\" alt=\"\" width=\"300\" height=\"200\" \/><\/a>J\u00e1nos Brenner, mu\u010den\u00edk l\u00e1sky k bl\u00ed\u017enemu<\/p>\n<p><a name=\"_GoBack\"><\/a><span style=\"font-family: Calibri, serif;\">Chcela by som sa s\u00a0vami podeli\u0165 o\u00a0\u017eivotn\u00fd pr\u00edbeh mu\u010den\u00edka J\u00e1nosa Brennera, n\u00e1\u0161ho nov\u00e9ho blahoslaven\u00e9ho. Tento Bo\u017e\u00ed slu\u017eobn\u00edk m\u00f4\u017ee by\u0165 svetlom na ceste do neba nielen n\u00e1m Ma\u010farom, ale pr\u00edslu\u0161n\u00edkom ktor\u00e9hoko\u013evek in\u00e9ho n\u00e1roda sveta.<\/span><!--more--><\/p>\n<p>Prv\u00e9ho m\u00e1ja 2018 bol v ma\u010farskom Szombathelyi vyhl\u00e1sen\u00fd za blahoslaven\u00e9ho mu\u010den\u00edk J\u00e1nos Brenner (1931 \u2013 1957). Sv\u00e4t\u00e9ho Otca na sl\u00e1vnosti zastupoval prefekt Kongreg\u00e1cie pre kauzy sv\u00e4t\u00fdch kardin\u00e1l Angelo Amato SDB. Je zauj\u00edmav\u00e9, \u017ee sv. Martin z\u00a0Tours, ktor\u00fd je patr\u00f3nom Bratislavskej arcidiec\u00e9zy i\u00a0Szombathelyskej diec\u00e9zy, uzrel svetlo sveta pr\u00e1ve v\u00a0tomto meste.<\/p>\n<p>J\u00e1nos Brenner sa narodil 27. decembra 1931 v katol\u00edckej rodine ako druh\u00fd spomedzi troch synov, ktor\u00ed sa nesk\u00f4r v\u0161etci stali k\u0148azmi. Po skon\u010den\u00ed strednej \u0161koly v roku 1950 vst\u00fapil do novici\u00e1tu k p\u00e1trom cisterci\u00e1nom. V roku 1952 po rozpusten\u00ed kl\u00e1\u0161torov komunistickou mocou sa rozhodol pokra\u010dova\u0165 v pr\u00edprave na k\u0148azstvo v diec\u00e9znom semin\u00e1ri, kde bol v roku 1955 vysv\u00e4ten\u00fd za k\u0148aza. Jeho prv\u00fdm p\u00f4sobiskom bola farnos\u0165 R\u00e1bakethely, kde sa venoval hlavne v\u00fdchove det\u00ed a ml\u00e1de\u017ee. Pod\u013ea slov monsignora Angela Amata pr\u00e1ve jeho ob\u013e\u00fabenos\u0165 medzi de\u0165mi a ml\u00e1de\u017eou bola t\u0155\u0148om v oku komunistick\u00e9mu re\u017eimu a d\u00f4vodom jeho umu\u010denia: \u201eNapriek z\u00e1kazu re\u017eimu duchovn\u00fd otec J\u00e1nos viedol mlad\u00fdch k dobr\u00e9mu \u017eivotu pod\u013ea evanjelia, k \u00facte vo\u010di bl\u00ed\u017enym, k pomoci n\u00fadznym, k \u0161\u00edreniu porozumenia v spolo\u010dnosti a\u00a0k\u00a0harm\u00f3nii v rodine. V\u0161etci ho mali radi, ve\u013ek\u00ed aj mal\u00ed, pre jeho triezvy poh\u013ead a\u00a0\u017eiv\u00fa povahu. To dr\u00e1\u017edilo vl\u00e1dnu moc, ktor\u00e1 chcela ma\u0165 monopol na ateistick\u00fa a protikres\u0165ansk\u00fa v\u00fdchovu.\u201c<\/p>\n<p>Kardin\u00e1l Amato vo svojej hom\u00edlii upriamil pozornos\u0165 na okolnosti, ktor\u00e9 viedli k\u00a0mu\u010den\u00edckej smrti tohto oddan\u00e9ho Bo\u017eieho slu\u017eobn\u00edka: \u201eMal\u00fd J\u00e1nos v jednom \u0161kolskom divadle hral postavu sv\u00e4t\u00e9ho Tarz\u00edcia, mu\u010den\u00edka, ktor\u00fd v 3. storo\u010d\u00ed po\u010das prenasledovania kres\u0165anov zomrel n\u00e1silnou smr\u0165ou, ke\u010f niesol chor\u00e9mu Eucharistiu. Mu\u010den\u00edctvo p\u00e1tra J\u00e1nosa pripom\u00edna pr\u00e1ve tento moment. V noci 14. decembra 1957 mu zavolal mlad\u00edk, ktor\u00fd bol v minulosti jeho mini\u0161trantom, a poprosil ho, aby zaopatril jeho zomieraj\u00faceho str\u00fdka. Mlad\u00fd k\u0148az sa vydal na cestu s Najsv\u00e4tej\u0161ou sviatos\u0165ou. Ale bola to pasca. V t\u00fa chladn\u00fa noc sa k\u0148az J\u00e1nos stal obe\u0165ou nen\u00e1visti proti viere a\u00a0pod\u013eahol brut\u00e1lnemu a\u00a0smrtiacemu \u00fatoku, pri ktorom mu zasadili vy\u0161e 30 bodnut\u00ed d\u00fdkou. Na\u0161li ho na svitan\u00ed 15. decembra na okraji dediny Zsida. \u013davou rukou na hrudi chr\u00e1nil burzu s Najsv\u00e4tej\u0161ou sviatos\u0165ou ako mu\u010den\u00edk Tarz\u00edcius. Jeho vrahovia neboli nikdy identifikovan\u00ed a postaven\u00ed pred s\u00fad.\u201c<\/p>\n<p>Ak\u00fd je odkaz tohto novodob\u00e9ho mu\u010den\u00edka?<\/p>\n<p>J\u00e1nos Brenner n\u00e1s svoj\u00edm \u017eivotom upozor\u0148uje na hodnotu rodiny, ktor\u00e1 aj jeho \u017eivotu udala smer. Jeho otec J\u00f3zsef Brenner sa denne z\u00fa\u010dast\u0148oval na sv\u00e4tej om\u0161i a\u00a0modlil sa ru\u017eenec. Aj v\u00a0\u0165a\u017ek\u00fdch \u010dasoch dok\u00e1zal vyzna\u0165 svoju vieru. Svojim de\u0165om denne \u010d\u00edtal z\u00a0n\u00e1bo\u017eensk\u00fdch kn\u00edh, modlil sa s\u00a0nimi a\u00a0viedol ich k\u00a0sviatostiam. Matka Julianna Wranovichov\u00e1 bola vzorom l\u00e1skavosti, ktor\u00e1 nev\u00e1hala pom\u00e1ha\u0165 n\u00fadznym a\u00a0chudobn\u00fdm vo svojom prostred\u00ed.<\/p>\n<p>Bu\u010fme v\u010fa\u010dn\u00ed za \u017eivot t\u00fdchto svedkov viery. Na pr\u00edhovor blahoslaven\u00e9ho J\u00e1nosa Brennera prosme dobrotiv\u00e9ho Boha, aby sa d\u00f4sledn\u00fd a\u00a0d\u00f4veryhodn\u00fd k\u0148azsk\u00fd \u017eivot tohto mu\u010den\u00edka stal prame\u0148om milost\u00ed pre n\u00e1s v\u0161etk\u00fdch, najm\u00e4 pre na\u0161e rodiny a\u00a0ml\u00e1de\u017e.<\/p>\n<p>&nbsp;<\/p>\n<p><a href=\"https:\/\/photos.app.goo.gl\/4jpQHFVTjhWJLnC3A\" target=\"_blank\" rel=\"noopener noreferrer\">Fotky<\/a><\/p>\n<p align=\"right\">Pripravila: Ivett \u0160illo Kiss<\/p>\n<p align=\"right\">\n<p>\u201eMagyar \u00fatlev\u00e9llel a\u00a0Mennyorsz\u00e1gba\u201c<\/p>\n<p>\u00dagy d\u00f6nt\u00f6tt\u00fcnk, \u201enekiv\u00e1gunk\u201d: n\u00e9gy gyerekkel a boldogg\u00e1 avat\u00e1snak. S mivel m\u00e9g sosem voltunk Szombathelyen, kicsit el is szerett\u00fcnk volna id\u0151zni a k\u00f6rny\u00e9ken.<\/p>\n<p>A v\u00e9rtan\u00fas\u00e1g helysz\u00edn\u00e9n<br \/>\nAz els\u0151 \u00e1llom\u00e1sunk Zsida volt, ahol Brenner J\u00e1nos, a magyar Tarz\u00edciusz, v\u00e9rtan\u00fahal\u00e1lt halt. A kommunista kereszt\u00e9ny\u00fcld\u00f6z\u00e9s \u00e1ldozata lett, mik\u00f6zben az Olt\u00e1riszents\u00e9get v\u00e9dte 3. sz\u00e1zadi t\u00e1rs\u00e1hoz hasonl\u00f3an. K\u00f6zel az \u00faj boldog hal\u00e1l\u00e1nak hely\u00e9hez kis k\u00e1polna \u00e9p\u00fclt. A helyiek seg\u00edts\u00e9g\u00e9vel tal\u00e1ltunk r\u00e1. Rendben tartott tiszt\u00e1son \u00e1ll, k\u00f6r\u00fcl\u00f6tte erd\u0151. Ide\u00e1lis hely a pihen\u00e9sre, fel\u00fcd\u00fcl\u00e9sre a h\u00e1rom \u00f3r\u00e1s aut\u00f3\u00fat ut\u00e1n. A gyerekek \u00e9lvezt\u00e9k a piknikez\u00e9st, a futk\u00e1roz\u00e1st. Megtudtuk, \u00e9ppen szentmise k\u00e9sz\u00fcl a keddi \u00fcnneps\u00e9gen r\u00e9szt vev\u0151 cserk\u00e9szek sz\u00e1m\u00e1ra, a mis\u00e9t szolg\u00e1l\u00f3 fiatal atya is cserk\u00e9sz. Brenner J\u00e1nos k\u00e1pl\u00e1nk\u00e9nt, maga is fiatal l\u00e9v\u00e9n\u2013 mind\u00f6ssze 26 \u00e9vet \u00e9lt \u2013, sokat foglalkozott a fiatalokkal. Sug\u00e1rzott bel\u0151le a szeretet, mindenki szerette (vagyis majdnem mindenki). B\u0171ne az volt, hogy sokakat vonzott a templomba, f\u0151leg fiatalokat. A mis\u00e9z\u0151 atya Brenner J\u00e1nos lelkis\u00e9g\u00e9t pr\u00f3b\u00e1lta megismertetni a cserk\u00e9sz\u00e9let mozzanatain kereszt\u00fcl. R\u00e1mutatott a j\u00f3cselekedetek, a szentgy\u00f3n\u00e1s \u00e9s szent\u00e1ldoz\u00e1s fontoss\u00e1g\u00e1ra.<\/p>\n<p>A szentek f\u00f6ldj\u00e9n<br \/>\nM\u00e1snap reggel m\u00e1r Szombathelyen \u00e9bredt\u00fcnk, abban a v\u00e1rosban, melyet II. J\u00e1nos P\u00e1l p\u00e1pa ottj\u00e1rtakor a szentek f\u00f6ldj\u00e9nek nevezett. A hely ugyanis sz\u00e1mos szent, boldog \u00e9s m\u00e1rt\u00edr \u00e9let\u00e9hez k\u00f6t\u0151dik: Szent M\u00e1rton, Batthy\u00e1ny-Strattmann L\u00e1szl\u00f3, Mindszenty J\u00f3zsef \u2013 hogy csup\u00e1n a legismertebbeket eml\u00edtsem.<br \/>\nMiut\u00e1n el\u0151z\u0151 nap abban a kegyelemben volt r\u00e9sz\u00fcnk, hogy a Brenner J\u00e1nos v\u00e9rtan\u00fahal\u00e1l\u00e1nak k\u00f6zel\u00e9ben \u00e9p\u00fclt J\u00f3 P\u00e1sztor-k\u00e1poln\u00e1ban vehett\u00fcnk r\u00e9szt szentmis\u00e9n, \u00fajabb kegyelmet kaptunk. A Sarl\u00f3s Boldogasszony-sz\u00e9kesegyh\u00e1zban megtekinthett\u00fck azt a reverend\u00e1t \u00e9s karinget, melyben az \u00faj boldog 61 \u00e9vvel ezel\u0151tt brut\u00e1lis gyilkoss\u00e1g \u00e1ldozata lett (32 sz\u00far\u00e1ssal v\u00e9geztek vele), s id\u0151zhett\u00fcnk kopors\u00f3ja k\u00f6zel\u00e9ben is.<br \/>\nHogy a gyerekeket elf\u00e1rasszuk, bet\u00e9rt\u00fcnk a kalandparkba, s \u00fatba ejtett\u00fck a K\u00e1moni Arbor\u00e9tumot is. M\u00e1snap pedig k\u00f6vetkezhetett a nagy nap: k\u00f6zel h\u00faszezer ember t\u00e1rsas\u00e1g\u00e1ban r\u00e9szt vehett\u00fcnk Brenner J\u00e1nos boldogg\u00e1 avat\u00e1s\u00e1n a szombathelyi Eml\u00e9km\u0171-dombon. A ragyog\u00f3 naps\u00fct\u00e9sben egy fa \u00e1rny\u00e9k\u00e1ban \u201evert\u00fcnk tany\u00e1t\u201d, s kisebb-nagyobb csetepat\u00e9kkal n\u00e9gy csemet\u00e9nk is j\u00f3l viselte a szabadt\u00e9ri szentmise megpr\u00f3b\u00e1ltat\u00e1sait. \u00d6sszegz\u00e9sk\u00e9ppen elmondhatom: \u00f3ri\u00e1si \u00e9lm\u00e9ny \u00e9s nagy kegyelem volt mindannyiunk sz\u00e1m\u00e1ra.<\/p>\n<p>\u201eAz Istent szeret\u0151knek minden a javukra v\u00e1lik\u201d (R\u00f3m 8,28)<br \/>\nEls\u0151 szentmis\u00e9j\u00e9re ezt a jelmondatot v\u00e1lasztotta Brenner J\u00e1nos. Ez az, ami ragyog\u00f3 \u00e9letp\u00e9ld\u00e1ja mellett k\u00fcl\u00f6n\u00f6sen megragadott benne, s ez az, ami \u00fagy \u00e9rzem, \u00f6sszek\u00f6t vele annak ellen\u00e9re, hogy \u0151 pap volt, \u00e9n meg \u00e9desanya vagyok. Mikor k\u00e9t \u00e9vvel ezel\u0151tt egy komolyabb betegs\u00e9get \u00e1llap\u00edtottak meg n\u00e1lam, sokszor ism\u00e9telgettem ezt a mondatot, s \u00fagy gondolom, ez seg\u00edthetett abban, hogy legal\u00e1bb a \u201eMi\u00e9rt pont \u00e9n?\u201d-jelleg\u0171 gondolatok \u2013 ilyenkor sok minden megfordul az ember fej\u00e9ben \u2013 elker\u00fcltek.<\/p>\n<p>\u201eMagyar \u00fatlev\u00e9llel a\u00a0Mennyorsz\u00e1gba\u201c<br \/>\nV\u00e9g\u00fcl pedig vissza a c\u00edmhez. Az \u00daj Ember Brenner J\u00e1nossal foglalkoz\u00f3 sz\u00e1m\u00e1ban olvastam ezt a gondolatot arra vonatkoz\u00f3an, hogy a magyars\u00e1g vil\u00e1gviszonylatban l\u00e9leksz\u00e1m\u00e1hoz k\u00e9pest milyen sok boldogg\u00e1- \u00e9s szentt\u00e9avat\u00e1si \u00fcggyel rendelkezik. Nem is besz\u00e9lve a m\u00e1r boldogg\u00e1 \u00e9s szentt\u00e9 avatott magyarokr\u00f3l. Legy\u00fcnk teh\u00e1t b\u00fcszk\u00e9k magyars\u00e1gunkra, s k\u00e9rj\u00fck b\u00e1tran nagyjaink k\u00f6zbenj\u00e1r\u00e1st! \u00dati c\u00e9lunk adott, de sokf\u00e9le \u00fatvonal l\u00e9tezik. J\u00f3 h\u00edr azonban, hogy b\u0151ven van kihez \u00fatbaigaz\u00edt\u00e1s\u00e9rt fordulni. Boldog Brenner J\u00e1nos, k\u00f6ny\u00f6r\u00f6gj \u00e9rt\u00fcnk! Magyar szentek \u00e9s boldogok, k\u00f6ny\u00f6r\u00f6gjetek \u00e9rt\u00fcnk!<\/p>\n<p style=\"text-align: right;\">Gujber Zsuzsanna<\/p>\n","protected":false},"excerpt":{"rendered":"<p>J\u00e1nos Brenner, mu\u010den\u00edk l\u00e1sky k bl\u00ed\u017enemu Chcela by som sa s\u00a0vami podeli\u0165 o\u00a0\u017eivotn\u00fd pr\u00edbeh mu\u010den\u00edka J\u00e1nosa Brennera, n\u00e1\u0161ho nov\u00e9ho blahoslaven\u00e9ho. Tento Bo\u017e\u00ed slu\u017eobn\u00edk m\u00f4\u017ee by\u0165 svetlom na ceste do neba nielen n\u00e1m Ma\u010farom, ale pr\u00edslu\u0161n\u00edkom ktor\u00e9hoko\u013evek in\u00e9ho n\u00e1roda sveta.<\/p>\n","protected":false},"author":1,"featured_media":3532,"comment_status":"closed","ping_status":"closed","sticky":false,"template":"","format":"standard","meta":{"footnotes":""},"categories":[5,14],"tags":[24,32],"class_list":{"0":"entry","1":"post","2":"publish","3":"author-marian-jasenoveceltras-sk","4":"has-excerpt","5":"has-more-link","6":"post-3531","8":"format-standard","9":"has-post-thumbnail","10":"category-aktuality","11":"category-put","12":"post_tag-aktuality","13":"post_tag-put"},"_links":{"self":[{"href":"https:\/\/www.farakostolna.sk\/index.php?rest_route=\/wp\/v2\/posts\/3531","targetHints":{"allow":["GET"]}}],"collection":[{"href":"https:\/\/www.farakostolna.sk\/index.php?rest_route=\/wp\/v2\/posts"}],"about":[{"href":"https:\/\/www.farakostolna.sk\/index.php?rest_route=\/wp\/v2\/types\/post"}],"author":[{"embeddable":true,"href":"https:\/\/www.farakostolna.sk\/index.php?rest_route=\/wp\/v2\/users\/1"}],"replies":[{"embeddable":true,"href":"https:\/\/www.farakostolna.sk\/index.php?rest_route=%2Fwp%2Fv2%2Fcomments&post=3531"}],"version-history":[{"count":0,"href":"https:\/\/www.farakostolna.sk\/index.php?rest_route=\/wp\/v2\/posts\/3531\/revisions"}],"wp:featuredmedia":[{"embeddable":true,"href":"https:\/\/www.farakostolna.sk\/index.php?rest_route=\/"}],"wp:attachment":[{"href":"https:\/\/www.farakostolna.sk\/index.php?rest_route=%2Fwp%2Fv2%2Fmedia&parent=3531"}],"wp:term":[{"taxonomy":"category","embeddable":true,"href":"https:\/\/www.farakostolna.sk\/index.php?rest_route=%2Fwp%2Fv2%2Fcategories&post=3531"},{"taxonomy":"post_tag","embeddable":true,"href":"https:\/\/www.farakostolna.sk\/index.php?rest_route=%2Fwp%2Fv2%2Ftags&post=3531"}],"curies":[{"name":"wp","href":"https:\/\/api.w.org\/{rel}","templated":true}]}}