{"id":3527,"date":"2018-06-02T14:27:26","date_gmt":"2018-06-02T14:27:26","guid":{"rendered":"http:\/\/kostolna.fara.sk\/?p=3527"},"modified":"2018-06-02T14:27:26","modified_gmt":"2018-06-02T14:27:26","slug":"corpus-domini","status":"publish","type":"post","link":"https:\/\/www.farakostolna.sk\/?p=3527","title":{"rendered":"Corpus Domini"},"content":{"rendered":"<p>\t\t\t\t<a href=\"http:\/\/kostolna.fara.sk\/corpus-domini\/imag2312\/\" rel=\"attachment wp-att-3528\"><img loading=\"lazy\" decoding=\"async\" class=\"size-medium wp-image-3528 alignleft\" src=\"http:\/\/kostolna.fara.sk\/wp-content\/uploads\/2018\/06\/IMAG2312-300x168.jpg\" alt=\"\" width=\"300\" height=\"168\" \/><\/a>2. j\u00fana v r\u00e1mci pr\u00edpravy na Svetov\u00fd eucharistick\u00fd kongres, ktor\u00fd sa uskuto\u010dn\u00ed v\u00a0roku 2020. v\u00a0Budape\u0161ti sa konali ador\u00e1cie na celom svete. <!--more-->Do tejto modlitbovej re\u0165aze pred vylo\u017eenou Sviatos\u0165ou Olt\u00e1rnou s\u00a0n\u00e1zvom Corpus Domini sa zapojilo 44 kraj\u00edn sveta. Medzi 25 zaregistrovan\u00fdmi farnos\u0165ami na Slovensku nech\u00fdbala ani Kostoln\u00e1 pri Dunaji.<\/p>\n<p><span style=\"font-family: Times New Roman, serif;\"><span style=\"font-size: medium;\"><span style=\"font-family: Calibri, serif;\"><span style=\"font-size: small;\"><span lang=\"hu-HU\">J\u00fanius 2-\u00e1n, \u00darnapja szombatj\u00e1n szents\u00e9gim\u00e1d\u00e1si l\u00e1ncot alkotva a vil\u00e1g 44 orsz\u00e1g\u00e1ban dics\u0151\u00edtett\u00fck az Olt\u00e1riszents\u00e9gben jelenl\u00e9v\u0151 J\u00e9zust. Minderre a 2020-as Budapesti Nemzetk\u00f6zi Eucharisztikus Kongresszusra k\u00e9sz\u00fclve ker\u00fclt sor. A 25 regisztr\u00e1lt szlov\u00e1kiai pl\u00e9b\u00e1niak\u00f6zs\u00e9g k\u00f6z\u00fcl Egyh\u00e1zfa sem hi\u00e1nyozhatott, ahol \u00e9ppen a Csal\u00e1dosok Napj\u00e1t \u00fcnnepelt\u00fck. <\/span><\/span><\/span><\/span><\/span>\t\t\t\t<\/p>\n","protected":false},"excerpt":{"rendered":"<p>2. j\u00fana v r\u00e1mci pr\u00edpravy na Svetov\u00fd eucharistick\u00fd kongres, ktor\u00fd sa uskuto\u010dn\u00ed v\u00a0roku 2020. v\u00a0Budape\u0161ti sa konali ador\u00e1cie na celom svete.<\/p>\n","protected":false},"author":1,"featured_media":3528,"comment_status":"closed","ping_status":"closed","sticky":false,"template":"","format":"standard","meta":{"footnotes":""},"categories":[5],"tags":[24],"class_list":{"0":"entry","1":"post","2":"publish","3":"author-marian-jasenoveceltras-sk","4":"has-excerpt","5":"has-more-link","6":"post-3527","8":"format-standard","9":"has-post-thumbnail","10":"category-aktuality","11":"post_tag-aktuality"},"_links":{"self":[{"href":"https:\/\/www.farakostolna.sk\/index.php?rest_route=\/wp\/v2\/posts\/3527","targetHints":{"allow":["GET"]}}],"collection":[{"href":"https:\/\/www.farakostolna.sk\/index.php?rest_route=\/wp\/v2\/posts"}],"about":[{"href":"https:\/\/www.farakostolna.sk\/index.php?rest_route=\/wp\/v2\/types\/post"}],"author":[{"embeddable":true,"href":"https:\/\/www.farakostolna.sk\/index.php?rest_route=\/wp\/v2\/users\/1"}],"replies":[{"embeddable":true,"href":"https:\/\/www.farakostolna.sk\/index.php?rest_route=%2Fwp%2Fv2%2Fcomments&post=3527"}],"version-history":[{"count":0,"href":"https:\/\/www.farakostolna.sk\/index.php?rest_route=\/wp\/v2\/posts\/3527\/revisions"}],"wp:featuredmedia":[{"embeddable":true,"href":"https:\/\/www.farakostolna.sk\/index.php?rest_route=\/"}],"wp:attachment":[{"href":"https:\/\/www.farakostolna.sk\/index.php?rest_route=%2Fwp%2Fv2%2Fmedia&parent=3527"}],"wp:term":[{"taxonomy":"category","embeddable":true,"href":"https:\/\/www.farakostolna.sk\/index.php?rest_route=%2Fwp%2Fv2%2Fcategories&post=3527"},{"taxonomy":"post_tag","embeddable":true,"href":"https:\/\/www.farakostolna.sk\/index.php?rest_route=%2Fwp%2Fv2%2Ftags&post=3527"}],"curies":[{"name":"wp","href":"https:\/\/api.w.org\/{rel}","templated":true}]}}