{"id":3519,"date":"2018-05-22T10:20:51","date_gmt":"2018-05-22T10:20:51","guid":{"rendered":"http:\/\/kostolna.fara.sk\/?p=3519"},"modified":"2018-05-22T10:20:51","modified_gmt":"2018-05-22T10:20:51","slug":"prve-svate-prijmanie-elsoaldozas","status":"publish","type":"post","link":"https:\/\/www.farakostolna.sk\/?p=3519","title":{"rendered":"Prv\u00e9 sv\u00e4t\u00e9 pr\u00edjmanie \/ Els\u0151\u00e1ldoz\u00e1s"},"content":{"rendered":"<p>\t\t\t\t<a href=\"http:\/\/kostolna.fara.sk\/prve-svate-prijmanie-elsoaldozas\/img_7660\/\" rel=\"attachment wp-att-3521\"><img loading=\"lazy\" decoding=\"async\" class=\"size-medium wp-image-3521 alignleft\" src=\"http:\/\/kostolna.fara.sk\/wp-content\/uploads\/2018\/05\/IMG_7660-300x200.jpg\" alt=\"\" width=\"300\" height=\"200\" \/><\/a>V nede\u013eu, d\u0148a 20.5.2018 sme v na\u0161ej farnosti osl\u00e1vili 1. sv\u00e4t\u00e9 prij\u00edmanie.<!--more--><br \/>\n20 det\u00ed sa od novembra pripravovalo spolu s p\u00e1nom far\u00e1rom, Pavlom Gajdo\u0161om. Pr\u00edprava spo\u010d\u00edvala v \u00fa\u010dasti na detsk\u00fdch sv\u00e4t\u00fdch om\u0161iach v Hrubom \u0160\u00fari a katech\u00e9zy v pastorku, no ani rodi\u010dia neostali bez pov\u0161imnutia: \u00faloha vypracova\u0165 pracovn\u00e9 zo\u0161ity n\u00e1s \u010dasto don\u00fatila zastavi\u0165 sa, zamyslie\u0165 sa, op\u00e4\u0165 sa za\u010d\u00edta\u0165 do Sv\u00e4t\u00e9ho p\u00edsma. \ud83d\ude42<\/p>\n<p>V sobotu pred 1. sv\u00e4t\u00fdm pr\u00edjman\u00edm sme sa stretli pri spolo\u010dnej sv\u00e4tej spovedi, deti po spovedi h\u00e1dzali papieriky s hriechmi do ko\u0161\u00edka a nakoniec ich spolo\u010dne pred jasky\u0148ou Panny M\u00e1rie sp\u00e1lili.<\/p>\n<p>V\u010faka spolo\u010dnej pr\u00edprave bol de\u0148 D naozaj sl\u00e1vnostn\u00fd, umoc\u0148ovali to aj rovno\u0161aty, ktor\u00e9 mali deti oble\u010den\u00e9. V\u010faka rovno\u0161at\u00e1m sa deti ale aj ostatn\u00ed \u013eudia s\u00fastredia na podstatu sl\u00e1vnosti a tou je prijatie Eucharistie.<br \/>\nPo\u010das celej sv\u00e4tej om\u0161e mali deti r\u00f4zne \u00falohy, ktor\u00e9 zvl\u00e1dli v\u00fdborne. S \u013dubkou si nacvi\u010dili piesne, niesli obetn\u00e9 dary, aj na \u010d\u00edtania si tr\u00fafli. Som rada, \u017ee boli deti sam\u00e9 od seba ochotn\u00e9 podiela\u0165 sa na pr\u00edprave a priebehu sv\u00e4tej om\u0161e.<\/p>\n<p>Chcela by som po\u010fakova\u0165 v\u0161etk\u00fdm rodi\u010dom, rodin\u00e1m, star\u00fdm mam\u00e1m, osobitne \u013dubke za n\u00e1cvik piesn\u00ed, Veronike za dreven\u00e9 srdie\u010dka, Katke za pr\u00edpravu obetn\u00fdch darov, Evke za koordin\u00e1ciu celej sl\u00e1vnosti, zboru Crux za spev, ale aj ostatn\u00fdm, ktor\u00ed sa z\u00fa\u010dastnili pr\u00edprav, \u010di u\u017e finan\u010dne alebo prilo\u017een\u00edm r\u00fak: \u010fakujeme v\u00e1m &#x2665;<br \/>\nOsobitne chcem po\u010fakovat n\u00e1\u0161mu p\u00e1nu far\u00e1rovi za pr\u00edpravu na\u0161ich det\u00ed na prv\u00e9 prijatie Je\u017ei\u0161a Krista do ich s\u0155dc.<\/p>\n<p>&nbsp;<\/p>\n<p><a href=\"https:\/\/photos.app.goo.gl\/RcFswT2BqgYYJzNB3\" target=\"_blank\" rel=\"noopener noreferrer\">Fotky<\/a><\/p>\n<p>&nbsp;<\/p>\n<p>Az id\u00e9n Egyh\u00e1zunk harmadik legnagyobb \u00fcnnep\u00e9n, p\u00fcnk\u00f6sdvas\u00e1rnap \u00fcnnepelt\u00fck az els\u0151\u00e1ldoz\u00e1st pl\u00e9b\u00e1niak\u00f6zs\u00e9g\u00fcnkben. K\u00fcl\u00f6nleges alkalom volt ez az\u00e9rt is, mert egy \u00e9desapa saj\u00e1t kisl\u00e1ny\u00e1val egy\u00fctt r\u00e9szes\u00fclt el\u0151sz\u00f6r az Olt\u00e1riszents\u00e9gben. \u00cdgy n\u00e9gy kis \u00e9s egy \u201enagy\u201d els\u0151\u00e1ldoz\u00f3nk vehette el\u0151sz\u00f6r mag\u00e1hoz keny\u00e9r \u00e9s bor sz\u00edne alatt Krisztus Test\u00e9t \u00e9s V\u00e9r\u00e9t a magyar szentmis\u00e9n Egyh\u00e1zf\u00e1n. Az \u00fcnnepi sz\u00f3nok a sokak sz\u00e1m\u00e1ra oly kedves Szal\u00e9zi misszi\u00f3s atya, T\u00f3th J\u00f3zsef volt. A hangulatot a Crux egy\u00fcttes zen\u00e9je tette m\u00e9g k\u00fcl\u00f6nlegesebb\u00e9.<br \/>\nJ\u00f3zsef atya szentbesz\u00e9d\u00e9ben r\u00e1mutatott saj\u00e1t \u00e9desapja p\u00e9ld\u00e1j\u00e1ra, aki hal\u00e1la el\u0151tt az Olt\u00e1riszents\u00e9gben jelen l\u00e9v\u0151 J\u00e9zust kereste, s az els\u0151\u00e1ldoz\u00f3k figyelm\u00e9be aj\u00e1nlotta Savio Szent Domonkos p\u00e9ld\u00e1j\u00e1t. A fiatal szent els\u0151\u00e1ldoz\u00e1sa ut\u00e1n megfogadta, hogy nem fog b\u0171nt elk\u00f6vetni. Az atya arra buzd\u00edtotta a gyerekeket, hogy v\u00e1lasszanak egy j\u00f3 dolgot, amit meg tudnak tartani \u00e9s egy rosszat, amit majd igyekeznek elker\u00fclni.<br \/>\nAz els\u0151\u00e1ldoz\u00f3k az olvasm\u00e1nyok \u00e9s a k\u00f6ny\u00f6rg\u00e9sek felolvas\u00e1s\u00e1val akt\u00edvan r\u00e9szt vettek az Ige liturgi\u00e1j\u00e1ban. Kereszts\u00e9gi fogadalmuk meg\u00faj\u00edt\u00e1sakor sz\u00fcleik helyett m\u00e1r \u0151k maguk v\u00e1laszoltak a lelkiatyjuk \u00e1ltal feltett k\u00e9rd\u00e9sekre. Az \u00c1ldozat liturgi\u00e1j\u00e1nak kezdet\u00e9n \u00e1ldozati adom\u00e1nyk\u00e9nt felaj\u00e1nlott\u00e1k sz\u00edv\u00fck tisztas\u00e1g\u00e1nak jelk\u00e9pek\u00e9nt keresztel\u00e9si ingecsk\u00e9iket; er\u0151fesz\u00edt\u00e9seik szimb\u00f3lumak\u00e9nt munkaf\u00fczeteiket; gy\u00fcm\u00f6lcs\u00f6t, hogy \u0151k is j\u00f3 gy\u00fcm\u00f6lcs\u00f6t teremjenek; kenyeret \u00e9s bort a vend\u00e9gszeretet, bar\u00e1ts\u00e1g \u00e9s a k\u00f6lcs\u00f6n\u00f6s szeretetben \u00e9l\u00e9s jelek\u00e9nt; valamint osty\u00e1t, vizet \u00e9s bort, mely Krisztus Test\u00e9v\u00e9 \u00e9s V\u00e9r\u00e9v\u00e9 v\u00e1lik. A nagy pillanatra az el\u0151z\u0151 napi els\u0151 szentgy\u00f3n\u00e1sban val\u00f3 megtisztul\u00e1s ut\u00e1n k\u00f6z\u00f6s im\u00e1val k\u00e9sz\u00fcltek az els\u0151\u00e1ldoz\u00f3k, s ut\u00e1na is hasonl\u00f3k\u00e9ppen mondtak k\u00f6sz\u00f6netet. A szentmise v\u00e9g\u00e9n kifejezt\u00e9k h\u00e1l\u00e1jukat Gajdo\u0161 P\u00e1l pl\u00e9b\u00e1nos aty\u00e1nak az\u00e9rt, hogy elk\u00eds\u00e9rte \u0151ket az els\u0151 szent\u00e1ldoz\u00e1sra val\u00f3 felk\u00e9sz\u00fcl\u00e9s \u00fatj\u00e1n \u00e9s J\u00f3zsef aty\u00e1nak, hogy jelen tudott lenni ezen a sz\u00e9p \u00fcnnepen.<br \/>\nJ\u00f3zsef atya felh\u00edvta a figyelmet arra, hogy els\u0151\u00e1ldoz\u00f3inkat k\u00e9t jelent\u0151s p\u00e1rtfog\u00f3 is k\u00eds\u00e9rni fogja, mivel k\u00e9t \u00fcnnep fogja k\u00f6zre ezt a nagy esem\u00e9nyt: p\u00fcnk\u00f6sd l\u00e9v\u00e9n a Szentl\u00e9lek, s mivel Ferenc p\u00e1pa javaslat\u00e1ra p\u00fcnk\u00f6sdh\u00e9tf\u0151 ett\u0151l az \u00e9vt\u0151l kezdve a Boldogs\u00e1gos Sz\u0171z M\u00e1ria, az Egyh\u00e1z Anyja \u00fcnnepe, a Sz\u0171zanya is. K\u00e9rj\u00fck h\u00e1t ezen nagy p\u00e1rtfog\u00f3k hathat\u00f3s seg\u00edts\u00e9g\u00e9t, hogy els\u0151\u00e1ldoz\u00f3ink t\u00f6rekedjenek a megszentel\u0151 kegyelem \u00e1llapot\u00e1ban \u00e9lni, hogy egykor a mennyorsz\u00e1g legyen az oszt\u00e1lyr\u00e9sz\u00fck.<\/p>\n<p style=\"text-align: right;\">Gujber Zsuzsanna, Hegys\u00far<\/p>\n<p>&nbsp;\t\t\t\t<\/p>\n","protected":false},"excerpt":{"rendered":"<p>V nede\u013eu, d\u0148a 20.5.2018 sme v na\u0161ej farnosti osl\u00e1vili 1. sv\u00e4t\u00e9 prij\u00edmanie.<\/p>\n","protected":false},"author":1,"featured_media":3521,"comment_status":"closed","ping_status":"closed","sticky":false,"template":"","format":"standard","meta":{"footnotes":""},"categories":[5,10,13,18],"tags":[24,29,31,33],"class_list":{"0":"entry","1":"post","2":"publish","3":"author-marian-jasenoveceltras-sk","4":"has-excerpt","5":"has-more-link","6":"post-3519","8":"format-standard","9":"has-post-thumbnail","10":"category-aktuality","11":"category-hirek","12":"category-oznamy","13":"category-svate-prijmanie","14":"post_tag-aktuality","15":"post_tag-hirek","16":"post_tag-oznamy","17":"post_tag-svate-prijmanie"},"_links":{"self":[{"href":"https:\/\/www.farakostolna.sk\/index.php?rest_route=\/wp\/v2\/posts\/3519","targetHints":{"allow":["GET"]}}],"collection":[{"href":"https:\/\/www.farakostolna.sk\/index.php?rest_route=\/wp\/v2\/posts"}],"about":[{"href":"https:\/\/www.farakostolna.sk\/index.php?rest_route=\/wp\/v2\/types\/post"}],"author":[{"embeddable":true,"href":"https:\/\/www.farakostolna.sk\/index.php?rest_route=\/wp\/v2\/users\/1"}],"replies":[{"embeddable":true,"href":"https:\/\/www.farakostolna.sk\/index.php?rest_route=%2Fwp%2Fv2%2Fcomments&post=3519"}],"version-history":[{"count":0,"href":"https:\/\/www.farakostolna.sk\/index.php?rest_route=\/wp\/v2\/posts\/3519\/revisions"}],"wp:featuredmedia":[{"embeddable":true,"href":"https:\/\/www.farakostolna.sk\/index.php?rest_route=\/"}],"wp:attachment":[{"href":"https:\/\/www.farakostolna.sk\/index.php?rest_route=%2Fwp%2Fv2%2Fmedia&parent=3519"}],"wp:term":[{"taxonomy":"category","embeddable":true,"href":"https:\/\/www.farakostolna.sk\/index.php?rest_route=%2Fwp%2Fv2%2Fcategories&post=3519"},{"taxonomy":"post_tag","embeddable":true,"href":"https:\/\/www.farakostolna.sk\/index.php?rest_route=%2Fwp%2Fv2%2Ftags&post=3519"}],"curies":[{"name":"wp","href":"https:\/\/api.w.org\/{rel}","templated":true}]}}