{"id":3460,"date":"2018-03-12T20:29:09","date_gmt":"2018-03-12T20:29:09","guid":{"rendered":"http:\/\/kostolna.fara.sk\/?p=3460"},"modified":"2018-03-12T20:29:09","modified_gmt":"2018-03-12T20:29:09","slug":"obnovena-sakristia-a-presbyterium","status":"publish","type":"post","link":"https:\/\/www.farakostolna.sk\/?p=3460","title":{"rendered":"Obnoven\u00e1 sakristia a presbyt\u00e9rium"},"content":{"rendered":"<p class=\"western\" align=\"justify\"><i><b><a href=\"http:\/\/kostolna.fara.sk\/obnovena-sakristia-a-presbyterium\/p1010395\/\" rel=\"attachment wp-att-3482\"><img loading=\"lazy\" decoding=\"async\" class=\"size-medium wp-image-3482 alignleft\" src=\"http:\/\/kostolna.fara.sk\/wp-content\/uploads\/2018\/03\/P1010395-300x225.jpg\" alt=\"\" width=\"300\" height=\"225\" \/><\/a>Po dlh\u00fdch 18-tich mesiacoch sme sa do\u010dkali kompletne obnovenej sakristie (obslu\u017enej miestnosti pre k\u0148aza, kostoln\u00edkov, mini\u0161trantov a pomocn\u00edkov) vo farskom kostole v\u00a0Kostolnej. Spo\u010diatku boli pocity niektor\u00fdch farn\u00edkov zmie\u0161an\u00e9, ke\u010f\u017ee asi pred trin\u00e1stimi rokmi sa d\u00e1val do sakristie na steny nov\u00fd dreven\u00fd obklad. Av\u0161ak gener\u00e1lna rekon\u0161trukcia bola nevyhnutn\u00e1.<\/b><\/i><!--more--><\/p>\n<p class=\"western\">Nutn\u00e9 bolo podp\u00edlenie zaplesnen\u00fdch stien od spodnej vlhkosti a\u00a0naopak sa zase \u017eiadal celoro\u010dn\u00fd pr\u00edstup k\u00a0vode na upratovanie, kvety, liturgiu a hygienu. Vybudovali sme preto nov\u00fa dvojit\u00fa toa-letu ved\u013ea sakristie a\u00a0do zeme osadili \u017eumpu. Prerobilo sa vn\u00fatorn\u00e9 vedenie plynovodu, aby neprech\u00e1dzalo cez sv\u00e4ty\u0148u kostola. Zak\u00fapen\u00edm nov\u00e9ho plynov\u00e9ho kondenza\u010dn\u00e9ho kotla pre potreby kostola sa zv\u00fd\u0161ila nielen efektivita k\u00farenia a teplota interi\u00e9ru v\u00a0zimn\u00fdch mesiacoch, ale cite\u013ene sa zv\u00fd\u0161ila i\u00a0samotn\u00e1 n\u00e1v\u0161tevnos\u0165 chr\u00e1mu. Okrem nov\u00fdch omietok a\u00a0stropu bolo potrebn\u00e9 vyrie\u0161i\u0165 podlahu, ktor\u00e1 p\u00f4vodne spo\u010d\u00edvala len v\u00a0dreven\u00fdch dosk\u00e1ch polo\u017een\u00fdch na zemine. Dnes m\u00e1 sakristia, podobne ako presbyt\u00e9rium kostola, nov\u00e9 odizolovan\u00e9 podlo\u017eie s podlahov\u00fdm k\u00faren\u00edm a\u00a0identick\u00fa kamenn\u00fa mramorov\u00fa dla\u017ebu. Sakristia je z\u00e1rove\u0148 s\u00fa\u010das\u0165ou prepojen\u00e9ho samocirkula\u010dn\u00e9ho syst\u00e9mu odvetr\u00e1vania stien pod podlahou spolu so sv\u00e4ty\u0148ou kostola.<\/p>\n<p class=\"western\">Nov\u00e9 steny zdob\u00ed kr\u00e1sne osvetlenie, n\u00e1stenn\u00e9 hodiny, tri vitr\u00e1\u017eov\u00e9 okn\u00e1 a\u00a0na mieru vyroben\u00fd n\u00e1dhern\u00fd dreven\u00fd n\u00e1bytok, ktor\u00fd zaplatili veriaci z\u00a0ru\u017eencov\u00e9ho bratstva a\u00a0zo spolo\u010denstva Srdca Je\u017ei\u0161ovho. Nielen pre k\u0148aza, kostoln\u00edkov, \u010di mini\u0161trantov, ale ver\u00edm, \u017ee i\u00a0pre ostatn\u00fdch veriacich a\u00a0n\u00e1v\u0161tevn\u00edkov t\u00e1to zmena prispeje ku duchovn\u00e9mu i\u00a0kult\u00farnemu z\u00e1\u017eitku, ke\u010f\u017ee sakristia je\u00a0z\u00e1rove\u0148 s\u00fa\u010das\u0165ou chr\u00e1mu z\u00a013. storo\u010dia, v\u00a0ktor\u00e9ho starostlivosti vidie\u0165 n\u00e1\u0161 spolo\u010dn\u00fd z\u00e1ujem o\u00a0Bo\u017e\u00ed st\u00e1nok medzi nami. I\u00a0na tomto mieste vyu\u017e\u00edvam pr\u00edle\u017eitos\u0165, aby som sa \u00faprimne po\u010fakoval v\u0161etk\u00fdm pomocn\u00edkom a\u00a0dobrodincom.<\/p>\n<p class=\"western\">V\u00a0tomto roku sa z\u00e1rove\u0148 p\u00fa\u0161\u0165ame do kompletnej rekon\u0161trukcie sakristie aj pri kaplnke v\u00a0Hrubom \u0160\u00fare. T\u00e1to by po novom mala v\u00a0sebe skr\u00fdva\u0165 okrem spolo\u010denskej miestnosti so soci\u00e1lnym zariaden\u00edm a kuchynskou linkou aj oddelen\u00fa spovedn\u00fa miestnos\u0165 ur\u010den\u00fa pre sviatos\u0165 zmierenia a duchovn\u00e9 rozhovory.<\/p>\n<p><a href=\"https:\/\/photos.app.goo.gl\/ldu5N9YuRzao2Yrp2\" target=\"_blank\" rel=\"noopener noreferrer\">Fotky<\/a><\/p>\n<p class=\"western\" align=\"right\"><i><b>Pavol Gajdo\u0161<\/b><\/i><\/p>\n","protected":false},"excerpt":{"rendered":"<p>Po dlh\u00fdch 18-tich mesiacoch sme sa do\u010dkali kompletne obnovenej sakristie (obslu\u017enej miestnosti pre k\u0148aza, kostoln\u00edkov, mini\u0161trantov a pomocn\u00edkov) vo farskom kostole v\u00a0Kostolnej. Spo\u010diatku boli pocity niektor\u00fdch farn\u00edkov zmie\u0161an\u00e9, ke\u010f\u017ee asi pred trin\u00e1stimi rokmi sa d\u00e1val do sakristie na steny nov\u00fd dreven\u00fd obklad. Av\u0161ak gener\u00e1lna rekon\u0161trukcia bola nevyhnutn\u00e1.<\/p>\n","protected":false},"author":1,"featured_media":3482,"comment_status":"closed","ping_status":"closed","sticky":false,"template":"","format":"standard","meta":{"footnotes":""},"categories":[5,7],"tags":[24,27],"class_list":{"0":"entry","1":"post","2":"publish","3":"author-marian-jasenoveceltras-sk","4":"has-excerpt","5":"has-more-link","6":"post-3460","8":"format-standard","9":"has-post-thumbnail","10":"category-aktuality","11":"category-casopis","12":"post_tag-aktuality","13":"post_tag-casopis"},"_links":{"self":[{"href":"https:\/\/www.farakostolna.sk\/index.php?rest_route=\/wp\/v2\/posts\/3460","targetHints":{"allow":["GET"]}}],"collection":[{"href":"https:\/\/www.farakostolna.sk\/index.php?rest_route=\/wp\/v2\/posts"}],"about":[{"href":"https:\/\/www.farakostolna.sk\/index.php?rest_route=\/wp\/v2\/types\/post"}],"author":[{"embeddable":true,"href":"https:\/\/www.farakostolna.sk\/index.php?rest_route=\/wp\/v2\/users\/1"}],"replies":[{"embeddable":true,"href":"https:\/\/www.farakostolna.sk\/index.php?rest_route=%2Fwp%2Fv2%2Fcomments&post=3460"}],"version-history":[{"count":0,"href":"https:\/\/www.farakostolna.sk\/index.php?rest_route=\/wp\/v2\/posts\/3460\/revisions"}],"wp:featuredmedia":[{"embeddable":true,"href":"https:\/\/www.farakostolna.sk\/index.php?rest_route=\/"}],"wp:attachment":[{"href":"https:\/\/www.farakostolna.sk\/index.php?rest_route=%2Fwp%2Fv2%2Fmedia&parent=3460"}],"wp:term":[{"taxonomy":"category","embeddable":true,"href":"https:\/\/www.farakostolna.sk\/index.php?rest_route=%2Fwp%2Fv2%2Fcategories&post=3460"},{"taxonomy":"post_tag","embeddable":true,"href":"https:\/\/www.farakostolna.sk\/index.php?rest_route=%2Fwp%2Fv2%2Ftags&post=3460"}],"curies":[{"name":"wp","href":"https:\/\/api.w.org\/{rel}","templated":true}]}}