{"id":3458,"date":"2018-01-25T20:13:44","date_gmt":"2018-01-25T20:13:44","guid":{"rendered":"http:\/\/kostolna.fara.sk\/?p=3458"},"modified":"2018-01-25T20:13:44","modified_gmt":"2018-01-25T20:13:44","slug":"ekumenicke-stretnutie-2018","status":"publish","type":"post","link":"https:\/\/www.farakostolna.sk\/?p=3458","title":{"rendered":"Ekumenicke stretnutie 2018"},"content":{"rendered":"<p>\t\t\t\t<a href=\"http:\/\/kostolna.fara.sk\/ekumenicke-stretnutie-2018\/dav\/\" rel=\"attachment wp-att-3477\"><img loading=\"lazy\" decoding=\"async\" class=\"size-medium wp-image-3477\" src=\"http:\/\/kostolna.fara.sk\/wp-content\/uploads\/2018\/03\/IMG_20180123_1824151-300x225.jpg\" alt=\"\" width=\"300\" height=\"225\" \/><\/a><\/p>\n<p class=\"western\"><b>T\u00fd\u017ede\u0148 modlitieb v\u00a0atmosf\u00e9re priate\u013estva a \u00facty <\/b><\/p>\n<p class=\"western\">23. janu\u00e1ra 2018<\/p>\n<p class=\"western\">U\u017e sa stalo trad\u00edciou ekumenick\u00e9 stretnutie kres\u0165anov vo\u00a0farnosti Panny M\u00e1rie Ru\u017eencovej v Kostolnej pri Dunaji v\u00a0r\u00e1mci T\u00fd\u017ed\u0148a modlitieb za jednotu kres\u0165anov. <!--more-->Na tohtoro\u010dn\u00e9 stretnutie prijal pozv\u00e1nku miestneho far\u00e1ra Pavla Gajdo\u0161a far\u00e1r Reformovanej kres\u0165anskej cirkvi v\u00a0Jelke Tibor Kiss a\u00a0far\u00e1r Cirkevn\u00e9ho zboru Evanjelickej cirkvi a. v. Tibor Jan\u010d\u00edk.<\/p>\n<p class=\"western\">Po srde\u010dnom priv\u00edtan\u00ed host\u00ed sa veriacim vo farskom kostole najprv prihovoril Tibor Jan\u010d\u00edk. Vych\u00e1dzal z\u00a0prosby u\u010den\u00edkov, ktor\u00ed sa obr\u00e1tili na P\u00e1na Je\u017ei\u0161a prosbou: \u201ePane, prispor n\u00e1m viery.\u201c Ich prosba nebola zameran\u00e1 na posilnenie viery v\u00a0seba, ale v\u00a0Boha. Gr\u00e9cky v\u00fdraz pre vieru \u2013 <i>pisteuo<\/i> \u2013 neznamen\u00e1 iba vieru, ale aj d\u00f4veru. Teda veri\u0165 v\u00a0Boha znamen\u00e1 d\u00f4verova\u0165 mu. Keby sme mali vieru ako hor\u010di\u010dn\u00e9 semienko, teda keby sme d\u00f4verovali P\u00e1novi Je\u017ei\u0161ovi, veci v na\u0161om \u017eivote by sa uberali \u00faplne in\u00fdm smerom. \u201eNie s\u00fa v\u00a0na\u0161om \u017eivote probl\u00e9my ako vrchy, ktor\u00e9 sa n\u00e1m zdaj\u00fa obrovsk\u00e9, neprekonate\u013en\u00e9, priam ako Himal\u00e1je? Ak s\u00fa, nehovor Bohu, ak\u00fd ve\u013ek\u00fd je tvoj probl\u00e9m, ale hovor tvojmu probl\u00e9mu, ak\u00fd ve\u013ek\u00fd je tvoj Boh!\u201c<\/p>\n<p class=\"western\">Na t\u00e9mu o\u00a0viere nadviazal Tibor Ki\u0161\u0161 svojou k\u00e1z\u0148ou o\u00a0modlitbe. Okrem in\u00e9ho povedal: \u201eBol by som r\u00e1d, keby nikto z\u00a0tohto stretnutia neodch\u00e1dzal bez \u00fa\u017easu nad t\u00fdm, ak\u00fdm nesmiernym pokladom je modlitba a\u00a0ak\u00e9 horizonty pred nami otv\u00e1ra.\u201c Prav\u00e1 modlitba je v\u017edy rozhovorom, ktor\u00fd vych\u00e1dza zo srdca a v\u00a0ktorej je v\u017edy dos\u0165 pokory a\u00a0d\u00f4very. Ak\u00e9 poklady skr\u00fdva? Uzdravenie, o\u010distenie, oslobodenie a\u00a0spo\u010dinutie. \u010clovek, ktor\u00fd sa modl\u00ed, je v\u017edy bli\u017e\u0161ie k\u00a0uzdraveniu ako ten, kto modlitbu zo svojho \u017eivota vyl\u00fa\u010dil. Ten, kto sa modl\u00ed, o\u010dis\u0165uje svoje vn\u00fatro od n\u00e1nosov z\u00e1visti, nel\u00e1sky, \u017eiarlivosti, lebo pred Boha m\u00f4\u017eeme predst\u00fapi\u0165 iba s\u00a0\u00faprimn\u00fdm srdcom. Modlitba n\u00e1s oslobodzuje, tak ako oslobodila Petra z\u00a0v\u00e4zenia, ke\u010f mu z\u00a0r\u00fak a\u00a0n\u00f4h spadli re\u0165aze, ktor\u00fdmi bol sp\u00fatan\u00fd. A\u00a0napokon spo\u010dinutie najlep\u0161ie charakterizuj\u00fa August\u00ednove slov\u00e1: Nespokojn\u00e9 je na\u0161e srdce, Bo\u017ee, k\u00fdm nespo\u010dinie v\u00a0tebe. K\u00fdm nespo\u010dinieme v\u00a0Bohu, nikdy nedosiahneme pokoj, lebo st\u00e1le n\u00e1s bude nie\u010do znepokojova\u0165: minulos\u0165, ktor\u00fa u\u017e nem\u00f4\u017eeme zmeni\u0165, ale aj bud\u00facnos\u0165, na ktor\u00fa e\u0161te nem\u00e1me dosah.<\/p>\n<p class=\"western\">Miestny far\u00e1r Pavol Gajdo\u0161 n\u00e1sledne pozval host\u00ed na agap\u00e9 do pastora\u010dn\u00e9ho centra. V\u00a0priate\u013eskej atmosf\u00e9re a\u00a0pri bohato prestretom stole sa pr\u00edtomn\u00ed radi podelili o\u00a0svoje pocity. Sestry M\u00e1ria Szab\u00f3ov\u00e1 a\u00a0Magda Mikl\u00f3\u0161ov\u00e1 na margo stretnutia povedali: \u201eToto stretnutie n\u00e1s du\u0161evne nesmierne posilnilo. Je pravda, \u010do sme po\u010duli. Modlitba n\u00e1m skuto\u010dne d\u00e1va silu do v\u0161etk\u00fdch tr\u00e1pen\u00ed, starost\u00ed, upokojuje n\u00e1s. Sme v\u010fa\u010dn\u00e9 za vieru, v ktorej sme vyrastali, lebo ona n\u00e1m d\u00e1va silu prekon\u00e1va\u0165 ka\u017edodenn\u00e9 \u0165a\u017ekosti. Netreba myslie\u0165 na to, \u010do bolo a\u00a0\u010do bude, lebo tak by sme \u017eivot nezvl\u00e1dli.\u201c<\/p>\n<p class=\"western\">Marta \u0160\u00e1torov\u00e1 s\u00a0dojat\u00edm skon\u0161tatovala: \u201eU \u013eud\u00ed, ktor\u00ed s\u00fa bohabojn\u00ed, nez\u00e1le\u017e\u00ed na tom, k\u00a0akej denomin\u00e1cii patria. Pod\u013ea m\u0148a sp\u00e1su neprin\u00e1\u0161a n\u00e1bo\u017eenstvo, ale viera a\u00a0vz\u00e1jomn\u00e1 l\u00e1ska. A\u00a0ak sa milujeme navz\u00e1jom, nerob\u00edme rozdiely medzi \u010dlovekom a\u00a0\u010dlovekom.\u201c<\/p>\n<p class=\"western\">Tibor Ploczek sa vyznal: \u201eSom veriaci \u010dlovek, ver\u00edm v\u00a0Boha od detstva a v\u017edy som sa modlieval. Ke\u010f som sa postupne dost\u00e1val do kontaktu s\u00a0vedou, v\u017edy ma poznanie posil\u0148ovalo vo viere. A\u00a0tak sa e\u0161te aj dnes div\u00edm, ako je to mo\u017en\u00e9, \u017ee rozumn\u00ed, vzdelan\u00ed \u013eudia neveria v\u00a0Boha a\u00a0ak\u00e9 naivn\u00e9 m\u00f4\u017eu by\u0165 ich n\u00e1bo\u017eensk\u00e9 predstavy.\u201c<\/p>\n<p class=\"western\">Starosta obce Hrub\u00fd \u0160\u00far Ladislav Gujber vyjadril rados\u0165: \u201eJe v\u00fdborn\u00e9, \u017ee m\u00e1me mo\u017enos\u0165 stretn\u00fa\u0165 sa v\u0161etci: katol\u00edci, evanjelici i reformovan\u00ed, Ma\u010fari i\u00a0Slov\u00e1ci, \u010di u\u017e v\u00a0Kostolnej, alebo v\u00a0\u0160\u00fari. Bo\u017e\u00ed dom je len jeden a\u00a0v\u0161etci do\u0148 patr\u00edme ako Bo\u017eie deti.\u201c<\/p>\n<p class=\"western\">Pr\u00edtomn\u00ed vo svojich rozhovoroch vyjadrovali uznanie a v\u010fa\u010dnos\u0165 miestnemu far\u00e1rovi Pavlovi Gajdo\u0161ovi, ktor\u00fd s\u00a0nesmiernou obetavos\u0165ou vyu\u017e\u00edva ka\u017ed\u00fa pr\u00edle\u017eitos\u0165 na utu\u017eenie medzi\u013eudsk\u00fdch vz\u0165ahov a\u00a0posil\u0148ovanie viery u\u00a0zveren\u00fdch veriacich.<\/p>\n<p>&nbsp;<\/p>\n<p><a href=\"https:\/\/photos.app.goo.gl\/m3I6Uc1TLVIVZijr2\" target=\"_blank\" rel=\"noopener noreferrer\">Fotky\/K\u00e9pek<\/a><\/p>\n<p>&nbsp;<\/p>\n<p class=\"western\" lang=\"hu-HU\">Imah\u00e9t a\u00a0bar\u00e1ts\u00e1g \u00e9s tisztelet jegy\u00e9ben<\/p>\n<p class=\"western\" align=\"justify\"><span lang=\"hu-HU\"><i>M\u00e1r hagyom\u00e1nny\u00e1 v\u00e1lt pl\u00e9b\u00e1niak\u00f6zs\u00e9g\u00fcnkben a kereszt\u00e9nyek egys\u00e9g\u00e9\u00e9rt megrendezett imah\u00e9t keret\u00e9ben az \u00f6kumenikus tal\u00e1lkoz\u00f3, melyen <\/i><\/span><span lang=\"hu-HU\">Gajdo\u0161 P\u00e1l<\/span><span lang=\"hu-HU\"><i> pl\u00e9b\u00e1nos megh\u00edv\u00e1s\u00e1t elfogadva az id\u00e9n r\u00e9szt vett \u2013 ez\u00fattal janu\u00e1r 23-\u00e1n a pl\u00e9b\u00e1niatemplomban \u2013 <\/i><\/span><span lang=\"hu-HU\">Kiss Tibor<\/span><span lang=\"hu-HU\"><i> j\u00f3kai reform\u00e1tus lelk\u00e9sz \u00e9s <\/i><\/span><span lang=\"hu-HU\">Tibor Jan\u010d\u00edk<\/span><span lang=\"hu-HU\"><i> evang\u00e9likus lelkip\u00e1sztor. <\/i><\/span><\/p>\n<p class=\"western\" align=\"justify\"><span lang=\"hu-HU\"> A vend\u00e9gek \u00fcdv\u00f6zl\u00e9se ut\u00e1n el\u0151sz\u00f6r Tibor Jan\u010d\u00edk sz\u00f3lt a h\u00edvekhez. Az apostolok k\u00e9r\u00e9s\u00e9vel ind\u00edtott, akik \u00edgy fordultak az \u00dar J\u00e9zushoz: \u201eN\u00f6veld benn\u00fcnk a hitet.\u201d K\u00e9r\u00e9s\u00fck nem a saj\u00e1t magukban val\u00f3 hit meger\u0151s\u00edt\u00e9s\u00e9re ir\u00e1nyult, hanem az Istenben val\u00f3 hit n\u00f6vel\u00e9s\u00e9re. A <\/span><span lang=\"hu-HU\"><i>pisteuo<\/i><\/span><span lang=\"hu-HU\"> g\u00f6r\u00f6g kifejez\u00e9s nemcsak hitet, hanem bizalmat is jelent. Vagyis hinni Istenben annyit tesz, mint b\u00edzni benne. Ha csak akkora hit\u00fcnk lenne, mint a must\u00e1rmag, azaz ha b\u00edzn\u00e1nk az \u00dar J\u00e9zusban, \u00e9let\u00fcnk dolgai teljesen m\u00e1s ir\u00e1nyt venn\u00e9nek. \u201eVajon a probl\u00e9m\u00e1k az \u00e9let\u00fcnkben nem olyanok-e, mint a hegyek, melyek \u00f3ri\u00e1sinak, lek\u00fczdhetetlennek t\u0171nnek, ak\u00e1r a Himal\u00e1ja? Ha igen, ne Istennek mondd, milyen nagy a probl\u00e9m\u00e1d, hanem a probl\u00e9m\u00e1nak mondd, hogy milyen nagy a te Istened!\u201d<\/span><\/p>\n<p class=\"western\" align=\"justify\"><span lang=\"hu-HU\"> A hit t\u00e9m\u00e1j\u00e1hoz kapcsol\u00f3dott Kiss Tibor besz\u00e9de is az im\u00e1r\u00f3l. T\u00f6bbek k\u00f6zt ezt mondta: \u201eNagyon \u00f6r\u00fcln\u00e9k, ha err\u0151l a tal\u00e1lkoz\u00f3r\u00f3l senki sem menne an\u00e9lk\u00fcl haza, hogy nem t\u00f6lti el \u00e1mulattal, milyen m\u00e9rhetetlen kincs is az ima, s milyen horizontokat nyit meg el\u0151tt\u00fcnk.\u201d Az igazi ima mindig p\u00e1rbesz\u00e9d, amely a sz\u00edvb\u0151l j\u00f6n, mindig el\u00e9g al\u00e1zat \u00e9s bizalom van benne. Hogy milyen kincseket rejt? Gy\u00f3gyul\u00e1st, megtisztul\u00e1st, szabadul\u00e1st \u00e9s megnyugv\u00e1st. Az az ember, aki im\u00e1dkozik, mindig k\u00f6zelebb van a gy\u00f3gyul\u00e1shoz, mint az, aki kiz\u00e1rta \u00e9let\u00e9b\u0151l az im\u00e1t. Aki im\u00e1dkozik, megtiszt\u00edtja lelk\u00e9t a r\u00e1rak\u00f3dott irigys\u00e9gt\u0151l, szeretetlens\u00e9gt\u0151l, f\u00e9lt\u00e9kenys\u00e9gt\u0151l, mert Isten el\u00e9 csak \u0151szinte sz\u00edvvel j\u00e1rulhatunk. Az ima megszabad\u00edt minket, mint ahogy P\u00e9tert is kiszabad\u00edtotta a b\u00f6rt\u00f6nb\u0151l, mikor kez\u00e9r\u0151l \u00e9s l\u00e1b\u00e1r\u00f3l lehullottak a l\u00e1ncok. V\u00e9g\u00fcl pedig a megnyugv\u00e1st legjobban \u00c1goston szavai jellemzik: Nyugtalan a mi sz\u00edv\u00fcnk, m\u00edg meg nem nyugszik benned, Uram. Addig, m\u00edg meg nem nyugszunk Istenben, sosem lel\u00fcnk b\u00e9k\u00e9re, mert mindig valami nyugtalan\u00edtani fog: a m\u00falt, melyet m\u00e1r nem tudunk megv\u00e1ltoztatni, de a j\u00f6v\u0151 is, amely m\u00e9g nem el\u00e9rhet\u0151 sz\u00e1munkra.<\/span><\/p>\n<p class=\"western\" align=\"justify\"><span lang=\"hu-HU\"> Ezek ut\u00e1n Gajdo\u0161 P\u00e1l pl\u00e9b\u00e1nos atya agap\u00e9ra h\u00edvta a vend\u00e9geket a pasztor\u00e1ci\u00f3s k\u00f6zpontba. Bar\u00e1ts\u00e1gos hangulatban a gazdagon megter\u00edtett asztaln\u00e1l a jelenl\u00e9v\u0151k sz\u00edvesen megosztott\u00e1k benyom\u00e1saikat. <\/span><span lang=\"hu-HU\"><i>Szab\u00f3 M\u00e1ria<\/i><\/span><span lang=\"hu-HU\"> \u00e9s <\/span><span lang=\"hu-HU\"><i>Mikl\u00f3\u0161 Magda<\/i><\/span><span lang=\"hu-HU\"> n\u0151v\u00e9rek a tal\u00e1lkoz\u00f3 marg\u00f3j\u00e1ra ezt mondt\u00e1k: \u201eEz a tal\u00e1lkoz\u00f3 lelkileg m\u00e9rhetetlen\u00fcl meger\u0151s\u00edtett minket. Igaz, amit hallottunk. Az ima val\u00f3ban er\u0151t ad minden szenved\u00e9s \u00e9s gond elvisel\u00e9s\u00e9re, \u00e9s megnyugtat. H\u00e1l\u00e1sak vagyunk a hit\u00e9rt, amelyben feln\u0151tt\u00fcnk, mert az adja meg az er\u0151t a mindennapi neh\u00e9zs\u00e9gek lek\u00fczd\u00e9s\u00e9re. Nem kell arra gondolni, ami volt, \u00e9s ami lesz, mert \u00fagy nem b\u00edrn\u00e1nk ki.\u201d<\/span><\/p>\n<p class=\"western\" align=\"justify\"><span lang=\"hu-HU\"><i>\u0160\u00e1tor M\u00e1rta<\/i><\/span><span lang=\"hu-HU\"> meghat\u00f3dva \u00e1llap\u00edtotta meg: \u201eAz istenf\u00e9l\u0151 emberekn\u00e9l nem sz\u00e1m\u00edt, milyen felekezethez tartoznak. Szerintem az \u00fcdv\u00f6ss\u00e9get nem a vall\u00e1s, hanem a hit \u00e9s a k\u00f6lcs\u00f6n\u00f6s szeretet \u00e1ltal lehet elnyerni. Ha szeretj\u00fck egym\u00e1st, nem tesz\u00fcnk k\u00fcl\u00f6nbs\u00e9get ember \u00e9s ember k\u00f6z\u00f6tt.\u201d<\/span><\/p>\n<p class=\"western\" align=\"justify\"><span lang=\"hu-HU\"><i>Ploczek Tibor<\/i><\/span><span lang=\"hu-HU\"> \u00edgy vallott: \u201eH\u00edv\u0151 ember vagyok, gyerekkoromt\u00f3l hiszek Istenben, \u00e9s mindig im\u00e1dkoztam. Mikor fokozatosan kapcsolatba ker\u00fcltem a tudom\u00e1nnyal, a felismer\u00e9s mindig meger\u0151s\u00edtett a hitben. Ez\u00e9rt ma is csod\u00e1lkozom, hogyan lehets\u00e9ges, hogy \u00e9rtelmes, m\u0171velt emberek nem hisznek Istenben, s hogy milyen naiv vall\u00e1sos elk\u00e9pzel\u00e9seik lehetnek.\u201d <\/span><\/p>\n<p class=\"western\" align=\"justify\"><span lang=\"hu-HU\"><i>Gujber L\u00e1szl\u00f3<\/i><\/span><span lang=\"hu-HU\">, Hegys\u00far polg\u00e1rmestere \u00f6r\u00f6m\u00e9t fejezte ki: \u201eRendk\u00edv\u00fcl j\u00f3, hogy alkalmunk van mindannyiunknak tal\u00e1lkozni: katolikusoknak, evang\u00e9likusoknak \u00e9s reform\u00e1tusoknak, magyaroknak \u00e9s szlov\u00e1koknak egyar\u00e1nt, ak\u00e1r Egyh\u00e1zf\u00e1n ak\u00e1r S\u00faron. Isten egyetlen h\u00e1z\u00e1ba tartozunk, mert az \u0151 gyermekei vagyunk,\u201d<\/span><\/p>\n<p class=\"western\" align=\"justify\"><span lang=\"hu-HU\">A besz\u00e9lget\u00e9sek sor\u00e1n a jelenl\u00e9v\u0151k elismer\u00e9s\u00fcket \u00e9s h\u00e1l\u00e1jukat fejezt\u00e9k ki a pl\u00e9b\u00e1nos aty\u00e1nak, aki m\u00e9rhetetlen \u00e1ldozatk\u00e9szs\u00e9ggel megragad minden lehet\u0151s\u00e9get az emberi kapcsolatok felfriss\u00edt\u00e9s\u00e9re \u00e9s a r\u00e1b\u00edzott h\u00edvek hit\u00e9nek megszil\u00e1rd\u00edt\u00e1s\u00e1ra. <\/span><\/p>\n<p class=\"western\" align=\"right\">Al\u017ebeta \u0160uplatov\u00e1<\/p>\n","protected":false},"excerpt":{"rendered":"<p>T\u00fd\u017ede\u0148 modlitieb v\u00a0atmosf\u00e9re priate\u013estva a \u00facty 23. janu\u00e1ra 2018 U\u017e sa stalo trad\u00edciou ekumenick\u00e9 stretnutie kres\u0165anov vo\u00a0farnosti Panny M\u00e1rie Ru\u017eencovej v Kostolnej pri Dunaji v\u00a0r\u00e1mci T\u00fd\u017ed\u0148a modlitieb za jednotu kres\u0165anov.<\/p>\n","protected":false},"author":1,"featured_media":3477,"comment_status":"closed","ping_status":"closed","sticky":false,"template":"","format":"standard","meta":{"footnotes":""},"categories":[4,6,7],"tags":[22,24,27],"class_list":{"0":"entry","1":"post","2":"publish","3":"author-marian-jasenoveceltras-sk","4":"has-excerpt","5":"has-more-link","6":"post-3458","8":"format-standard","9":"has-post-thumbnail","10":"category-akcie","11":"category-aktuality-sk","12":"category-casopis","13":"post_tag-akcie","14":"post_tag-aktuality","15":"post_tag-casopis"},"_links":{"self":[{"href":"https:\/\/www.farakostolna.sk\/index.php?rest_route=\/wp\/v2\/posts\/3458","targetHints":{"allow":["GET"]}}],"collection":[{"href":"https:\/\/www.farakostolna.sk\/index.php?rest_route=\/wp\/v2\/posts"}],"about":[{"href":"https:\/\/www.farakostolna.sk\/index.php?rest_route=\/wp\/v2\/types\/post"}],"author":[{"embeddable":true,"href":"https:\/\/www.farakostolna.sk\/index.php?rest_route=\/wp\/v2\/users\/1"}],"replies":[{"embeddable":true,"href":"https:\/\/www.farakostolna.sk\/index.php?rest_route=%2Fwp%2Fv2%2Fcomments&post=3458"}],"version-history":[{"count":0,"href":"https:\/\/www.farakostolna.sk\/index.php?rest_route=\/wp\/v2\/posts\/3458\/revisions"}],"wp:featuredmedia":[{"embeddable":true,"href":"https:\/\/www.farakostolna.sk\/index.php?rest_route=\/"}],"wp:attachment":[{"href":"https:\/\/www.farakostolna.sk\/index.php?rest_route=%2Fwp%2Fv2%2Fmedia&parent=3458"}],"wp:term":[{"taxonomy":"category","embeddable":true,"href":"https:\/\/www.farakostolna.sk\/index.php?rest_route=%2Fwp%2Fv2%2Fcategories&post=3458"},{"taxonomy":"post_tag","embeddable":true,"href":"https:\/\/www.farakostolna.sk\/index.php?rest_route=%2Fwp%2Fv2%2Ftags&post=3458"}],"curies":[{"name":"wp","href":"https:\/\/api.w.org\/{rel}","templated":true}]}}