{"id":3420,"date":"2018-01-29T15:25:52","date_gmt":"2018-01-29T15:25:52","guid":{"rendered":"http:\/\/kostolna.fara.sk\/?p=3420"},"modified":"2018-01-29T15:25:52","modified_gmt":"2018-01-29T15:25:52","slug":"povzbudenia-z-modlitboveho-trojdnia-4","status":"publish","type":"post","link":"https:\/\/www.farakostolna.sk\/?p=3420","title":{"rendered":"Povzbudenia z modlitbov\u00e9ho trojdnia"},"content":{"rendered":"<p>\t\t\t\t<span style=\"font-family: Cambria, serif;\"><b><a href=\"http:\/\/kostolna.fara.sk\/povzbudenia-z-modlitboveho-trojdnia-4\/img_20180128_160305\/\" rel=\"attachment wp-att-3421\"><img loading=\"lazy\" decoding=\"async\" class=\"size-medium wp-image-3421 alignleft\" src=\"http:\/\/kostolna.fara.sk\/wp-content\/uploads\/2018\/02\/IMG_20180128_160305-225x300.jpg\" alt=\"\" width=\"225\" height=\"300\" \/><\/a>Zamyslenia z janu\u00e1rov\u00e9ho trojdnia<\/b><\/span><\/p>\n<p><a name=\"_GoBack\"><\/a> <span style=\"font-family: Cambria, serif;\">Ke\u010f\u017ee v\u00a0na\u0161ej farnosti \u00faspe\u0161ne funguje nieko\u013eko akt\u00edvnych modlitbov\u00fdch spolo\u010denstiev skupiny Modlitby matiek, hne\u010f v\u00a0janu\u00e1ri (26. \u2013 28. 1. 2018) sme sa \u00faspe\u0161ne zapojili do v\u0161etk\u00fdch troch dn\u00ed modlitbov\u00e9ho trojdnia.<!--more--> Na povzbudenie a\u00a0in\u0161pir\u00e1ciu v\u00a0duchovnej oblasti posielame zamyslenia nad \u00faryvkami z\u00a0P\u00edsma, nad ktor\u00fdmi sme rozj\u00edmali po\u010das stretnut\u00ed pred Sviatos\u0165ou Olt\u00e1rnou.<\/span><\/p>\n<p><span style=\"font-family: Times New Roman, serif;\"><span style=\"font-size: medium;\"><span style=\"font-family: Cambria, serif;\"><span style=\"font-size: small;\"><b>Piatok 26. janu\u00e1ra 2018, Hrub\u00fd \u0160\u00far<\/b><\/span><\/span><span style=\"color: #222222;\"><span style=\"font-family: Cambria, serif;\"><span style=\"font-size: small;\"><b>, \u017dalm 32<\/b><\/span><\/span><\/span><\/span><\/span><\/p>\n<p><span style=\"color: #222222;\">\u201e<span style=\"font-family: Times New Roman, serif;\"><span style=\"font-size: medium;\"><span style=\"font-family: Cambria, serif;\"><span style=\"font-size: small;\"><i>Bla\u017een\u00fd, komu sa odpustila nepr\u00e1vos\u0165 a je osloboden\u00fd od hriechu. Bla\u017een\u00fd \u010dlovek, ktor\u00e9mu P\u00e1n vinu nepripo\u010d\u00edta a\u00a0v ktor\u00e9ho mysli niet podvodu. Preto\u017ee som ml\u010dal, chradli mi kosti a cel\u00fd de\u0148 som nariekal. Ve\u010f vo dne i\u00a0v noci doliehala na m\u0148a tvoja ruka a ako v letn\u00fdch p\u00e1\u013eav\u00e1ch vysychala mi sila. Vyznal som sa ti zo svojho hriechu a nezatajil som svoj priestupok. Povedal som si:\u00a0\u201eVyzn\u00e1m P\u00e1novi svoju nepr\u00e1vos\u0165.\u201c A ty si mi odpustil zlobu m\u00f4jho hriechu. Preto ka\u017ed\u00fd n\u00e1bo\u017en\u00fd bude sa modli\u0165 k\u00a0tebe v \u010dase tiesne. A z\u00e1plavy ve\u013ek\u00fdch v\u00f4d sa k nemu nepribl\u00ed\u017eia. Ty si moje \u00fato\u010di\u0161te, ochr\u00e1ni\u0161 ma pred s\u00fa\u017een\u00edm; zahrnie\u0161 ma rados\u0165ou zo sp\u00e1sy.\u201c<\/i><\/span><\/span><\/span><\/span><\/span><\/p>\n<p><span style=\"font-family: Times New Roman, serif;\"><span style=\"font-size: medium;\"><span style=\"color: #222222;\"><span style=\"font-family: Cambria, serif;\"><span style=\"font-size: small;\">Sme pozvan\u00ed v tichosti poveda\u0165 svojmu Je\u017ei\u0161ovi \u201eprep\u00e1\u010d\u201c a \u201e\u010fakujem, \u017ee mi odp\u00fa\u0161\u0165a\u0161 st\u00e1le znova a op\u00e4\u0165.\u201c Ve\u010f ku komu by sme \u0161li! Ko\u013ek\u00e1 to rados\u0165 a\u00a0n\u00e1dej&#8230;<\/span><\/span><\/span><\/span><\/span><\/p>\n<p><span style=\"font-family: Times New Roman, serif;\"><span style=\"font-size: medium;\"><span style=\"color: #222222;\"><span style=\"font-family: Cambria, serif;\"><span style=\"font-size: small;\">Sk\u00fasme zahodi\u0165 znechutenie zo seba, in\u00fdch, ak\u00fako\u013evek prek\u00e1\u017eku mu prednesme v d\u00f4vere o pomoc, ako sv\u00e4t\u00fd Pavol p\u00ed\u0161e v 2. Liste Korin\u0165anom (9), ale on mi povedal: \u201eSta\u010d\u00ed ti moja milos\u0165, lebo sila sa dokonale prejavuje v slabosti.\u201c Denne pad\u00e1me, ale to nevad\u00ed, aj ke\u010f svet to vn\u00edma inak. No On n\u00e1s t\u00fdm u\u010d\u00ed pokore, s N\u00edm m\u00f4\u017eeme i vst\u00e1va\u0165, st\u00e1le nanovo a v d\u00f4vere sa u\u010di\u0165, \u017ee On sa star\u00e1 a chce to najlep\u0161ie pre n\u00e1s, aj ke\u010f sa n\u00e1m to tak nezd\u00e1.<\/span><\/span><\/span><\/span><\/span><\/p>\n<p><span style=\"font-family: Times New Roman, serif;\"><span style=\"font-size: medium;\"><span style=\"color: #222222;\"><span style=\"font-family: Cambria, serif;\"><span style=\"font-size: small;\">A tak sa vz\u00e1jomne povzbudzujme a nasledujme n\u00e1\u0161ho U\u010dite\u013ea s pomocou Panny M\u00e1rie a sv\u00e4t\u00fdch.<\/span><\/span><\/span><\/span><\/span><\/p>\n<p><span style=\"font-family: Times New Roman, serif;\"><span style=\"font-size: medium;\"><span style=\"color: #222222;\"><span style=\"font-family: Cambria, serif;\"><span style=\"font-size: small;\">Spolo\u010dne sa modlime o vytrvalos\u0165 vo viere a\u017e do konca. Nech pr\u00fadia milosti do na\u0161ich s\u0155dc!<\/span><\/span><\/span><\/span><\/span><\/p>\n<p><span style=\"font-family: Times New Roman, serif;\"><span style=\"font-size: medium;\"><span style=\"font-family: Cambria, serif;\"><span style=\"font-size: small;\"><b>Sobota 27. janu\u00e1ra 2018, Hrub\u00e1 Bor\u0161a<\/b><\/span><\/span><span style=\"color: #222222;\"><span style=\"font-family: Cambria, serif;\"><span style=\"font-size: small;\"><b>, Lk 6, 27-36<\/b><\/span><\/span><\/span><\/span><\/span><\/p>\n<p><span style=\"color: #000000;\">\u201e<span style=\"font-family: Cambria, serif;\"><i>No v\u00e1m, \u010do ma po\u010d\u00favate, hovor\u00edm: Milujte svojich nepriate\u013eov! Robte dobre t\u00fdm, ktor\u00ed v\u00e1s nen\u00e1vidia. \u017dehnajte t\u00fdch, ktor\u00ed v\u00e1m zlore\u010dia a modlite sa za t\u00fdch, ktor\u00ed v\u00e1s potupuj\u00fa. Tomu, kto \u0165a udrie po l\u00edci, nastav aj druh\u00e9. A tomu, \u010do ti berie pl\u00e1\u0161\u0165, neodopri ani \u0161aty. Ka\u017ed\u00e9mu, kto \u0165a pros\u00ed, daj a nevym\u00e1haj od tak\u00e9ho, kto ti nie\u010do vzal. Ako chcete, aby \u013eudia robili v\u00e1m, tak robte aj vy im! Keby ste milovali len t\u00fdch, \u010do v\u00e1s miluj\u00fa, ak\u00fa v\u010faku si zasl\u00fa\u017eite? Ve\u010f aj hrie\u0161nici miluj\u00fa t\u00fdch, ktor\u00ed ich miluj\u00fa. Ve\u010f keby ste robili dobre len t\u00fdm, \u010do v\u00e1m dobre robia, ak\u00fa v\u010faku si zasl\u00fa\u017eite? Ve\u010f to ist\u00e9 robia aj hrie\u0161nici. Keby ste po\u017ei\u010diavali t\u00fdm, od ktor\u00fdch o\u010dak\u00e1vate, \u017ee v\u00e1m to vr\u00e1tia, ak\u00fa v\u010faku si zasl\u00fa\u017eite? Aj hrie\u0161nici po\u017ei\u010diavaj\u00fa hrie\u0161nikom, aby to zasa dostali sp\u00e4\u0165. Ale milujte svojich nepriate\u013eov! Robte im dobre! Po\u017ei\u010diavajte a ni\u010d za to ne\u010dakajte! Tak bude hojn\u00e1 va\u0161a odmena a budete synmi Najvy\u0161\u0161ieho, lebo on je dobr\u00fd aj k nev\u010fa\u010dn\u00fdm a zl\u00fdm. Bu\u010fte milosrdn\u00ed, ako je milosrdn\u00fd aj v\u00e1\u0161 Otec.\u201c<\/i><\/span><\/span><\/p>\n<p><span style=\"font-family: Cambria, serif;\">Ako \u0165a\u017eko sa po\u010d\u00favaj\u00fa slov\u00e1 kritiky a ako \u0165a\u017eko prij\u00edmame rady do \u017eivota od in\u00fdch \u013eud\u00ed\u2026 Ale P\u00e1n Je\u017ei\u0161 je s\u00e1m Boh pribl\u00ed\u017een\u00fd k \u010dloveku ako vern\u00fd priate\u013e preb\u00fdvaj\u00faci v samotnom srdci \u010dloveka &#8211; n\u00e1\u0161 vn\u00fatorn\u00fd svet &#8211; aj ten vonkaj\u0161\u00ed &#8211; dokonale pozn\u00e1 a neboj\u00ed sa d\u00e1va\u0165 n\u00e1m rady z l\u00e1sky pre \u017eivot pln\u00fd radosti, \u0161\u0165astia a blahobytu. Ve\u010f On m\u00e1 slov\u00e1 ve\u010dn\u00e9ho \u017eivota a iba na n\u00e1s z\u00e1le\u017e\u00ed, ako sa im otvor\u00edme, ak\u00ed budeme posluch\u00e1\u010di. M\u00e1me milova\u0165 t\u00fdch, \u010do n\u00e1m ubli\u017euj\u00fa? \u00c1no! M\u00e1me d\u00e1va\u0165 a po\u017ei\u010diava\u0165 nezi\u0161tne ka\u017ed\u00e9mu? \u00c1no! Nem\u00e1me sa s\u00fadi\u0165 o mat\u00e9rie? Nem\u00e1me! Je\u017ei\u0161ove slov\u00e1 s\u00fa jasn\u00e9. Zaiste je to \u0165a\u017e\u0161ie uskuto\u010dni\u0165, ale s Bohom je v\u0161etko mo\u017en\u00e9. On n\u00e1s chce oslobodi\u0165\u2026 Oslobodi\u0165 od strachu, hnevu, z\u00e1visti a v\u0161etk\u00e9ho, \u010do \u010dloveka a jeho du\u0161u zab\u00edja a zotro\u010duje.<\/span><\/p>\n<p><span style=\"font-family: Times New Roman, serif;\"><span style=\"font-size: medium;\"><span style=\"font-family: Cambria, serif;\"><span style=\"font-size: small;\"><b>Nede\u013ea 28. janu\u00e1ra 2018, Kostoln\u00e1 pri Dunaji<\/b><\/span><\/span><span style=\"color: #222222;\"><span style=\"font-family: Cambria, serif;\"><span style=\"font-size: small;\"><b>, Flp 4, 4-7<\/b><\/span><\/span><\/span><\/span><\/span><\/p>\n<p><span style=\"color: #222222;\">\u201e<span style=\"font-family: Times New Roman, serif;\"><span style=\"font-size: medium;\"><span style=\"font-family: Cambria, serif;\"><span style=\"font-size: small;\"><i>Ustavi\u010dne sa radujte v P\u00e1novi! Opakujem: Radujte sa! Va\u0161a miernos\u0165 nech je zn\u00e1ma v\u0161etk\u00fdm \u013eu\u010fom. P\u00e1n je bl\u00edzko. O ni\u010d nebu\u010fte ustarosten\u00ed. Ale vo v\u0161etkom modlitbou, prosbou a so vzd\u00e1van\u00edm v\u010faky predn\u00e1\u0161ajte svoje \u017eiadosti Bohu. A Bo\u017e\u00ed pokoj, ktor\u00fd prevy\u0161uje ka\u017ed\u00fa ch\u00e1pavos\u0165, uchr\u00e1ni va\u0161e srdcia a va\u0161e mysle v Kristovi Je\u017ei\u0161ovi.\u201c\u00a0<\/i><\/span><\/span><\/span><\/span><\/span><\/p>\n<p><span style=\"font-family: Times New Roman, serif;\"><span style=\"font-size: medium;\"><span style=\"color: #222222;\"><span style=\"font-family: Cambria, serif;\"><span style=\"font-size: small;\">Vraj sa m\u00e1me radova\u0165. A Pavol n\u00e1m to pr\u00edzvukuje e\u0161te raz, aby sme to n\u00e1hodou neprepo\u010duli \u2013 radujte sa. Mo\u017eno to opakuje pr\u00e1ve preto, \u017ee nejde len o t\u00fa prirodzen\u00fa rados\u0165, ktor\u00fa automaticky poci\u0165ujeme, ke\u010f n\u00e1m je dobre, ke\u010f nie\u010do v\u00fdhodne k\u00fapime, ke\u010f je po\u010dasie presne tak\u00e9, ako sme d\u00fafali, \u017ee bude, ke\u010f deti prines\u00fa dobr\u00e9 zn\u00e1mky, ke\u010f sme zdrav\u00ed&#8230; Lebo v t\u00fdchto situ\u00e1ci\u00e1ch sa nepotrebujeme \u201en\u00fati\u0165\u201c by\u0165 vesel\u00ed. No Pavol hovor\u00ed, \u017ee sa m\u00e1me radova\u0165 ustavi\u010dne. To znamen\u00e1 nielen, ke\u010f ide v\u0161etko \u013eahko. Preto n\u00e1m to toti\u017e opakuje. \u017de hal\u00f3, v\u00e1\u017een\u00ed, mysl\u00edm to v\u00e1\u017ene, naozaj &#8211; radujte sa st\u00e1le. Aj ke\u010f sa top\u00edte v probl\u00e9moch, ke\u010f zdravie pokrivk\u00e1va, ke\u010f na\u0161e deti nie s\u00fa tak\u00e9, ako sme si predstavovali \u010di na\u0161e vz\u0165ahy maj\u00fa \u010faleko od t\u00fdch \u0161\u0165astn\u00fdch&#8230; \u017de je to \u013eudsky nemo\u017en\u00e9, Pavol ve\u013emi dobre vie. Jeho recept na ustavi\u010dn\u00fa rados\u0165 je toti\u017e v ruk\u00e1ch Bo\u017e\u00edch \u2013 v\u0161etko n\u00e1m odpor\u00fa\u010da predn\u00e1\u0161a\u0165 Bohu s prosbou a v\u010fakou v modlitbe.<\/span><\/span><\/span><span style=\"color: #222222;\"><span style=\"font-family: Cambria, serif;\"><span style=\"font-size: small;\"> A\u00a0my spolu s\u00a0Pavlom ver\u00edm, <\/span><\/span><\/span><span style=\"color: #222222;\"><span style=\"font-family: Cambria, serif;\"><span style=\"font-size: small;\">\u017ee vtedy n\u00e1m d\u00e1\u0161 za\u017ei\u0165 rados\u0165 a pokoj, ktor\u00e9 presahuj\u00fa na\u0161u logiku i ch\u00e1panie.<\/span><\/span><\/span><\/span><\/span><\/p>\n<p><a href=\"https:\/\/photos.app.goo.gl\/Z9QpJp2YXIwXOwE43\" target=\"_blank\" rel=\"noopener noreferrer\">Fotky<\/a><\/p>\n<p><span style=\"font-family: Cambria, serif;\">mamy z MM<\/span>\t\t\t\t<\/p>\n","protected":false},"excerpt":{"rendered":"<p>Zamyslenia z janu\u00e1rov\u00e9ho trojdnia Ke\u010f\u017ee v\u00a0na\u0161ej farnosti \u00faspe\u0161ne funguje nieko\u013eko akt\u00edvnych modlitbov\u00fdch spolo\u010denstiev skupiny Modlitby matiek, hne\u010f v\u00a0janu\u00e1ri (26. \u2013 28. 1. 2018) sme sa \u00faspe\u0161ne zapojili do v\u0161etk\u00fdch troch dn\u00ed modlitbov\u00e9ho trojdnia.<\/p>\n","protected":false},"author":1,"featured_media":3421,"comment_status":"closed","ping_status":"closed","sticky":false,"template":"","format":"standard","meta":{"footnotes":""},"categories":[4,6],"tags":[22,24],"class_list":{"0":"entry","1":"post","2":"publish","3":"author-marian-jasenoveceltras-sk","4":"has-excerpt","5":"has-more-link","6":"post-3420","8":"format-standard","9":"has-post-thumbnail","10":"category-akcie","11":"category-aktuality-sk","12":"post_tag-akcie","13":"post_tag-aktuality"},"_links":{"self":[{"href":"https:\/\/www.farakostolna.sk\/index.php?rest_route=\/wp\/v2\/posts\/3420","targetHints":{"allow":["GET"]}}],"collection":[{"href":"https:\/\/www.farakostolna.sk\/index.php?rest_route=\/wp\/v2\/posts"}],"about":[{"href":"https:\/\/www.farakostolna.sk\/index.php?rest_route=\/wp\/v2\/types\/post"}],"author":[{"embeddable":true,"href":"https:\/\/www.farakostolna.sk\/index.php?rest_route=\/wp\/v2\/users\/1"}],"replies":[{"embeddable":true,"href":"https:\/\/www.farakostolna.sk\/index.php?rest_route=%2Fwp%2Fv2%2Fcomments&post=3420"}],"version-history":[{"count":0,"href":"https:\/\/www.farakostolna.sk\/index.php?rest_route=\/wp\/v2\/posts\/3420\/revisions"}],"wp:featuredmedia":[{"embeddable":true,"href":"https:\/\/www.farakostolna.sk\/index.php?rest_route=\/"}],"wp:attachment":[{"href":"https:\/\/www.farakostolna.sk\/index.php?rest_route=%2Fwp%2Fv2%2Fmedia&parent=3420"}],"wp:term":[{"taxonomy":"category","embeddable":true,"href":"https:\/\/www.farakostolna.sk\/index.php?rest_route=%2Fwp%2Fv2%2Fcategories&post=3420"},{"taxonomy":"post_tag","embeddable":true,"href":"https:\/\/www.farakostolna.sk\/index.php?rest_route=%2Fwp%2Fv2%2Ftags&post=3420"}],"curies":[{"name":"wp","href":"https:\/\/api.w.org\/{rel}","templated":true}]}}