{"id":3396,"date":"2017-12-09T21:20:24","date_gmt":"2017-12-09T21:20:24","guid":{"rendered":"http:\/\/kostolna.fara.sk\/?p=3396"},"modified":"2017-12-09T21:20:24","modified_gmt":"2017-12-09T21:20:24","slug":"sv-mikulas-2017","status":"publish","type":"post","link":"https:\/\/www.farakostolna.sk\/?p=3396","title":{"rendered":"Sv.Mikul\u00e1\u0161 2017"},"content":{"rendered":"<p>\t\t\t\t<a href=\"http:\/\/kostolna.fara.sk\/sv-mikulas-2017\/p1000086-7\/\" rel=\"attachment wp-att-3397\"><img loading=\"lazy\" decoding=\"async\" class=\"size-medium wp-image-3397 alignleft\" src=\"http:\/\/kostolna.fara.sk\/wp-content\/uploads\/2017\/12\/P1000086-7-300x225.jpg\" alt=\"\" width=\"300\" height=\"225\" \/><\/a>December je mesiac pln\u00fd radost\u00ed a\u00a0prekvapen\u00ed nielen pre dospel\u00fdch, ale hlavne pre deti. <!--more-->Cel\u00e9 na\u0161e o\u010dak\u00e1vanie na narodenie mal\u00e9ho Je\u017ei\u0161ka sa za\u010d\u00edna u\u017e adventom a\u00a0pr\u00edcho-dom sv\u00e4t\u00e9ho Mikul\u00e1\u0161a. Bola streda a\u00a0v\u00a0kaplnke Najsv\u00e4tej\u0161ej Trojice sa\u00a0konala pravideln\u00e1 detsk\u00e1 sv\u00e4t\u00e1 om\u0161a. T\u00e1to v\u0161ak bola nie\u010d\u00edm v\u00fdnimo\u010dn\u00e1 \u2013 deti\u010dky nav\u0161t\u00edvil sv. Mikul\u00e1\u0161. Po sv\u00e4tej om\u0161i odznelo nieko\u013eko tradi\u010dn\u00fdch mikul\u00e1\u0161skych r\u00fdmova\u010diek, deti\u010dky si odniesli \u0161tedr\u00e9 bal\u00ed\u010dky pln\u00e9 sladk\u00fdch dobr\u00f4t a\u00a0sv. Mikul\u00e1\u0161 nezabudol ani na dospel\u00fdch, ktor\u00fdm pripravil hor\u00faci pun\u010d a\u00a0\u010daj.<\/p>\n<p><a href=\"https:\/\/photos.app.goo.gl\/RW71J8ZUJRzyfg8P2\" target=\"_blank\" rel=\"noopener noreferrer\">Fotky<\/a>\t\t\t\t<\/p>\n","protected":false},"excerpt":{"rendered":"<p>December je mesiac pln\u00fd radost\u00ed a\u00a0prekvapen\u00ed nielen pre dospel\u00fdch, ale hlavne pre deti.<\/p>\n","protected":false},"author":1,"featured_media":3397,"comment_status":"closed","ping_status":"closed","sticky":false,"template":"","format":"standard","meta":{"footnotes":""},"categories":[4,6],"tags":[22,24],"class_list":{"0":"entry","1":"post","2":"publish","3":"author-marian-jasenoveceltras-sk","4":"has-excerpt","5":"has-more-link","6":"post-3396","8":"format-standard","9":"has-post-thumbnail","10":"category-akcie","11":"category-aktuality-sk","12":"post_tag-akcie","13":"post_tag-aktuality"},"_links":{"self":[{"href":"https:\/\/www.farakostolna.sk\/index.php?rest_route=\/wp\/v2\/posts\/3396","targetHints":{"allow":["GET"]}}],"collection":[{"href":"https:\/\/www.farakostolna.sk\/index.php?rest_route=\/wp\/v2\/posts"}],"about":[{"href":"https:\/\/www.farakostolna.sk\/index.php?rest_route=\/wp\/v2\/types\/post"}],"author":[{"embeddable":true,"href":"https:\/\/www.farakostolna.sk\/index.php?rest_route=\/wp\/v2\/users\/1"}],"replies":[{"embeddable":true,"href":"https:\/\/www.farakostolna.sk\/index.php?rest_route=%2Fwp%2Fv2%2Fcomments&post=3396"}],"version-history":[{"count":0,"href":"https:\/\/www.farakostolna.sk\/index.php?rest_route=\/wp\/v2\/posts\/3396\/revisions"}],"wp:featuredmedia":[{"embeddable":true,"href":"https:\/\/www.farakostolna.sk\/index.php?rest_route=\/"}],"wp:attachment":[{"href":"https:\/\/www.farakostolna.sk\/index.php?rest_route=%2Fwp%2Fv2%2Fmedia&parent=3396"}],"wp:term":[{"taxonomy":"category","embeddable":true,"href":"https:\/\/www.farakostolna.sk\/index.php?rest_route=%2Fwp%2Fv2%2Fcategories&post=3396"},{"taxonomy":"post_tag","embeddable":true,"href":"https:\/\/www.farakostolna.sk\/index.php?rest_route=%2Fwp%2Fv2%2Ftags&post=3396"}],"curies":[{"name":"wp","href":"https:\/\/api.w.org\/{rel}","templated":true}]}}