{"id":3390,"date":"2017-12-09T11:14:16","date_gmt":"2017-12-09T11:14:16","guid":{"rendered":"http:\/\/kostolna.fara.sk\/?p=3390"},"modified":"2017-12-09T11:14:16","modified_gmt":"2017-12-09T11:14:16","slug":"duchovna-obnova-seniorov","status":"publish","type":"post","link":"https:\/\/www.farakostolna.sk\/?p=3390","title":{"rendered":"Duchovn\u00e1 obnova seniorov"},"content":{"rendered":"<p>\t\t\t\t<a href=\"http:\/\/kostolna.fara.sk\/duchovna-obnova-seniorov\/img_0005-3\/\" rel=\"attachment wp-att-3391\"><img loading=\"lazy\" decoding=\"async\" class=\"size-medium wp-image-3391 alignleft\" src=\"http:\/\/kostolna.fara.sk\/wp-content\/uploads\/2017\/12\/IMG_0005-300x225.jpg\" alt=\"\" width=\"300\" height=\"225\" \/><\/a>\u2003Aj v\u00a0tomto roku sa vz\u00e1jomnou spolupr\u00e1cou medzi\u00a0obecn\u00fdmi a\u00a0farsk\u00fdm \u00faradom podarilo \u00faspe\u0161ne zjednoti\u0165 De\u0148 seniorov s\u00a0duchovn\u00fdm programom \u2013 tentokr\u00e1t na t\u00e9mu \u201eSv\u00e4tci n\u00e1\u0161ho \u00fazemia\u201c v\u00a0podan\u00ed duchovn\u00e9ho otca Eugena Matusa.<!--more--><\/p>\n<p>Takmer 100 seniorov z\u00a0troch obc\u00ed bolo 16. novembra poho-sten\u00fdch chutn\u00fdm obedom v Kostolnej pri Dunaji, ktor\u00fd bol z \u010dasti hraden\u00fd Bratislavskou arcidiec\u00e9znou charitou. Nemal\u00e1 v\u010faka patr\u00ed aj obecn\u00fdm \u00faradom a \u010fal\u0161\u00edm sponzorom za ich \u00fastre-tovos\u0165 pri organizovan\u00ed a spolufinancovan\u00ed tejto akcie.<\/p>\n<p><a href=\"https:\/\/photos.app.goo.gl\/NOSEdGf9fleOVh7I3\" target=\"_blank\" rel=\"noopener noreferrer\">Fotky<\/a><\/p>\n<p align=\"right\"><i><b>PG<\/b><\/i><\/p>\n","protected":false},"excerpt":{"rendered":"<p>\u2003Aj v\u00a0tomto roku sa vz\u00e1jomnou spolupr\u00e1cou medzi\u00a0obecn\u00fdmi a\u00a0farsk\u00fdm \u00faradom podarilo \u00faspe\u0161ne zjednoti\u0165 De\u0148 seniorov s\u00a0duchovn\u00fdm programom \u2013 tentokr\u00e1t na t\u00e9mu \u201eSv\u00e4tci n\u00e1\u0161ho \u00fazemia\u201c v\u00a0podan\u00ed duchovn\u00e9ho otca Eugena Matusa.<\/p>\n","protected":false},"author":1,"featured_media":3391,"comment_status":"closed","ping_status":"closed","sticky":false,"template":"","format":"standard","meta":{"footnotes":""},"categories":[4,6],"tags":[22,24],"class_list":{"0":"entry","1":"post","2":"publish","3":"author-marian-jasenoveceltras-sk","4":"has-excerpt","5":"has-more-link","6":"post-3390","8":"format-standard","9":"has-post-thumbnail","10":"category-akcie","11":"category-aktuality-sk","12":"post_tag-akcie","13":"post_tag-aktuality"},"_links":{"self":[{"href":"https:\/\/www.farakostolna.sk\/index.php?rest_route=\/wp\/v2\/posts\/3390","targetHints":{"allow":["GET"]}}],"collection":[{"href":"https:\/\/www.farakostolna.sk\/index.php?rest_route=\/wp\/v2\/posts"}],"about":[{"href":"https:\/\/www.farakostolna.sk\/index.php?rest_route=\/wp\/v2\/types\/post"}],"author":[{"embeddable":true,"href":"https:\/\/www.farakostolna.sk\/index.php?rest_route=\/wp\/v2\/users\/1"}],"replies":[{"embeddable":true,"href":"https:\/\/www.farakostolna.sk\/index.php?rest_route=%2Fwp%2Fv2%2Fcomments&post=3390"}],"version-history":[{"count":0,"href":"https:\/\/www.farakostolna.sk\/index.php?rest_route=\/wp\/v2\/posts\/3390\/revisions"}],"wp:featuredmedia":[{"embeddable":true,"href":"https:\/\/www.farakostolna.sk\/index.php?rest_route=\/"}],"wp:attachment":[{"href":"https:\/\/www.farakostolna.sk\/index.php?rest_route=%2Fwp%2Fv2%2Fmedia&parent=3390"}],"wp:term":[{"taxonomy":"category","embeddable":true,"href":"https:\/\/www.farakostolna.sk\/index.php?rest_route=%2Fwp%2Fv2%2Fcategories&post=3390"},{"taxonomy":"post_tag","embeddable":true,"href":"https:\/\/www.farakostolna.sk\/index.php?rest_route=%2Fwp%2Fv2%2Ftags&post=3390"}],"curies":[{"name":"wp","href":"https:\/\/api.w.org\/{rel}","templated":true}]}}