{"id":3374,"date":"2017-11-05T18:43:02","date_gmt":"2017-11-05T18:43:02","guid":{"rendered":"http:\/\/kostolna.fara.sk\/?p=3374"},"modified":"2017-11-05T18:43:02","modified_gmt":"2017-11-05T18:43:02","slug":"oslava-vsetkych-svatych","status":"publish","type":"post","link":"https:\/\/www.farakostolna.sk\/?p=3374","title":{"rendered":"Oslava v\u0161etk\u00fdch Sv\u00e4t\u00fdch"},"content":{"rendered":"<p>\t\t\t\t<img loading=\"lazy\" decoding=\"async\" class=\"size-medium wp-image-3376 alignleft\" src=\"http:\/\/kostolna.fara.sk\/wp-content\/uploads\/2017\/11\/DSC05178-300x225.jpg\" alt=\"\" width=\"300\" height=\"225\" \/><\/p>\n<p>Oslava v\u0161etk\u00fdch sv\u00e4t\u00fdch<\/p>\n<p>V\u00a0stredu 1. novembra sa v\u00a0<span lang=\"sv-SE\">pastora<\/span><\/p>\n<p>nom centre stretli v\u0161etci sv\u00e4t\u00ed. A\u00a0niektor\u00ed z\u00a0n\u00e1s si vybran\u00fdch sv\u00e4t\u00fdch aj zahrali <span style=\"font-family: Arial Unicode MS, serif;\">&#x263a;<\/span><\/p>\n<p><!--more--><\/p>\n<p>Hne\u010f ako sme pri\u0161li bolo c\u00edti\u0165, akoby sme pri\u0161li do neba. V\u00edtala n\u00e1s Panna M\u00e1ria a\u00a0ostatn\u00fdch sme postupne spozn\u00e1vali a\u00a0odha\u013eovali. Pri\u0161li sv. Lucia, sv. Jozef, sv. J\u00e1n Pavol II., sv. Al\u017ebeta Uhorsk\u00e1, archaniel Michal aj Gabriel, sv. Peter, sv. don Bosco, sv. Titus Zeman a\u00a0mnoh\u00ed \u010fal\u0161\u00ed. Niektor\u00fdch sme poznali a\u00a0t\u00fdch, ktor\u00fdch sme nepoznali sme na oslave spoznali. Panna M\u00e1ria so sv. Luciou n\u00e1m potom urobili pestr\u00fd program. Vesel\u00fd kv\u00edz o\u00a0sv\u00e4t\u00fdch, rozpr\u00e1vka o\u00a0\u017eivote sv. Katar\u00edny, pesni<\/p>\n<p>ky a\u00a0ukazova<\/p>\n<p>ky pre deti&#8230; A\u00a0potom pri\u0161iel hlavn\u00fd bod programu \u2013 pri\u0161iel s\u00e1m P\u00e1n Je\u017ei\u0161. Deti mu zaspievali, zatancovali, spolu sa zahrali a\u00a0<span lang=\"it-IT\">zasmiali a<\/span>\u00a0potom nastala nebesk\u00e1 hostina a\u00a0z\u00e1bava. Odch\u00e1dzali sme s\u00a0pr\u00edjemn\u00fdm pocitom zo stretnutia s\u00a0mil\u00fdmi \u013eu\u010fmi, ale aj nov\u00fdmi vedomos\u0165ami o\u00a0\u017eivote r\u00f4znych sv\u00e4t\u00fdch.<\/p>\n<p>\u010eakujeme organiz\u00e1torom za kr\u00e1snu oslavu n\u00e1\u0161ho sviatku sv\u00e4t\u00fdch. Nie, toto nebol H<span lang=\"en-US\">alloween. <\/span>\u017diadne stra\u0161<span lang=\"da-DK\">idl<\/span>\u00e1, \u010d<span lang=\"en-US\">ary a<\/span>\u00a0stra\u0161enie. Ale atmosf\u00e9<span lang=\"pt-PT\">ra radosti a<\/span>\u00a0prijatia celkom ako v\u00a0naozajstnom nebi <span style=\"font-family: Arial Unicode MS, serif;\">&#x263a;<\/span><\/p>\n<p><a href=\"https:\/\/photos.app.goo.gl\/sKvPHKyuORH7GPHO2\" target=\"_blank\" rel=\"noopener noreferrer\">Fotoalbum<\/a><\/p>\n<p><a href=\"https:\/\/drive.google.com\/file\/d\/1BDkwozRLDH3IeqcTdnWHpx5ngcOMcLif\/view?usp=drive_web\">Video<\/a>\t\t\t\t<\/p>\n","protected":false},"excerpt":{"rendered":"<p>Oslava v\u0161etk\u00fdch sv\u00e4t\u00fdch V\u00a0stredu 1. novembra sa v\u00a0pastora nom centre stretli v\u0161etci sv\u00e4t\u00ed. A\u00a0niektor\u00ed z\u00a0n\u00e1s si vybran\u00fdch sv\u00e4t\u00fdch aj zahrali &#x263a;<\/p>\n","protected":false},"author":1,"featured_media":3376,"comment_status":"closed","ping_status":"closed","sticky":false,"template":"","format":"standard","meta":{"footnotes":""},"categories":[4,6],"tags":[22,24],"class_list":{"0":"entry","1":"post","2":"publish","3":"author-marian-jasenoveceltras-sk","4":"has-excerpt","5":"has-more-link","6":"post-3374","8":"format-standard","9":"has-post-thumbnail","10":"category-akcie","11":"category-aktuality-sk","12":"post_tag-akcie","13":"post_tag-aktuality"},"_links":{"self":[{"href":"https:\/\/www.farakostolna.sk\/index.php?rest_route=\/wp\/v2\/posts\/3374","targetHints":{"allow":["GET"]}}],"collection":[{"href":"https:\/\/www.farakostolna.sk\/index.php?rest_route=\/wp\/v2\/posts"}],"about":[{"href":"https:\/\/www.farakostolna.sk\/index.php?rest_route=\/wp\/v2\/types\/post"}],"author":[{"embeddable":true,"href":"https:\/\/www.farakostolna.sk\/index.php?rest_route=\/wp\/v2\/users\/1"}],"replies":[{"embeddable":true,"href":"https:\/\/www.farakostolna.sk\/index.php?rest_route=%2Fwp%2Fv2%2Fcomments&post=3374"}],"version-history":[{"count":0,"href":"https:\/\/www.farakostolna.sk\/index.php?rest_route=\/wp\/v2\/posts\/3374\/revisions"}],"wp:featuredmedia":[{"embeddable":true,"href":"https:\/\/www.farakostolna.sk\/index.php?rest_route=\/"}],"wp:attachment":[{"href":"https:\/\/www.farakostolna.sk\/index.php?rest_route=%2Fwp%2Fv2%2Fmedia&parent=3374"}],"wp:term":[{"taxonomy":"category","embeddable":true,"href":"https:\/\/www.farakostolna.sk\/index.php?rest_route=%2Fwp%2Fv2%2Fcategories&post=3374"},{"taxonomy":"post_tag","embeddable":true,"href":"https:\/\/www.farakostolna.sk\/index.php?rest_route=%2Fwp%2Fv2%2Ftags&post=3374"}],"curies":[{"name":"wp","href":"https:\/\/api.w.org\/{rel}","templated":true}]}}