{"id":3346,"date":"2017-10-08T11:32:13","date_gmt":"2017-10-08T11:32:13","guid":{"rendered":"http:\/\/kostolna.fara.sk\/?p=3346"},"modified":"2017-10-08T11:32:13","modified_gmt":"2017-10-08T11:32:13","slug":"kegyes-volt-az-idojaras-a-mariavolgyi-zarandoklokhoz","status":"publish","type":"post","link":"https:\/\/www.farakostolna.sk\/?p=3346","title":{"rendered":"Kegyes volt az id\u0151j\u00e1r\u00e1s a m\u00e1riav\u00f6lgyi zar\u00e1ndokl\u00f3khoz"},"content":{"rendered":"<p align=\"JUSTIFY\"><a href=\"http:\/\/kostolna.fara.sk\/kegyes-volt-az-idojaras-a-mariavolgyi-zarandoklokhoz\/p1120193\/\" rel=\"attachment wp-att-3347\"><img loading=\"lazy\" decoding=\"async\" class=\"size-medium wp-image-3347 alignleft\" src=\"http:\/\/kostolna.fara.sk\/wp-content\/uploads\/2017\/10\/P1120193-300x200.jpg\" alt=\"\" width=\"300\" height=\"200\" \/><\/a><span style=\"font-family: Times New Roman,serif;\"><span style=\"font-size: medium;\"><span style=\"font-size: large;\"><span lang=\"hu-HU\">\u00c9vr\u0151l \u00e9vre t\u00f6bben \u00e9s t\u00f6bben vesznek r\u00e9szt a Magyarok Nagyasszonya \u00fcnnepe alkalm\u00e1b\u00f3l meghirdetett m\u00e1riatali zar\u00e1ndoklaton. <!--more-->Az aut\u00f3buszok \u00e9s a szem\u00e9lyaut\u00f3k sz\u00e1m\u00e1b\u00f3l is kiindulva id\u00e9n is nagyon sok h\u00edv\u0151 l\u00e1togatott el a\u00a0Kis-K\u00e1rp\u00e1tok nyugati ny\u00falv\u00e1nyain\u00e1l fekv\u0151 \u0151si kegyhelyre. A v\u00f6lgybe \u00e9rve a h\u00edv\u0151k meglep\u0151dve tapasztalt\u00e1k, hogy a lourdesi barlang el\u0151tti t\u00e9r \u00e1t\u00e9p\u00edt\u00e9s alatt van, ez\u00e9rt a szentmise a templom, (amely 2011.j\u00falius 31-t\u0151l a bazilika minor nevet viseli) oldals\u00f3 bej\u00e1rat\u00e1n\u00e1l fel\u00e1ll\u00edtott emelv\u00e9nyr\u0151l lesz bemutatva. Az \u00faj helysz\u00edn kiv\u00e1laszt\u00e1sa, mint k\u00e9s\u0151bb tapasztaltuk, j\u00f3 d\u00f6nt\u00e9snek bizonyult, mert itt \u00e1rny\u00e9k volt, \u00e9s az id\u0151j\u00e1r\u00e1s, ami az es\u0151t illeti az eg\u00e9sz id\u0151 alatt kegyes volt a zar\u00e1ndokokhoz. Az \u00fcnnepi szentmise f\u0151celebr\u00e1nsa \u00e9s sz\u00f3noka Fazekas Zolt\u00e1n M\u00e1rton csornai premontrei ap\u00e1t volt aki besz\u00e9d\u00e9ben t\u00f6bbek k\u00f6z\u00f6tt utalt a m\u00e1rt\u00edr hal\u00e1lt halt Esterh\u00e1zy J\u00e1nosra \u00e9s M\u00e1rton \u00c1ron, erd\u00e9lyi katolikus p\u00fcsp\u00f6kre. A szentmise szok\u00e1sosan a himnuszok \u00e9s a Sz\u00f3zat el\u00e9nekl\u00e9s\u00e9vel \u00e9rt v\u00e9get. A h\u00edv\u0151k egy r\u00e9sze a szentmise el\u0151tt, de sokan voltak akik d\u00e9lut\u00e1n v\u00e9gezt\u00e9k el a keresztutat. <\/span><\/span><\/span><\/span><\/p>\n<p align=\"JUSTIFY\"><a href=\"https:\/\/photos.app.goo.gl\/GWgCnBbrTFL32oTl1\" target=\"_blank\" rel=\"noopener noreferrer\">Foto:<\/a><\/p>\n<p align=\"JUSTIFY\"><span style=\"font-family: Times New Roman,serif;\"><span style=\"font-size: medium;\"><span style=\"font-size: large;\"><span lang=\"hu-HU\">\/dr\/<\/span><\/span><\/span><\/span><\/p>\n","protected":false},"excerpt":{"rendered":"<p>\u00c9vr\u0151l \u00e9vre t\u00f6bben \u00e9s t\u00f6bben vesznek r\u00e9szt a Magyarok Nagyasszonya \u00fcnnepe alkalm\u00e1b\u00f3l meghirdetett m\u00e1riatali zar\u00e1ndoklaton.<\/p>\n","protected":false},"author":1,"featured_media":3347,"comment_status":"closed","ping_status":"closed","sticky":false,"template":"","format":"standard","meta":{"footnotes":""},"categories":[6,14],"tags":[24,32],"class_list":{"0":"entry","1":"post","2":"publish","3":"author-marian-jasenoveceltras-sk","4":"has-excerpt","5":"has-more-link","6":"post-3346","8":"format-standard","9":"has-post-thumbnail","10":"category-aktuality-sk","11":"category-put","12":"post_tag-aktuality","13":"post_tag-put"},"_links":{"self":[{"href":"https:\/\/www.farakostolna.sk\/index.php?rest_route=\/wp\/v2\/posts\/3346","targetHints":{"allow":["GET"]}}],"collection":[{"href":"https:\/\/www.farakostolna.sk\/index.php?rest_route=\/wp\/v2\/posts"}],"about":[{"href":"https:\/\/www.farakostolna.sk\/index.php?rest_route=\/wp\/v2\/types\/post"}],"author":[{"embeddable":true,"href":"https:\/\/www.farakostolna.sk\/index.php?rest_route=\/wp\/v2\/users\/1"}],"replies":[{"embeddable":true,"href":"https:\/\/www.farakostolna.sk\/index.php?rest_route=%2Fwp%2Fv2%2Fcomments&post=3346"}],"version-history":[{"count":0,"href":"https:\/\/www.farakostolna.sk\/index.php?rest_route=\/wp\/v2\/posts\/3346\/revisions"}],"wp:featuredmedia":[{"embeddable":true,"href":"https:\/\/www.farakostolna.sk\/index.php?rest_route=\/"}],"wp:attachment":[{"href":"https:\/\/www.farakostolna.sk\/index.php?rest_route=%2Fwp%2Fv2%2Fmedia&parent=3346"}],"wp:term":[{"taxonomy":"category","embeddable":true,"href":"https:\/\/www.farakostolna.sk\/index.php?rest_route=%2Fwp%2Fv2%2Fcategories&post=3346"},{"taxonomy":"post_tag","embeddable":true,"href":"https:\/\/www.farakostolna.sk\/index.php?rest_route=%2Fwp%2Fv2%2Ftags&post=3346"}],"curies":[{"name":"wp","href":"https:\/\/api.w.org\/{rel}","templated":true}]}}