{"id":3342,"date":"2017-10-15T10:33:53","date_gmt":"2017-10-15T10:33:53","guid":{"rendered":"http:\/\/kostolna.fara.sk\/?p=3342"},"modified":"2017-10-15T10:33:53","modified_gmt":"2017-10-15T10:33:53","slug":"farska-put-na-moravu","status":"publish","type":"post","link":"https:\/\/www.farakostolna.sk\/?p=3342","title":{"rendered":"Farsk\u00e1 p\u00fa\u0165 na Moravu \/ Morva Zar\u00e1ndoklat"},"content":{"rendered":"<p lang=\"en-US\"><span lang=\"sk-SK\"> <a href=\"http:\/\/kostolna.fara.sk\/farska-put-na-moravu\/img_20171014_152400\/\" rel=\"attachment wp-att-3343\"><img loading=\"lazy\" decoding=\"async\" class=\"size-medium wp-image-3343 alignleft\" src=\"http:\/\/kostolna.fara.sk\/wp-content\/uploads\/2017\/10\/IMG_20171014_152400-300x168.jpg\" alt=\"\" width=\"300\" height=\"168\" \/><\/a>Na\u0161i farn\u00edci sa vybrali putova\u0165 na Moravu do susedn\u00fdch \u010ciech. <!--more--><\/span><span lang=\"sk-SK\">Nav\u0161t\u00edvili viacer\u00e9 chr\u00e1my v za pr\u00edtomnosti sprievodcov. Ve\u013emi dru\u017en\u00fa atmosf\u00e9ru podporila v\u00fdznamn\u00e1 udalos\u0165, ktor\u00e1 sa zhodou okolnost\u00ed konala v Olomouci. Touto udalos\u0165ou bola vysviacka dvoch biskupov. Po malom zdr\u00e1han\u00ed sa predsa len na\u0161i p\u00fatnici zachovali biblicky a neodmietli pozvanie na hostinu, ktor\u00e1 sa konala po sl\u00e1vnosti priamo pri katedr\u00e1le. <\/span><\/p>\n<p lang=\"sk-SK\">P\u00fa\u0165 k na\u0161im susedom, ktor\u00fa absolvovali 13. a 14. okt\u00f3bra bola pre v\u0161etk\u00fdch ve\u013ek\u00fdm povzbuden\u00edm a tie\u017e vedomostn\u00fdm obohaten\u00edm. Viacer\u00ed s\u00fa rozhodnut\u00ed si podobn\u00fa akciu zopakova\u0165.<\/p>\n<p lang=\"sk-SK\">M\u0160<\/p>\n<p lang=\"sk-SK\"><a href=\"https:\/\/photos.app.goo.gl\/znowLyKtD4yYntmg1\" target=\"_blank\" rel=\"noopener noreferrer\">Fotky<\/a><\/p>\n<p><span style=\"color: #000000;\">V\u00a0d\u0148och 13. \u2013 14. okt\u00f3bra 2017 sme sa z\u00a0na\u0161ej farnosti a\u00a0z\u00a0pobo\u010diek z\u00fa\u010dastnili p\u00fatnick\u00e9ho z\u00e1jazdu na Moravu. Autobus bol doplnen\u00fd aj p\u00fatnikmi z\u00a0Vrakune.<\/span><\/p>\n<p><span style=\"color: #000000;\">Trasa z\u00e1jazdu bola: Krom\u011b\u0159\u00ed\u017e \u2013 Svat\u00fd Host\u00fdn \u2013 Olomouc \u2013 Svat\u00fd Kope\u010dek.<\/span><\/p>\n<p><span style=\"color: #000000;\">Prv\u00e1 zast\u00e1vka bola v\u00a0meste Krom\u011b\u0159\u00ed\u017e, ktor\u00e9 pre mno\u017estvo architektonick\u00fdch pamiatok nesie n\u00e1zov Han\u00e1cke At\u00e9ny. Cenn\u00fd je Arcibiskupsk\u00fd z\u00e1mok, ktor\u00fd bol st\u00e1ro\u010dia reprezentat\u00edvnym s\u00eddlom olomouck\u00fdch biskupov a\u00a0arcibiskupov. Absolvovali sme prehliadku historick\u00fdch s\u00e1l z\u00e1mku. Komplex aj s\u00a0Kvetnou z\u00e1hradou je zap\u00edsan\u00fd na zozname UNESCO. Popoludn\u00ed bol odchod do Svat\u00e9ho Host\u00fdna, kde sa nach\u00e1dza Bazilika Nanebovzat\u00ed Panny M\u00e1rie. Nad hlavn\u00fdm olt\u00e1rom sa nach\u00e1dza socha Panny M\u00e1rie v\u00a0\u017eivotnej ve\u013ekosti s\u00a0Je\u017ei\u0161kom, ktor\u00fd met\u00e1 blesky ur\u010den\u00e9 Tat\u00e1rom, ktor\u00ed obliehali Moravu. V\u00a0roku 1241 tu boli porazen\u00ed. Po pr\u00edchode do Svat\u00e9ho Host\u00fdna sme mali sv\u00e4t\u00fa om\u0161u. Gitara, ktor\u00e1 sprev\u00e1dzala sv. om\u0161u dodala v\u00a0tejto prekr\u00e1snej bazilike neskuto\u010dn\u00fa atmosf\u00e9ru.<\/span><\/p>\n<p><span style=\"color: #000000;\">R\u00e1no o\u00a06:45 sme spolo\u010dne absolvovali Kr\u00ed\u017eov\u00fa cestu. Kr\u00ed\u017eov\u00e1 cesta v\u00a0n\u00e1s zanechala ve\u013emi hlbok\u00e9 z\u00e1\u017eitky. V\u00a0rannej rose, v\u00a0\u0161uchote jesenn\u00e9ho l\u00edstia, v\u00a0sprievode gitary to bolo neskuto\u010dn\u00e9.<\/span><\/p>\n<p><span style=\"color: #000000;\">Po ra\u0148ajk\u00e1ch bol odchod na \u010fal\u0161ie p\u00fatnick\u00e9 miesto Svat\u00fd Kope\u010dek pri Olomouci, kde sa nach\u00e1dza p\u00fatnick\u00fd chr\u00e1m Panny M\u00e1rie uctievan\u00fd ako Kr\u00e1\u013eovn\u00e1 Moravy. Chr\u00e1m bol v\u00a0r. 1995 pov\u00fd\u0161en\u00fd na \u201ebaziliku minor\u201c a\u00a0nav\u0161t\u00edvil ju aj Sv\u00e4t\u00fd otec J\u00e1n Pavol II. Sv\u00e4t\u00e1 om\u0161a bola o\u00a011.00 hod., ktor\u00fa n\u00e1m odsl\u00fa\u017eil n\u00e1\u0161 p\u00e1n far\u00e1r. Poobede bol odchod do Olomouca. Dominantou je D\u00f3m sv. V\u00e1clava a\u00a0St\u013ap Najsv\u00e4tej\u0161ej Trojice (UNESCO). Meria 32 m a\u00a0v\u00a0jeho spodnej \u010dasti sa nach\u00e1dza kaplnka.<\/span><\/p>\n<p><span style=\"color: #000000;\">St\u013ap m\u00e1 najv\u00e4\u010d\u0161ie zoskupenie s\u00f4ch v\u00a0r\u00e1mci jednej skulpt\u00fary v\u00a0strednej Eur\u00f3pe. V\u00a0bl\u00edzkosti je budova radnice, Orloj, Arcibiskupsk\u00fd pal\u00e1c a\u00a0me\u0161tianske domy \u2013 \u0161pi\u010dka eur\u00f3pskej architekt\u00fary.<\/span><\/p>\n<p><a name=\"_GoBack\"><\/a> <span style=\"color: #000000;\">Pr\u00e1ve 14.okt\u00f3bra v\u00a0katedr\u00e1le sv. V\u00e1clava sv\u00e4tili dvoch pomocn\u00fdch biskupov olomouckej arcidiec\u00e9zy. Ved\u013ea katedr\u00e1ly bolo agap\u00e9, kde n\u00e1s ve\u013emi srde\u010dne pozvali a\u00a0pohostili.<\/span><\/p>\n<p><span style=\"color: #000000;\">V\u00a0katedr\u00e1le sme mali tich\u00fa ador\u00e1ciu. O\u00a017.00 hod. bol odchod domov. Pani sprievodky\u0148a bola \u00fa\u017easn\u00e1. Po ceste domov n\u00e1m n\u00e1\u0161 p\u00e1n far\u00e1r vytvoril nezabudnute\u013en\u00fa atmosf\u00e9ru.<\/span><\/p>\n<p><span style=\"color: #000000;\">V\u00e1\u017een\u00fd p\u00e1n far\u00e1r. V\u00a0mene v\u0161etk\u00fdch p\u00fatnikov V\u00e1m \u010fakujeme za kr\u00e1sne chv\u00edle pre\u017eit\u00e9 na sv\u00e4t\u00fdch om\u0161iach. Duchom povzbuden\u00ed a\u00a0t\u00f3nmi Va\u0161ej gitary povznesen\u00ed sme sa \u0161\u0165astn\u00ed, spokojn\u00ed a\u00a0vesel\u00ed vr\u00e1tili do svojich domov.<\/span><\/p>\n<p><span style=\"color: #000000;\">P\u00e1n Boh zapla\u0165<\/span><\/p>\n<p><span style=\"color: #000000;\">Ot\u00edlia Slov\u00e1kov\u00e1<\/span><\/p>\n<p><span style=\"color: #000000;\">Kostoln\u00e1 pri Dunaji<\/span>\t\t\t\t<\/p>\n","protected":false},"excerpt":{"rendered":"<p>Na\u0161i farn\u00edci sa vybrali putova\u0165 na Moravu do susedn\u00fdch \u010ciech.<\/p>\n","protected":false},"author":1,"featured_media":3343,"comment_status":"closed","ping_status":"closed","sticky":false,"template":"","format":"standard","meta":{"footnotes":""},"categories":[4,6,14],"tags":[22,24,32],"class_list":{"0":"entry","1":"post","2":"publish","3":"author-marian-jasenoveceltras-sk","4":"has-excerpt","5":"has-more-link","6":"post-3342","8":"format-standard","9":"has-post-thumbnail","10":"category-akcie","11":"category-aktuality-sk","12":"category-put","13":"post_tag-akcie","14":"post_tag-aktuality","15":"post_tag-put"},"_links":{"self":[{"href":"https:\/\/www.farakostolna.sk\/index.php?rest_route=\/wp\/v2\/posts\/3342","targetHints":{"allow":["GET"]}}],"collection":[{"href":"https:\/\/www.farakostolna.sk\/index.php?rest_route=\/wp\/v2\/posts"}],"about":[{"href":"https:\/\/www.farakostolna.sk\/index.php?rest_route=\/wp\/v2\/types\/post"}],"author":[{"embeddable":true,"href":"https:\/\/www.farakostolna.sk\/index.php?rest_route=\/wp\/v2\/users\/1"}],"replies":[{"embeddable":true,"href":"https:\/\/www.farakostolna.sk\/index.php?rest_route=%2Fwp%2Fv2%2Fcomments&post=3342"}],"version-history":[{"count":0,"href":"https:\/\/www.farakostolna.sk\/index.php?rest_route=\/wp\/v2\/posts\/3342\/revisions"}],"wp:featuredmedia":[{"embeddable":true,"href":"https:\/\/www.farakostolna.sk\/index.php?rest_route=\/"}],"wp:attachment":[{"href":"https:\/\/www.farakostolna.sk\/index.php?rest_route=%2Fwp%2Fv2%2Fmedia&parent=3342"}],"wp:term":[{"taxonomy":"category","embeddable":true,"href":"https:\/\/www.farakostolna.sk\/index.php?rest_route=%2Fwp%2Fv2%2Fcategories&post=3342"},{"taxonomy":"post_tag","embeddable":true,"href":"https:\/\/www.farakostolna.sk\/index.php?rest_route=%2Fwp%2Fv2%2Ftags&post=3342"}],"curies":[{"name":"wp","href":"https:\/\/api.w.org\/{rel}","templated":true}]}}