{"id":3331,"date":"2017-10-10T21:06:30","date_gmt":"2017-10-10T21:06:30","guid":{"rendered":"http:\/\/kostolna.fara.sk\/?p=3331"},"modified":"2017-10-10T21:06:30","modified_gmt":"2017-10-10T21:06:30","slug":"farske-hody-4","status":"publish","type":"post","link":"https:\/\/www.farakostolna.sk\/?p=3331","title":{"rendered":"Farsk\u00e9 hody"},"content":{"rendered":"<p>\t\t\t\t<a href=\"http:\/\/kostolna.fara.sk\/farske-hody-4\/img_1359\/\" rel=\"attachment wp-att-3332\"><img loading=\"lazy\" decoding=\"async\" class=\"size-medium wp-image-3332 alignleft\" src=\"http:\/\/kostolna.fara.sk\/wp-content\/uploads\/2017\/10\/IMG_1359-300x225.jpg\" alt=\"\" width=\"300\" height=\"225\" \/><\/a>Tie ist\u00e9 a predsa in\u00e9. Tento rok bola oslava titulu n\u00e1\u0161ho farsk\u00e9ho kostola sprev\u00e1dzan\u00e1 dvomi novinkami. Po dlh\u00fdch rokoch bola sl\u00e1vnos\u0165 s obnoven\u00fdm presbyt\u00e9riom a prv\u00fdkr\u00e1t boli dve sv\u00e4t\u00e9 hodov\u00e9 om\u0161e. <!--more-->V ma\u010farskom jazyku bola doprev\u00e1dzan\u00e1 miestnou hudobnou skupinou <i>CRUX<\/i> a sv\u00e4t\u00e1 om\u0161a v slovenskom jazyku bola za doprovodu hos\u0165uj\u00faceho spevokolu <i>Nebesk\u00e1 rosa<\/i> z Kr\u00e1\u013eovej pri Senci. Obe om\u0161e sa niesli vo ve\u013emi sl\u00e1vnostnej atmosf\u00e9re umocnenej hojnou \u00fa\u010das\u0165ou a spolo\u010dn\u00fdm spevom v\u0161etk\u00fdch veriacich.<\/p>\n<p>Na slovenskej sl\u00e1vnosti hodov\u00fd kazate\u013e veriacich povzbudil k modlitbe posv\u00e4tn\u00e9ho ru\u017eenca na konkr\u00e9tnych pr\u00edkladoch zo svojej k\u0148azskej slu\u017eby. Uk\u00e1zal n\u00e1m, \u017ee t\u00e1to modlitba je st\u00e1le aktu\u00e1lna a je to na\u0161a najsilnej\u0161ia \u201ezbra\u0148\u201c, pomocou ktorej m\u00f4\u017eeme vyhra\u0165 nielen duchovn\u00e9, ale aj telesn\u00e9 boje, ke\u010f\u017ee vol\u00e1me P\u00e1na Je\u017ei\u0161a skrze jeho matku o pomoc.<\/p>\n<p>Po ka\u017edej bohoslu\u017ebe nasledovalo hodov\u00e9 agap\u00e9, ktor\u00e9 n\u00e1m pripravil n\u00e1\u0161 p\u00e1n far\u00e1r Pavol Gajdo\u0161 za pomoci niektor\u00fdch obetav\u00fdch farn\u00edkov. K typickej hodovej atmosf\u00e9re prispel a koloto\u010d s ve\u013ekou \u0161myk\u013eavkou, ktor\u00e9 boli priamo na farskom dvore.<\/p>\n<p><a href=\"https:\/\/photos.app.goo.gl\/4VRrFIM3HvlCMVvl1\" target=\"_blank\" rel=\"noopener noreferrer\">Fotky<\/a><\/p>\n<p align=\"RIGHT\"><i><b>Martin \u0160i\u0161ka,<\/b><\/i><\/p>\n<p align=\"RIGHT\"><i>Hrub\u00fd \u0160\u00far<\/i><\/p>\n","protected":false},"excerpt":{"rendered":"<p>Tie ist\u00e9 a predsa in\u00e9. Tento rok bola oslava titulu n\u00e1\u0161ho farsk\u00e9ho kostola sprev\u00e1dzan\u00e1 dvomi novinkami. Po dlh\u00fdch rokoch bola sl\u00e1vnos\u0165 s obnoven\u00fdm presbyt\u00e9riom a prv\u00fdkr\u00e1t boli dve sv\u00e4t\u00e9 hodov\u00e9 om\u0161e.<\/p>\n","protected":false},"author":1,"featured_media":3332,"comment_status":"closed","ping_status":"closed","sticky":false,"template":"","format":"standard","meta":{"footnotes":""},"categories":[4,6],"tags":[22,24],"class_list":{"0":"entry","1":"post","2":"publish","3":"author-marian-jasenoveceltras-sk","4":"has-excerpt","5":"has-more-link","6":"post-3331","8":"format-standard","9":"has-post-thumbnail","10":"category-akcie","11":"category-aktuality-sk","12":"post_tag-akcie","13":"post_tag-aktuality"},"_links":{"self":[{"href":"https:\/\/www.farakostolna.sk\/index.php?rest_route=\/wp\/v2\/posts\/3331","targetHints":{"allow":["GET"]}}],"collection":[{"href":"https:\/\/www.farakostolna.sk\/index.php?rest_route=\/wp\/v2\/posts"}],"about":[{"href":"https:\/\/www.farakostolna.sk\/index.php?rest_route=\/wp\/v2\/types\/post"}],"author":[{"embeddable":true,"href":"https:\/\/www.farakostolna.sk\/index.php?rest_route=\/wp\/v2\/users\/1"}],"replies":[{"embeddable":true,"href":"https:\/\/www.farakostolna.sk\/index.php?rest_route=%2Fwp%2Fv2%2Fcomments&post=3331"}],"version-history":[{"count":0,"href":"https:\/\/www.farakostolna.sk\/index.php?rest_route=\/wp\/v2\/posts\/3331\/revisions"}],"wp:featuredmedia":[{"embeddable":true,"href":"https:\/\/www.farakostolna.sk\/index.php?rest_route=\/"}],"wp:attachment":[{"href":"https:\/\/www.farakostolna.sk\/index.php?rest_route=%2Fwp%2Fv2%2Fmedia&parent=3331"}],"wp:term":[{"taxonomy":"category","embeddable":true,"href":"https:\/\/www.farakostolna.sk\/index.php?rest_route=%2Fwp%2Fv2%2Fcategories&post=3331"},{"taxonomy":"post_tag","embeddable":true,"href":"https:\/\/www.farakostolna.sk\/index.php?rest_route=%2Fwp%2Fv2%2Ftags&post=3331"}],"curies":[{"name":"wp","href":"https:\/\/api.w.org\/{rel}","templated":true}]}}